{"id":11495,"date":"2016-04-15T17:34:47","date_gmt":"2016-04-15T15:34:47","guid":{"rendered":"http:\/\/www.conselharan.org\/ca\/?p=11495"},"modified":"2016-04-15T17:34:47","modified_gmt":"2016-04-15T15:34:47","slug":"la-val-daran-participa-en-la-25ena-edicio-de-la-fira-btravel-a-barcelona","status":"publish","type":"post","link":"https:\/\/www.conselharan.org\/ca\/la-val-daran-participa-en-la-25ena-edicio-de-la-fira-btravel-a-barcelona\/","title":{"rendered":"La Val d&#8217;Aran participa en la 25ena edici\u00f3 de la fira BTravel a Barcelona"},"content":{"rendered":"<p>Vielha 15 d&#8217;abril de 2016 &#8211; La <strong>Val d&#8217;Aran <\/strong>est\u00e0 present a partir d&#8217;avui fins al diumenge 17 d&#8217;abril a la fira <strong>BTravel<\/strong>, antic Sal\u00f3 Internacional de Turisme a Catalunya, que se celebra al recinte de Montju\u00efc de Fira de Barcelona .<\/p>\n<p>En aquesta nova edici\u00f3 hi participen prop de 50 pa\u00efsos de tot el m\u00f3n i compta amb m\u00e9s de 200 expositors que presenten una \u00e0mplia oferta tur\u00edstica dividida en 5 \u00e0mbits; Propostes en fam\u00edlia i escapades wellness, culturals i hist\u00f2riques, turisme de compres i luxe, esportives, rurals i d&#8217;aventura i com a novetat en aquesta edici\u00f3, propostes gastron\u00f2miques i enol\u00f2giques.<\/p>\n<p><a href=\"http:\/\/www.conselharan.org\/wp-content\/uploads\/2016\/04\/IMG_1444.jpg\"><img loading=\"lazy\" decoding=\"async\" class=\"aligncenter size-large wp-image-11492\" src=\"http:\/\/www.conselharan.org\/wp-content\/uploads\/2016\/04\/IMG_1444-1024x576.jpg\" alt=\"IMG_1444\" width=\"1024\" height=\"576\" srcset=\"https:\/\/www.conselharan.org\/wp-content\/uploads\/2016\/04\/IMG_1444-1024x576.jpg 1024w, https:\/\/www.conselharan.org\/wp-content\/uploads\/2016\/04\/IMG_1444-300x169.jpg 300w, https:\/\/www.conselharan.org\/wp-content\/uploads\/2016\/04\/IMG_1444.jpg 1328w\" sizes=\"(max-width: 1024px) 100vw, 1024px\" \/><\/a><\/p>\n<p>La participaci\u00f3 de Foment Torisme Val d&#8217;Aran a BTravel est\u00e0 englobada en la seva estrat\u00e8gia de potenciaci\u00f3 del turisme d&#8217;aventura, esportiu, rural, i familiar, amb l&#8217;objectiu de presentar i promocionar totes les ofertes tur\u00edstiques que atresora la Val d&#8217;Aran.<\/p>\n<p>La conselh\u00e8ra de Turisme i desenvolupament econ\u00f2mic del Conselh Generau d&#8217;Aran, <strong>Anna D\u00edaz<\/strong>, ha assenyalat que <em>&#8220;Des de Foment Torisme Val d&#8217;Aran ens hem centrat a potenciar tota la nostra oferta fora de la temporada hivernal estant presents en diverses fires especialitzades en el sector tur\u00edstic familiar, esportiu i d&#8217;aventura &#8220;.<\/em><\/p>\n<p>D&#8217;altra banda, la Val d&#8217;Aran tamb\u00e9 assistir\u00e0 al &#8220;<strong>Mercat d&#8217;Escapades 2016<\/strong>&#8220;, del 6 al 8 de maig, organitzat per l&#8217;Ag\u00e8ncia Catalana de Turisme, una fira especialitzada en vacances familiars, natura, cultura i esports. Segons destaca D\u00edaz, <em>&#8220;volem estar presents fires d&#8217;aquest sector i augmentant la promoci\u00f3 al p\u00fablic catal\u00e0 que \u00e9s dels m\u00e9s importants que visita la Val d&#8217;Aran&#8221;.<\/em><\/p>\n<p><a href=\"http:\/\/www.conselharan.org\/wp-content\/uploads\/2016\/04\/IMG_1446.jpg\"><img loading=\"lazy\" decoding=\"async\" class=\"aligncenter size-large wp-image-11493\" src=\"http:\/\/www.conselharan.org\/wp-content\/uploads\/2016\/04\/IMG_1446-1024x576.jpg\" alt=\"IMG_1446\" width=\"1024\" height=\"576\" srcset=\"https:\/\/www.conselharan.org\/wp-content\/uploads\/2016\/04\/IMG_1446-1024x576.jpg 1024w, https:\/\/www.conselharan.org\/wp-content\/uploads\/2016\/04\/IMG_1446-300x169.jpg 300w, https:\/\/www.conselharan.org\/wp-content\/uploads\/2016\/04\/IMG_1446.jpg 1328w\" sizes=\"(max-width: 1024px) 100vw, 1024px\" \/><\/a><\/p>\n ","protected":false},"excerpt":{"rendered":"<p>Vielha 15 d&#8217;abril de 2016 &#8211; La Val d&#8217;Aran est\u00e0 present a partir d&#8217;avui fins al diumenge 17 d&#8217;abril a la fira BTravel, antic Sal\u00f3 Internacional de Turisme a Catalunya, que se celebra al recinte de Montju\u00efc de Fira de Barcelona . En aquesta nova edici\u00f3 hi participen prop de 50 pa\u00efsos de tot el&#8230;<\/p>\n","protected":false},"author":2,"featured_media":11493,"comment_status":"closed","ping_status":"closed","sticky":false,"template":"","format":"standard","meta":{"footnotes":""},"categories":[53],"tags":[],"_links":{"self":[{"href":"https:\/\/www.conselharan.org\/ca\/wp-json\/wp\/v2\/posts\/11495"}],"collection":[{"href":"https:\/\/www.conselharan.org\/ca\/wp-json\/wp\/v2\/posts"}],"about":[{"href":"https:\/\/www.conselharan.org\/ca\/wp-json\/wp\/v2\/types\/post"}],"author":[{"embeddable":true,"href":"https:\/\/www.conselharan.org\/ca\/wp-json\/wp\/v2\/users\/2"}],"replies":[{"embeddable":true,"href":"https:\/\/www.conselharan.org\/ca\/wp-json\/wp\/v2\/comments?post=11495"}],"version-history":[{"count":1,"href":"https:\/\/www.conselharan.org\/ca\/wp-json\/wp\/v2\/posts\/11495\/revisions"}],"predecessor-version":[{"id":11496,"href":"https:\/\/www.conselharan.org\/ca\/wp-json\/wp\/v2\/posts\/11495\/revisions\/11496"}],"wp:featuredmedia":[{"embeddable":true,"href":"https:\/\/www.conselharan.org\/ca\/wp-json\/wp\/v2\/media\/11493"}],"wp:attachment":[{"href":"https:\/\/www.conselharan.org\/ca\/wp-json\/wp\/v2\/media?parent=11495"}],"wp:term":[{"taxonomy":"category","embeddable":true,"href":"https:\/\/www.conselharan.org\/ca\/wp-json\/wp\/v2\/categories?post=11495"},{"taxonomy":"post_tag","embeddable":true,"href":"https:\/\/www.conselharan.org\/ca\/wp-json\/wp\/v2\/tags?post=11495"}],"curies":[{"name":"wp","href":"https:\/\/api.w.org\/{rel}","templated":true}]}}