{"id":11506,"date":"2016-04-15T18:28:38","date_gmt":"2016-04-15T16:28:38","guid":{"rendered":"http:\/\/www.conselharan.org\/ca\/?p=11506"},"modified":"2016-04-19T18:22:13","modified_gmt":"2016-04-19T16:22:13","slug":"el-govern-daran-proposa-als-ajuntaments-un-pla-per-la-neteja-de-pistes-forestals-i-la-regeneracio-natural-dels-boscos","status":"publish","type":"post","link":"https:\/\/www.conselharan.org\/ca\/el-govern-daran-proposa-als-ajuntaments-un-pla-per-la-neteja-de-pistes-forestals-i-la-regeneracio-natural-dels-boscos\/","title":{"rendered":"El Gov\u00e8rn d\u2019Aran proposa als ajuntaments un Pla per la neteja de pistes forestals i la regeneraci\u00f3 natural dels boscos"},"content":{"rendered":"<p>Vielha, 15 d\u2019abril de 2016.- El s\u00edndic d\u2019Aran <strong>Carlos Barrera<\/strong>, ha proposat als ajuntaments de la Val d\u2019Aran un conveni de col\u00b7laboraci\u00f3 entre el <strong>Conselh Generau d\u2019Aran <\/strong>i els propis ajuntaments per a la neteja de les vores de pistes forestals i la regeneraci\u00f3 natural dels boscos, amb l\u2019objectiu de produir estella per a la producci\u00f3 de biomassa, per tal que el Conselh Generau d\u2019Aran com a administraci\u00f3 forestal pugui realitzar els treballs de neteja i regeneraci\u00f3 dels boscos propietat dels ajuntaments. A la Val d\u2019Aran, hi ha prop de 400 Kms de pistes forestals, dels quals 164 kms passen per masses arbrades de les muntanyes.<\/p>\n<p><a href=\"http:\/\/www.conselharan.org\/wp-content\/uploads\/2016\/04\/IMG_1397-002.jpg\"><img loading=\"lazy\" decoding=\"async\" class=\"aligncenter size-large wp-image-11503\" src=\"http:\/\/www.conselharan.org\/wp-content\/uploads\/2016\/04\/IMG_1397-002-1024x768.jpg\" alt=\"IMG_1397-002\" width=\"1024\" height=\"768\" srcset=\"https:\/\/www.conselharan.org\/wp-content\/uploads\/2016\/04\/IMG_1397-002-1024x768.jpg 1024w, https:\/\/www.conselharan.org\/wp-content\/uploads\/2016\/04\/IMG_1397-002-300x225.jpg 300w\" sizes=\"(max-width: 1024px) 100vw, 1024px\" \/><\/a><\/p>\n<p>El s\u00edndic d\u2019Aran, Carlos Barrera, ha explicat que <strong><em>\u201cavui en dia, l\u2019elevat cost econ\u00f2mic de l\u2019extracci\u00f3 de la fusta en \u00e0rees d\u2019alta muntanya, fa que aquesta activitat hagi esdevingut testimonial. A la Val d\u2019Aran, s\u2019acumulen cada any m\u00e9s de 20.000 m<\/em><\/strong><strong><em>\u1d4c<\/em><\/strong><strong><em> de fusta, dels que se\u2019n extreuen menys de 3.000 m<\/em><\/strong><strong><em>\u1d4c<\/em><\/strong><strong><em>. L\u2019extracci\u00f3 de fusta no maderable i la possibilitat de convertir-la en biomassa (estella i pellet), serviria per apaivagar els costos de l\u2019extracci\u00f3 i de la neteja dels camins forestals i dels boscos\u201d. <\/em><\/strong><\/p>\n<p>Amb aquesta iniciativa, el Gov\u00e8rn d\u2019Aran tamb\u00e9 es compromet a la instal\u00b7laci\u00f3 de calderes de biomassa per tal que la m\u00e0xima quantitat possible de biomassa produ\u00efda a la Val d\u2019Aran, hi sigui tamb\u00e9 consumida, i a la vegada intentar fomentar que empreses de la Val d\u2019Aran es puguin dedicar en un futur a la producci\u00f3 de biomassa.<\/p>\n<p>Amb la neteja forestal, s\u2019evita a m\u00e9s l\u2019envelliment dels boscos i que els arbres tinguin bona salut.<\/p>\n<p>Els ajuntaments de la Val d\u2019Aran, seran els encarregats de comunicar al Conselh Generau d\u2019Aran les zones a netejar.<\/p>\n<p>&nbsp;<\/p>\n<p><a href=\"http:\/\/www.conselharan.org\/wp-content\/uploads\/2016\/04\/IMG_1401-001.jpg\"><img loading=\"lazy\" decoding=\"async\" class=\"aligncenter size-large wp-image-11504\" src=\"http:\/\/www.conselharan.org\/wp-content\/uploads\/2016\/04\/IMG_1401-001-1024x768.jpg\" alt=\"IMG_1401-001\" width=\"1024\" height=\"768\" srcset=\"https:\/\/www.conselharan.org\/wp-content\/uploads\/2016\/04\/IMG_1401-001-1024x768.jpg 1024w, https:\/\/www.conselharan.org\/wp-content\/uploads\/2016\/04\/IMG_1401-001-300x225.jpg 300w\" sizes=\"(max-width: 1024px) 100vw, 1024px\" \/><\/a><\/p>\n<p>&nbsp;<\/p>\n<p>&nbsp;<\/p>\n ","protected":false},"excerpt":{"rendered":"<p>Vielha, 15 d\u2019abril de 2016.- El s\u00edndic d\u2019Aran Carlos Barrera, ha proposat als ajuntaments de la Val d\u2019Aran un conveni de col\u00b7laboraci\u00f3 entre el Conselh Generau d\u2019Aran i els propis ajuntaments per a la neteja de les vores de pistes forestals i la regeneraci\u00f3 natural dels boscos, amb l\u2019objectiu de produir estella per a la&#8230;<\/p>\n","protected":false},"author":2,"featured_media":11503,"comment_status":"closed","ping_status":"closed","sticky":false,"template":"","format":"standard","meta":{"footnotes":""},"categories":[53],"tags":[],"_links":{"self":[{"href":"https:\/\/www.conselharan.org\/ca\/wp-json\/wp\/v2\/posts\/11506"}],"collection":[{"href":"https:\/\/www.conselharan.org\/ca\/wp-json\/wp\/v2\/posts"}],"about":[{"href":"https:\/\/www.conselharan.org\/ca\/wp-json\/wp\/v2\/types\/post"}],"author":[{"embeddable":true,"href":"https:\/\/www.conselharan.org\/ca\/wp-json\/wp\/v2\/users\/2"}],"replies":[{"embeddable":true,"href":"https:\/\/www.conselharan.org\/ca\/wp-json\/wp\/v2\/comments?post=11506"}],"version-history":[{"count":3,"href":"https:\/\/www.conselharan.org\/ca\/wp-json\/wp\/v2\/posts\/11506\/revisions"}],"predecessor-version":[{"id":11548,"href":"https:\/\/www.conselharan.org\/ca\/wp-json\/wp\/v2\/posts\/11506\/revisions\/11548"}],"wp:featuredmedia":[{"embeddable":true,"href":"https:\/\/www.conselharan.org\/ca\/wp-json\/wp\/v2\/media\/11503"}],"wp:attachment":[{"href":"https:\/\/www.conselharan.org\/ca\/wp-json\/wp\/v2\/media?parent=11506"}],"wp:term":[{"taxonomy":"category","embeddable":true,"href":"https:\/\/www.conselharan.org\/ca\/wp-json\/wp\/v2\/categories?post=11506"},{"taxonomy":"post_tag","embeddable":true,"href":"https:\/\/www.conselharan.org\/ca\/wp-json\/wp\/v2\/tags?post=11506"}],"curies":[{"name":"wp","href":"https:\/\/api.w.org\/{rel}","templated":true}]}}