{"id":11516,"date":"2016-04-15T18:38:08","date_gmt":"2016-04-15T16:38:08","guid":{"rendered":"http:\/\/www.conselharan.org\/ca\/?p=11516"},"modified":"2016-04-16T17:00:50","modified_gmt":"2016-04-16T15:00:50","slug":"el-conselh-generau-daran-participa-a-la-viii-trobada-de-fallaires-del-pirineu","status":"publish","type":"post","link":"https:\/\/www.conselharan.org\/ca\/el-conselh-generau-daran-participa-a-la-viii-trobada-de-fallaires-del-pirineu\/","title":{"rendered":"El Conselh Generau d\u2019Aran participa a la VIII Trobada de Fallaires del Pirineu"},"content":{"rendered":"<p>Vielha, 15 d\u2019abril de 2016.- Els representants del <strong>Conselh Generau d\u2019Aran<\/strong>, participaran aquest cap de setmana a la VIII Trobada de Fallaires del Pirineu que es celebra a Andorra la Vella.<\/p>\n<p>Durant la Trobada, es celebraran tot un seguit d\u2019actes i activitats vinculats a l\u2019activitat fallaire, com la Taula Rodona : <strong>\u201cI despr\u00e9s de la UNESCO&#8230; Qu\u00e8?\u201d<\/strong> a c\u00e0rrec dels representants de la Vall de Madriu-Perafita-Claror, del Cant dela Sibil\u00b7la de La Seu d\u2019Urgell, de la Coordinadora Catalana de Colles<\/p>\n<p>Castelleres, de La Patum de Berga, del rom\u00e0nic de la Vall de Bo\u00ed i de Les\u00a0festes del foc del solstici d\u2019estiu als Pirineus. La Taula Rodona tindr\u00e0 lloc a la Sala d\u2019Actes del Centre Cultural La Llacuna.<\/p>\n<p>La trobada comen\u00e7ar\u00e0 dissabte al mat\u00ed, amb la reuni\u00f3 del Comit\u00e8 T\u00e8cnic, i a la tarda la recepci\u00f3 dels participants, a c\u00e0rrec del S\u00edndic General de les Valls d\u2019Andorra, Vicen\u00e7 Mateu Zamora i a continuaci\u00f3 una\u00a0 visita al Consell General, per acabar la jornada de dissabte amb un concert de l\u2019Orfe\u00f3 Andorr\u00e0.<\/p>\n<p>El diumenge a les 11:00 del mat\u00ed,\u00a0 es celebrar\u00e0 la festa de cultura popular del Principat d\u2019Andorra a c\u00e0rrec de les entitats de cultura popular del Principat, a la Pla\u00e7a Guillem\u00f3.<\/p>\n<p><a href=\"http:\/\/www.conselharan.org\/wp-content\/uploads\/2016\/04\/IMG_0287.jpg\"><img loading=\"lazy\" decoding=\"async\" class=\"aligncenter size-large wp-image-11521\" src=\"http:\/\/www.conselharan.org\/wp-content\/uploads\/2016\/04\/IMG_0287-1024x683.jpg\" alt=\"IMG_0287\" width=\"1024\" height=\"683\" srcset=\"https:\/\/www.conselharan.org\/wp-content\/uploads\/2016\/04\/IMG_0287-1024x683.jpg 1024w, https:\/\/www.conselharan.org\/wp-content\/uploads\/2016\/04\/IMG_0287-300x200.jpg 300w\" sizes=\"(max-width: 1024px) 100vw, 1024px\" \/><\/a> <a href=\"http:\/\/www.conselharan.org\/wp-content\/uploads\/2016\/04\/IMG_0288.jpg\"><img loading=\"lazy\" decoding=\"async\" class=\"aligncenter size-large wp-image-11522\" src=\"http:\/\/www.conselharan.org\/wp-content\/uploads\/2016\/04\/IMG_0288-1024x683.jpg\" alt=\"IMG_0288\" width=\"1024\" height=\"683\" srcset=\"https:\/\/www.conselharan.org\/wp-content\/uploads\/2016\/04\/IMG_0288-1024x683.jpg 1024w, https:\/\/www.conselharan.org\/wp-content\/uploads\/2016\/04\/IMG_0288-300x200.jpg 300w\" sizes=\"(max-width: 1024px) 100vw, 1024px\" \/><\/a> <a href=\"http:\/\/www.conselharan.org\/wp-content\/uploads\/2016\/04\/IMG_0289.jpg\"><img loading=\"lazy\" decoding=\"async\" class=\"aligncenter size-large wp-image-11523\" src=\"http:\/\/www.conselharan.org\/wp-content\/uploads\/2016\/04\/IMG_0289-1024x683.jpg\" alt=\"IMG_0289\" width=\"1024\" height=\"683\" srcset=\"https:\/\/www.conselharan.org\/wp-content\/uploads\/2016\/04\/IMG_0289-1024x683.jpg 1024w, https:\/\/www.conselharan.org\/wp-content\/uploads\/2016\/04\/IMG_0289-300x200.jpg 300w\" sizes=\"(max-width: 1024px) 100vw, 1024px\" \/><\/a><\/p>\n ","protected":false},"excerpt":{"rendered":"<p>Vielha, 15 d\u2019abril de 2016.- Els representants del Conselh Generau d\u2019Aran, participaran aquest cap de setmana a la VIII Trobada de Fallaires del Pirineu que es celebra a Andorra la Vella. Durant la Trobada, es celebraran tot un seguit d\u2019actes i activitats vinculats a l\u2019activitat fallaire, com la Taula Rodona : \u201cI despr\u00e9s de la&#8230;<\/p>\n","protected":false},"author":2,"featured_media":11521,"comment_status":"closed","ping_status":"closed","sticky":false,"template":"","format":"standard","meta":{"footnotes":""},"categories":[33],"tags":[],"_links":{"self":[{"href":"https:\/\/www.conselharan.org\/ca\/wp-json\/wp\/v2\/posts\/11516"}],"collection":[{"href":"https:\/\/www.conselharan.org\/ca\/wp-json\/wp\/v2\/posts"}],"about":[{"href":"https:\/\/www.conselharan.org\/ca\/wp-json\/wp\/v2\/types\/post"}],"author":[{"embeddable":true,"href":"https:\/\/www.conselharan.org\/ca\/wp-json\/wp\/v2\/users\/2"}],"replies":[{"embeddable":true,"href":"https:\/\/www.conselharan.org\/ca\/wp-json\/wp\/v2\/comments?post=11516"}],"version-history":[{"count":2,"href":"https:\/\/www.conselharan.org\/ca\/wp-json\/wp\/v2\/posts\/11516\/revisions"}],"predecessor-version":[{"id":11525,"href":"https:\/\/www.conselharan.org\/ca\/wp-json\/wp\/v2\/posts\/11516\/revisions\/11525"}],"wp:featuredmedia":[{"embeddable":true,"href":"https:\/\/www.conselharan.org\/ca\/wp-json\/wp\/v2\/media\/11521"}],"wp:attachment":[{"href":"https:\/\/www.conselharan.org\/ca\/wp-json\/wp\/v2\/media?parent=11516"}],"wp:term":[{"taxonomy":"category","embeddable":true,"href":"https:\/\/www.conselharan.org\/ca\/wp-json\/wp\/v2\/categories?post=11516"},{"taxonomy":"post_tag","embeddable":true,"href":"https:\/\/www.conselharan.org\/ca\/wp-json\/wp\/v2\/tags?post=11516"}],"curies":[{"name":"wp","href":"https:\/\/api.w.org\/{rel}","templated":true}]}}