{"id":11562,"date":"2016-04-20T16:26:41","date_gmt":"2016-04-20T14:26:41","guid":{"rendered":"http:\/\/www.conselharan.org\/ca\/?p=11562"},"modified":"2016-04-20T16:26:54","modified_gmt":"2016-04-20T14:26:54","slug":"el-sindic-daran-demana-una-reunio-amb-el-cap-de-la-demarcacio-de-carreteres-de-lestat-a-catalunya-per-lestudi-informatiu-del-tram-boca-nord-tunel-de-vielha-aubert","status":"publish","type":"post","link":"https:\/\/www.conselharan.org\/ca\/el-sindic-daran-demana-una-reunio-amb-el-cap-de-la-demarcacio-de-carreteres-de-lestat-a-catalunya-per-lestudi-informatiu-del-tram-boca-nord-tunel-de-vielha-aubert\/","title":{"rendered":"El sindic d\u2019Aran demana una reuni\u00f3 amb el cap de la demarcaci\u00f3 de carreteres de l\u2019Estat a Catalunya per l\u2019Estudi Informatiu del tram: Boca nord T\u00fanel de Vielha- Aub\u00e8rt"},"content":{"rendered":"<p><img loading=\"lazy\" decoding=\"async\" class=\"aligncenter size-large wp-image-11560\" src=\"http:\/\/www.conselharan.org\/wp-content\/uploads\/2016\/04\/sindic-dAran-1024x680.jpg\" alt=\"sindic d'Aran\" width=\"1024\" height=\"680\" srcset=\"https:\/\/www.conselharan.org\/wp-content\/uploads\/2016\/04\/sindic-dAran-1024x680.jpg 1024w, https:\/\/www.conselharan.org\/wp-content\/uploads\/2016\/04\/sindic-dAran-300x199.jpg 300w, https:\/\/www.conselharan.org\/wp-content\/uploads\/2016\/04\/sindic-dAran-768x510.jpg 768w\" sizes=\"(max-width: 1024px) 100vw, 1024px\" \/><\/p>\n<p>&nbsp;<\/p>\n<p>Despr\u00e9s de la reuni\u00f3 que va mantenir ahir, 19 d\u2019abril, el sindic d\u2019Aran, <strong>Carlos Barrera<\/strong>, amb el President de la Diputaci\u00f3 de Lleida, <strong>Joan Re\u00f1\u00e9<\/strong>, per analitzar el contingut del manifest de les Diputacions de Lleida i Osca sobre l\u2019eix de la N-230: Lleida- Fran\u00e7a, per la Val d\u2019Aran, es va tractar de forma m\u00e9s particular la redacci\u00f3 de l\u2019Estudi Informatiu del tram: Boca nord T\u00fanel de Vielha- Aub\u00e8rt.<\/p>\n<p>En aquest sentit van sorgir dubtes importants que s\u2019han d\u2019aclarir amb urg\u00e8ncia, \u00e9s per aix\u00f2 que el sindic d\u2019Aran ha demanat per escrit mantenir una reuni\u00f3 amb el cap de la demarcaci\u00f3 de carreteres de l\u2019Estat a Catalunya, <strong>Juan Jos\u00e9 Barios<\/strong>. En aquesta reuni\u00f3, <strong>Carlos Barrera<\/strong>, sindic d\u2019Aran, <strong>demanar\u00e0 informaci\u00f3 sobre l\u2019avan\u00e7 dels treballs de redacci\u00f3 de l\u2019Estudi Informatiu del tram: Boca nord T\u00fanel de Vielha- Aub\u00e8rt per poder tenir coneixement del contingut de la proposta en la que est\u00e0 treballant el Ministeri i les afectacions que se\u2019n puguin derivar de les mateixes.<\/strong><\/p>\n<p>Per altra banda, el sindic d\u2019Aran tamb\u00e9 va demanar al President de la Diputaci\u00f3 de Lleida que els serveis t\u00e8cnics de la Diputaci\u00f3 donin suport d\u2019assessorament al Conselh Generau d\u2019Aran a l\u2019hora de valorar t\u00e8cnica i paisatg\u00edsticament la proposta del Ministeri.<\/p>\n<p>&nbsp;<\/p>\n<p>&nbsp;<\/p>\n<p>Vielha, 20 d&#8217;abril de 2016<\/p>\n<p>&nbsp;<\/p>\n<p><em>Conselh Generau d&#8217;Aran: N\u00faria Sanjuan<\/em><\/p>\n ","protected":false},"excerpt":{"rendered":"<p>&nbsp; Despr\u00e9s de la reuni\u00f3 que va mantenir ahir, 19 d\u2019abril, el sindic d\u2019Aran, Carlos Barrera, amb el President de la Diputaci\u00f3 de Lleida, Joan Re\u00f1\u00e9, per analitzar el contingut del manifest de les Diputacions de Lleida i Osca sobre l\u2019eix de la N-230: Lleida- Fran\u00e7a, per la Val d\u2019Aran, es va tractar de forma&#8230;<\/p>\n","protected":false},"author":2,"featured_media":11560,"comment_status":"closed","ping_status":"closed","sticky":false,"template":"","format":"standard","meta":{"footnotes":""},"categories":[53],"tags":[],"_links":{"self":[{"href":"https:\/\/www.conselharan.org\/ca\/wp-json\/wp\/v2\/posts\/11562"}],"collection":[{"href":"https:\/\/www.conselharan.org\/ca\/wp-json\/wp\/v2\/posts"}],"about":[{"href":"https:\/\/www.conselharan.org\/ca\/wp-json\/wp\/v2\/types\/post"}],"author":[{"embeddable":true,"href":"https:\/\/www.conselharan.org\/ca\/wp-json\/wp\/v2\/users\/2"}],"replies":[{"embeddable":true,"href":"https:\/\/www.conselharan.org\/ca\/wp-json\/wp\/v2\/comments?post=11562"}],"version-history":[{"count":1,"href":"https:\/\/www.conselharan.org\/ca\/wp-json\/wp\/v2\/posts\/11562\/revisions"}],"predecessor-version":[{"id":11563,"href":"https:\/\/www.conselharan.org\/ca\/wp-json\/wp\/v2\/posts\/11562\/revisions\/11563"}],"wp:featuredmedia":[{"embeddable":true,"href":"https:\/\/www.conselharan.org\/ca\/wp-json\/wp\/v2\/media\/11560"}],"wp:attachment":[{"href":"https:\/\/www.conselharan.org\/ca\/wp-json\/wp\/v2\/media?parent=11562"}],"wp:term":[{"taxonomy":"category","embeddable":true,"href":"https:\/\/www.conselharan.org\/ca\/wp-json\/wp\/v2\/categories?post=11562"},{"taxonomy":"post_tag","embeddable":true,"href":"https:\/\/www.conselharan.org\/ca\/wp-json\/wp\/v2\/tags?post=11562"}],"curies":[{"name":"wp","href":"https:\/\/api.w.org\/{rel}","templated":true}]}}