{"id":11595,"date":"2016-04-21T20:09:45","date_gmt":"2016-04-21T18:09:45","guid":{"rendered":"http:\/\/www.conselharan.org\/ca\/?p=11595"},"modified":"2016-04-21T20:09:45","modified_gmt":"2016-04-21T18:09:45","slug":"valoracio-positiva-de-la-temporada-realitzada-pels-esquiadors-del-cetei","status":"publish","type":"post","link":"https:\/\/www.conselharan.org\/ca\/valoracio-positiva-de-la-temporada-realitzada-pels-esquiadors-del-cetei\/","title":{"rendered":"Valoraci\u00f3 positiva de la temporada realitzada pels esquiadors del CETEI"},"content":{"rendered":"<p>Vielha, 21 d\u2019abril de 2016.- <strong>Eduardo Puente<\/strong>, director des d\u2019aquesta temporada del\u00a0<strong>Centre Especialitzat de Tecnificaci\u00f3 Esportiva d\u2019Esports d\u2019Hivern de la Val d\u2019Aran (CETEI), <\/strong>fa una valoraci\u00f3 for\u00e7a positiva dels resultats obtinguts pels joves esportistes d\u2019elit que han passat pel centre de tecnificaci\u00f3 aran\u00e8s aquesta temporada, tant pel que fa als resultats esportius com acad\u00e8mics.<\/p>\n<p>El Centre de Tecnificaci\u00f3 Esportiva d\u2019Esports d\u2019Hivern de la Val d\u2019Aran \u00e9s en funcionament des de l\u2019any 2012, i despr\u00e9s d\u2019anys de treballs intensos per part de les institucions, els clubs i les entitats privades, ha assolit un prestigi que el situa al m\u00e9s alt nivell pel que fa a centres de les mateixes caracter\u00edstiques<strong>.<\/strong><\/p>\n<p><a href=\"http:\/\/www.conselharan.org\/wp-content\/uploads\/2016\/04\/IMG_0410.jpg\"><img loading=\"lazy\" decoding=\"async\" class=\"aligncenter size-large wp-image-11592\" src=\"http:\/\/www.conselharan.org\/wp-content\/uploads\/2016\/04\/IMG_0410-1024x768.jpg\" alt=\"IMG_0410\" width=\"1024\" height=\"768\" srcset=\"https:\/\/www.conselharan.org\/wp-content\/uploads\/2016\/04\/IMG_0410.jpg 1024w, https:\/\/www.conselharan.org\/wp-content\/uploads\/2016\/04\/IMG_0410-300x225.jpg 300w, https:\/\/www.conselharan.org\/wp-content\/uploads\/2016\/04\/IMG_0410-768x576.jpg 768w\" sizes=\"(max-width: 1024px) 100vw, 1024px\" \/><\/a><\/p>\n<p>El Centre de Tecnificaci\u00f3 Esportiva d\u2019Esports d\u2019Hivern de la Val d\u2019Aran, vinculat a la\u00a0<strong>Real Federaci\u00f3 Espanyola d\u2019Esports d\u2019Hivern (RFEDI)<\/strong>\u00a0i a la <strong>Federaci\u00f3 Catalana d\u2019Esports d\u2019Hivern (FCEH)<\/strong>, t\u00e9 per objectiu contribuir a la progressi\u00f3 de joves promeses i vetllar per la seva formaci\u00f3 integral. Els esportistes seleccionats reben formaci\u00f3 t\u00e8cnica\/esportiva i acad\u00e8mica, a m\u00e9s d\u2019un seguiment m\u00e8dic\/psicol\u00f2gic per garantir un estat de salut adequat per a la pr\u00e0ctica esportiva i una sortida professional de futur.<\/p>\n<p>El centre ha acollit aquesta temporada 64 esportistes, que han comptat amb un staff t\u00e8cnic integrat per 9 entrenadors, que han contribu\u00eft a que els esquiadors del CETEI hagin obtingut uns resultats molt per davant d\u2019esportistes d\u2019altres centres de tecnificaci\u00f3 de la resta d\u2019Espanya.<\/p>\n<p>Pel que fa a la formaci\u00f3 acad\u00e8mica, el director Eduardo Puente ha volgut destacar tamb\u00e9 la feina desenvolupada pels 5 professors de l\u2019IES d\u2019Aran en l\u2019\u00e0mbit pedag\u00f2gic, que han marcat l\u2019alt grau d\u2019exig\u00e8ncia demanat als esportistes, que tamb\u00e9 en aquest aspecte han obtingut bons resultats. Tot aix\u00f2 acompanyat d\u2019altres valors en la\u00a0 formaci\u00f3 integral personal dels joves, relacionats amb la seva estada a la resid\u00e8ncia, al bon comportament, control d\u2019horaris i assist\u00e8ncia tant sanit\u00e0ria com a nivell psicol\u00f2gic i mental, aspecte aquest molt important quant es tracta d\u2019esportistes d\u2019alt rendiment.<\/p>\n<p>Pel que fa a la temporada vinent, Puente ha remarcat que l\u2019objectiu segueix essent que del <strong>Centre<\/strong> <strong>Especialitzat de Tecnificaci\u00f3 Esportiva d\u2019Esports d\u2019Hivern de la Val d\u2019Aran (CETEI)<\/strong>, en surti el major nombre possible d\u2019esquiadors per l\u2019equip nacional, i continuar millorant en el coneixement dels circuits internacionals, que va lligat amb una altra exig\u00e8ncia formativa com \u00e9s la del coneixement i la pr\u00e0ctica d\u2019idiomes, tant per part dels esportistes com dels entrenadors.<\/p>\n ","protected":false},"excerpt":{"rendered":"<p>Vielha, 21 d\u2019abril de 2016.- Eduardo Puente, director des d\u2019aquesta temporada del\u00a0Centre Especialitzat de Tecnificaci\u00f3 Esportiva d\u2019Esports d\u2019Hivern de la Val d\u2019Aran (CETEI), fa una valoraci\u00f3 for\u00e7a positiva dels resultats obtinguts pels joves esportistes d\u2019elit que han passat pel centre de tecnificaci\u00f3 aran\u00e8s aquesta temporada, tant pel que fa als resultats esportius com acad\u00e8mics. El&#8230;<\/p>\n","protected":false},"author":2,"featured_media":11592,"comment_status":"closed","ping_status":"closed","sticky":false,"template":"","format":"standard","meta":{"footnotes":""},"categories":[33],"tags":[],"_links":{"self":[{"href":"https:\/\/www.conselharan.org\/ca\/wp-json\/wp\/v2\/posts\/11595"}],"collection":[{"href":"https:\/\/www.conselharan.org\/ca\/wp-json\/wp\/v2\/posts"}],"about":[{"href":"https:\/\/www.conselharan.org\/ca\/wp-json\/wp\/v2\/types\/post"}],"author":[{"embeddable":true,"href":"https:\/\/www.conselharan.org\/ca\/wp-json\/wp\/v2\/users\/2"}],"replies":[{"embeddable":true,"href":"https:\/\/www.conselharan.org\/ca\/wp-json\/wp\/v2\/comments?post=11595"}],"version-history":[{"count":1,"href":"https:\/\/www.conselharan.org\/ca\/wp-json\/wp\/v2\/posts\/11595\/revisions"}],"predecessor-version":[{"id":11596,"href":"https:\/\/www.conselharan.org\/ca\/wp-json\/wp\/v2\/posts\/11595\/revisions\/11596"}],"wp:featuredmedia":[{"embeddable":true,"href":"https:\/\/www.conselharan.org\/ca\/wp-json\/wp\/v2\/media\/11592"}],"wp:attachment":[{"href":"https:\/\/www.conselharan.org\/ca\/wp-json\/wp\/v2\/media?parent=11595"}],"wp:term":[{"taxonomy":"category","embeddable":true,"href":"https:\/\/www.conselharan.org\/ca\/wp-json\/wp\/v2\/categories?post=11595"},{"taxonomy":"post_tag","embeddable":true,"href":"https:\/\/www.conselharan.org\/ca\/wp-json\/wp\/v2\/tags?post=11595"}],"curies":[{"name":"wp","href":"https:\/\/api.w.org\/{rel}","templated":true}]}}