{"id":11604,"date":"2016-04-22T10:42:37","date_gmt":"2016-04-22T08:42:37","guid":{"rendered":"http:\/\/www.conselharan.org\/ca\/?p=11604"},"modified":"2016-04-22T10:42:37","modified_gmt":"2016-04-22T08:42:37","slug":"laranes-ruben-caseny-en-la-prestigiosa-paris-mantes-en-yvelines","status":"publish","type":"post","link":"https:\/\/www.conselharan.org\/ca\/laranes-ruben-caseny-en-la-prestigiosa-paris-mantes-en-yvelines\/","title":{"rendered":"L\u2019aran\u00e8s, Ruben Caseny, en la prestigiosa \u201cPar\u00eds Mantes en Yvelines\u201d"},"content":{"rendered":"<p><strong>\u2022 Ruben Caseny, competir\u00e0 amb l&#8217;equip internacional MASSI- KUWAIT CYCLING PROJECT.<\/strong><\/p>\n<p>&nbsp;<\/p>\n<p><img loading=\"lazy\" decoding=\"async\" class=\"aligncenter size-large wp-image-11600\" src=\"http:\/\/www.conselharan.org\/wp-content\/uploads\/2016\/04\/Ruben-Caseny-massi-kuwait-cycling-project-1024x682.jpg\" alt=\"Ruben Caseny-massi kuwait cycling project\" width=\"1024\" height=\"682\" srcset=\"https:\/\/www.conselharan.org\/wp-content\/uploads\/2016\/04\/Ruben-Caseny-massi-kuwait-cycling-project.jpg 1024w, https:\/\/www.conselharan.org\/wp-content\/uploads\/2016\/04\/Ruben-Caseny-massi-kuwait-cycling-project-300x200.jpg 300w, https:\/\/www.conselharan.org\/wp-content\/uploads\/2016\/04\/Ruben-Caseny-massi-kuwait-cycling-project-768x512.jpg 768w\" sizes=\"(max-width: 1024px) 100vw, 1024px\" \/><\/p>\n<p>&nbsp;<\/p>\n<p>L&#8217;equip <strong>MASSI-KUWAIT CYCLING PROJECT<\/strong> viatja a Par\u00eds per participar en la prestigiosa \u201cPar\u00eds Mantes en Yvelines\u201d.<\/p>\n<p>Els corredors i staff estan llests per a una nova participaci\u00f3 en s\u00f2l estranger, aquesta vegada en la Par\u00eds Mantes, competici\u00f3 que transcorre pels voltants de Par\u00eds, amb fins a 8 cotes, en un tra\u00e7at de 174 quil\u00f2metres. La carrera, de categoria 1.2, reunir\u00e0 als millors equips francesos, aix\u00ed com conjunts de B\u00e8lgica i Luxemburg.<\/p>\n<p>La convocat\u00f2ria per a la carrera ser\u00e0:<\/p>\n<p>&#8211; DS: Josep Codinach<\/p>\n<p>Corredors:<\/p>\n<p>&#8211; Ruben Caseny<br \/>\n&#8211; Marc Vilanova<br \/>\n&#8211; Axel Costa<br \/>\n&#8211; Andreas Keuser<br \/>\n&#8211; Mehdi Tigrine<br \/>\n&#8211; Johnatan Sarmiento<\/p>\n<p><img loading=\"lazy\" decoding=\"async\" class=\"aligncenter size-large wp-image-11601\" src=\"http:\/\/www.conselharan.org\/wp-content\/uploads\/2016\/04\/Course-Paris-2016-petit-format-copie-702x1024.jpg\" alt=\"Course Paris 2016 petit format copie\" width=\"702\" height=\"1024\" srcset=\"https:\/\/www.conselharan.org\/wp-content\/uploads\/2016\/04\/Course-Paris-2016-petit-format-copie-702x1024.jpg 702w, https:\/\/www.conselharan.org\/wp-content\/uploads\/2016\/04\/Course-Paris-2016-petit-format-copie-206x300.jpg 206w, https:\/\/www.conselharan.org\/wp-content\/uploads\/2016\/04\/Course-Paris-2016-petit-format-copie-768x1120.jpg 768w, https:\/\/www.conselharan.org\/wp-content\/uploads\/2016\/04\/Course-Paris-2016-petit-format-copie.jpg 1417w\" sizes=\"(max-width: 702px) 100vw, 702px\" \/><\/p>\n<p>&nbsp;<\/p>\n<p><strong>Ruben Caseny<\/strong>, va signar un conveni amb el Conselh Generau d\u2019Aran per promoure la destinaci\u00f3 tur\u00edstica esportiva Val d\u2019Aran pel m\u00f3n, representada en la imatge i en els valors del ciclista.<\/p>\n<p>&nbsp;<\/p>\n<p>&nbsp;<\/p>\n<p>Vielha, 22 d\u2019abril de 2016<\/p>\n<p>&nbsp;<\/p>\n<p><em>Conselh Generau d&#8217;Aran: N\u00faria Sanjuan<\/em><\/p>\n ","protected":false},"excerpt":{"rendered":"<p>\u2022 Ruben Caseny, competir\u00e0 amb l&#8217;equip internacional MASSI- KUWAIT CYCLING PROJECT. &nbsp; &nbsp; L&#8217;equip MASSI-KUWAIT CYCLING PROJECT viatja a Par\u00eds per participar en la prestigiosa \u201cPar\u00eds Mantes en Yvelines\u201d. Els corredors i staff estan llests per a una nova participaci\u00f3 en s\u00f2l estranger, aquesta vegada en la Par\u00eds Mantes, competici\u00f3 que transcorre pels voltants de&#8230;<\/p>\n","protected":false},"author":2,"featured_media":11600,"comment_status":"closed","ping_status":"closed","sticky":false,"template":"","format":"standard","meta":{"footnotes":""},"categories":[33],"tags":[],"_links":{"self":[{"href":"https:\/\/www.conselharan.org\/ca\/wp-json\/wp\/v2\/posts\/11604"}],"collection":[{"href":"https:\/\/www.conselharan.org\/ca\/wp-json\/wp\/v2\/posts"}],"about":[{"href":"https:\/\/www.conselharan.org\/ca\/wp-json\/wp\/v2\/types\/post"}],"author":[{"embeddable":true,"href":"https:\/\/www.conselharan.org\/ca\/wp-json\/wp\/v2\/users\/2"}],"replies":[{"embeddable":true,"href":"https:\/\/www.conselharan.org\/ca\/wp-json\/wp\/v2\/comments?post=11604"}],"version-history":[{"count":1,"href":"https:\/\/www.conselharan.org\/ca\/wp-json\/wp\/v2\/posts\/11604\/revisions"}],"predecessor-version":[{"id":11605,"href":"https:\/\/www.conselharan.org\/ca\/wp-json\/wp\/v2\/posts\/11604\/revisions\/11605"}],"wp:featuredmedia":[{"embeddable":true,"href":"https:\/\/www.conselharan.org\/ca\/wp-json\/wp\/v2\/media\/11600"}],"wp:attachment":[{"href":"https:\/\/www.conselharan.org\/ca\/wp-json\/wp\/v2\/media?parent=11604"}],"wp:term":[{"taxonomy":"category","embeddable":true,"href":"https:\/\/www.conselharan.org\/ca\/wp-json\/wp\/v2\/categories?post=11604"},{"taxonomy":"post_tag","embeddable":true,"href":"https:\/\/www.conselharan.org\/ca\/wp-json\/wp\/v2\/tags?post=11604"}],"curies":[{"name":"wp","href":"https:\/\/api.w.org\/{rel}","templated":true}]}}