{"id":11616,"date":"2016-04-22T13:57:27","date_gmt":"2016-04-22T11:57:27","guid":{"rendered":"http:\/\/www.conselharan.org\/ca\/resultats-dera-fasa-comarcau-daran-de-natacion-deth-cors-2015-2016\/"},"modified":"2016-04-22T13:59:20","modified_gmt":"2016-04-22T11:59:20","slug":"resultats-dera-fasa-comarcau-daran-de-natacion-deth-cors-2015-2016","status":"publish","type":"post","link":"https:\/\/www.conselharan.org\/ca\/resultats-dera-fasa-comarcau-daran-de-natacion-deth-cors-2015-2016\/","title":{"rendered":"Resultats dera Fasa Comarcau d\u2019Aran de natacion deth cors 2015-2016"},"content":{"rendered":"<p><strong>Era piscina deth Palai de G\u00e8u de Vielha acuelhec era passada dimenjada aguesta competicion de natacion ent\u00e0 escolans.<\/strong><\/p>\n<p>&nbsp;<\/p>\n<p><img loading=\"lazy\" decoding=\"async\" class=\"aligncenter size-large wp-image-11611\" src=\"http:\/\/www.conselharan.org\/wp-content\/uploads\/2016\/04\/natacion-fasa-comarcau-1024x576.jpg\" alt=\"natacion fasa comarcau\" width=\"1024\" height=\"576\" srcset=\"https:\/\/www.conselharan.org\/wp-content\/uploads\/2016\/04\/natacion-fasa-comarcau-1024x576.jpg 1024w, https:\/\/www.conselharan.org\/wp-content\/uploads\/2016\/04\/natacion-fasa-comarcau-300x169.jpg 300w, https:\/\/www.conselharan.org\/wp-content\/uploads\/2016\/04\/natacion-fasa-comarcau-768x432.jpg 768w, https:\/\/www.conselharan.org\/wp-content\/uploads\/2016\/04\/natacion-fasa-comarcau.jpg 1600w\" sizes=\"(max-width: 1024px) 100vw, 1024px\" \/><\/p>\n<p>&nbsp;<\/p>\n<p>Seishanta nedadors se d\u00e8ren cita era passada dimenjada en Palai de G\u00e8u de Vielha ent\u00e0 participar enes diferentes modalitats, dist\u00e0ncies e categories dera Fasa Comarcau d&#8217;Aran deth cors 2015-2016, competicion de natacion ent\u00e0 escolans organizada peth Conselh Esportiu Val d\u2019Aran damb era collaboracion deth Conselh Generau d\u2019Aran e der Ajuntament de Vielha e Mijaran.<\/p>\n<p>&nbsp;<\/p>\n<p><img loading=\"lazy\" decoding=\"async\" class=\"aligncenter size-large wp-image-11612\" src=\"http:\/\/www.conselharan.org\/wp-content\/uploads\/2016\/04\/natacion-1024x759.jpg\" alt=\"natacion\" width=\"1024\" height=\"759\" srcset=\"https:\/\/www.conselharan.org\/wp-content\/uploads\/2016\/04\/natacion-1024x759.jpg 1024w, https:\/\/www.conselharan.org\/wp-content\/uploads\/2016\/04\/natacion-300x222.jpg 300w, https:\/\/www.conselharan.org\/wp-content\/uploads\/2016\/04\/natacion-768x569.jpg 768w\" sizes=\"(max-width: 1024px) 100vw, 1024px\" \/><\/p>\n<p>&nbsp;<\/p>\n<p><strong>Resultats Fasa Comarcau d&#8217;Aran deth cors 2015-2016:<\/strong><\/p>\n<p><em><strong>Esquia \u2013 25 metres<\/strong><\/em><\/p>\n<p><strong>Prebenjamin masc. e fem.<\/strong><\/p>\n<p>1\u00aa EMMA TROGAL<br \/>\n2\u00aa MARIONA CORTES<br \/>\n3\u00aa MARIA UBEIRA<\/p>\n<p>&nbsp;<\/p>\n<p><img loading=\"lazy\" decoding=\"async\" class=\"aligncenter size-large wp-image-11613\" src=\"http:\/\/www.conselharan.org\/wp-content\/uploads\/2016\/04\/natacion1-1024x759.jpg\" alt=\"natacion1\" width=\"1024\" height=\"759\" srcset=\"https:\/\/www.conselharan.org\/wp-content\/uploads\/2016\/04\/natacion1-1024x759.jpg 1024w, https:\/\/www.conselharan.org\/wp-content\/uploads\/2016\/04\/natacion1-300x222.jpg 300w, https:\/\/www.conselharan.org\/wp-content\/uploads\/2016\/04\/natacion1-768x569.jpg 768w\" sizes=\"(max-width: 1024px) 100vw, 1024px\" \/><\/p>\n<p>&nbsp;<\/p>\n<p><strong>Benjamin femenin<\/strong><\/p>\n<p>1\u00aa BERTA FREIXAS<br \/>\n2\u00aa ARES FIGUERUELO<br \/>\n3\u00aa MARIA BUJEDA<\/p>\n<p><strong>Benjamin masculin<\/strong><br \/>\n1\u00e8r MARC UBEIRA<br \/>\n2au JORDI CORTES<\/p>\n<p><em><strong>Esquia \u2013 50 metres<\/strong><\/em><\/p>\n<p><strong>Alevin femenin<\/strong><\/p>\n<p>1\u00aa AONE LANDA<br \/>\n2\u00aa ARES COMAS<br \/>\n3\u00aa ADDAIA MOLANO<\/p>\n<p><em><strong>Esquia \u2013 100 metres<\/strong><\/em><\/p>\n<p><strong>Infantil femenin<\/strong><\/p>\n<p>1\u00aa JULIA DOMENECH<br \/>\n2\u00aa JANA ROS<br \/>\n3\u00aa JANA FERNANDEZ<\/p>\n<p><strong>Infantil masculin<\/strong><\/p>\n<p>1\u00e8r ALEIX FILLOY<\/p>\n<p><strong>Cadet masculin<\/strong><br \/>\n1\u00e8r HAROLD PI<br \/>\n2au RUGER TUDEL<\/p>\n<p><em><strong>Bra\u00e7a \u2013 25 metres<\/strong><\/em><\/p>\n<p><strong>Prebenjamin masc. e fem.<\/strong><\/p>\n<p>1\u00aa ARIADNA BOYA<br \/>\n2\u00aa MARIA UBEIRA<br \/>\n3\u00aa EMMA TROGAL<\/p>\n<p><strong>Benjamin femenin<\/strong><\/p>\n<p>1\u00aa MARTINA FAURAT<br \/>\n2\u00aa JULIA ROS<br \/>\n3\u00aa ONA DELSENY<\/p>\n<p><strong>Benjamin masculin<\/strong><\/p>\n<p>1\u00e8r JORDI CORTES<br \/>\n2au MARC UBEIRA<br \/>\n3au ALBERT FERNANDEZ<\/p>\n<p><em><strong>Bra\u00e7a \u2013 50 metres<\/strong><\/em><\/p>\n<p><strong>Alevin femenin<\/strong><\/p>\n<p>1\u00aa HELENA REVELLES<br \/>\n2\u00aa ANNELIESE PEREA<br \/>\n3\u00aa DHANA PEREZ<\/p>\n<p><strong>Alevin masculin<\/strong><\/p>\n<p>1\u00e8r LLUC DE CASTELLARNAU<br \/>\n2au ALEIX TROGAL<\/p>\n<p><em><strong>Bra\u00e7a \u2013 100 metres<\/strong><\/em><\/p>\n<p><strong>Infantil femenin<\/strong><\/p>\n<p>1\u00aa JANA FERNANDEZ<br \/>\n2\u00aa JANA ROS<br \/>\n3\u00aa JULIA DOMENECH<\/p>\n<p><strong>Infantil masculin<\/strong><\/p>\n<p>1\u00e8r ALEIX FILLOY<\/p>\n<p><strong>Cadet masculin<\/strong><\/p>\n<p>1\u00e8r HAROLD PI<\/p>\n<p><em><strong>Liures \u2013 25 metres<\/strong><\/em><\/p>\n<p><strong>Prebenjamin masc. e fem.<\/strong><\/p>\n<p>1\u00aa ARIADNA BOYA<br \/>\n2\u00aa EMMA TROGAL<br \/>\n3\u00aa EMMA BOSCH<\/p>\n<p><strong>Benjamin femenin<\/strong><\/p>\n<p>1\u00aa ALBA MU\u00d1OZ<br \/>\n2\u00aa ARES FIGUERUELO<br \/>\n3\u00aa ONA DELSENY<\/p>\n<p>&nbsp;<\/p>\n<p><img loading=\"lazy\" decoding=\"async\" class=\"aligncenter size-large wp-image-11610\" src=\"http:\/\/www.conselharan.org\/wp-content\/uploads\/2016\/04\/natacion-fasa-comarcau1-1024x576.jpg\" alt=\"natacion fasa comarcau1\" width=\"1024\" height=\"576\" srcset=\"https:\/\/www.conselharan.org\/wp-content\/uploads\/2016\/04\/natacion-fasa-comarcau1-1024x576.jpg 1024w, https:\/\/www.conselharan.org\/wp-content\/uploads\/2016\/04\/natacion-fasa-comarcau1-300x169.jpg 300w, https:\/\/www.conselharan.org\/wp-content\/uploads\/2016\/04\/natacion-fasa-comarcau1-768x432.jpg 768w, https:\/\/www.conselharan.org\/wp-content\/uploads\/2016\/04\/natacion-fasa-comarcau1.jpg 1600w\" sizes=\"(max-width: 1024px) 100vw, 1024px\" \/><\/p>\n<p>&nbsp;<\/p>\n<p><strong>Benjamin masculin<\/strong><\/p>\n<p>1\u00e8r MARC UBEIRA<br \/>\n2au JORDI CORTES<br \/>\n3au BELTRAND SIRAT<\/p>\n<p><em><strong>Liures \u2013 50 metres<\/strong><\/em><\/p>\n<p><strong>Alevin femenin<\/strong><\/p>\n<p>1\u00aa AONE LANDA<br \/>\n2\u00aa ARES COMAS<br \/>\n3\u00aa HELENA REVELLES<\/p>\n<p><strong>Alevin masculin<\/strong><\/p>\n<p>1\u00e8r LLUC DE CASTELLARNAU<br \/>\n2au ALEIX TROGAL<br \/>\n3au IAGO FERNANDEZ<\/p>\n<p><em><strong>Liures \u2013 100 metres<\/strong><\/em><\/p>\n<p><strong>Infantil femenin<\/strong><\/p>\n<p>1\u00aa JANA ROS<br \/>\n2\u00aa JULIA DOMENECH<br \/>\n3\u00aa JANA FERNANDEZ<\/p>\n<p><strong>Infantil masculin<\/strong><\/p>\n<p>1\u00e8r ALEIX FILLOY<\/p>\n<p><strong>Cadet masculin<\/strong><\/p>\n<p>1\u00e8r HAROLD PI<br \/>\n2au RUGER TUDEL<\/p>\n<p>&nbsp;<\/p>\n<p>&nbsp;<\/p>\n<p>Vielha, 22 d\u2019abriu de 2016<\/p>\n<p>&nbsp;<\/p>\n<p>&nbsp;<\/p>\n<p><em>Conselh Generau d&#8217;Aran: N\u00faria Sanjuan<\/em><\/p>\n<p><em>H\u00f2nt: Conselh Esportiu d&#8217;Aran<\/em><\/p>\n ","protected":false},"excerpt":{"rendered":"<p>Era piscina deth Palai de G\u00e8u de Vielha acuelhec era passada dimenjada aguesta competicion de natacion ent\u00e0 escolans. &nbsp; &nbsp; Seishanta nedadors se d\u00e8ren cita era passada dimenjada en Palai de G\u00e8u de Vielha ent\u00e0 participar enes diferentes modalitats, dist\u00e0ncies e categories dera Fasa Comarcau d&#8217;Aran deth cors 2015-2016, competicion de natacion ent\u00e0 escolans organizada&#8230;<\/p>\n","protected":false},"author":2,"featured_media":11611,"comment_status":"closed","ping_status":"closed","sticky":false,"template":"","format":"standard","meta":{"footnotes":""},"categories":[33],"tags":[],"_links":{"self":[{"href":"https:\/\/www.conselharan.org\/ca\/wp-json\/wp\/v2\/posts\/11616"}],"collection":[{"href":"https:\/\/www.conselharan.org\/ca\/wp-json\/wp\/v2\/posts"}],"about":[{"href":"https:\/\/www.conselharan.org\/ca\/wp-json\/wp\/v2\/types\/post"}],"author":[{"embeddable":true,"href":"https:\/\/www.conselharan.org\/ca\/wp-json\/wp\/v2\/users\/2"}],"replies":[{"embeddable":true,"href":"https:\/\/www.conselharan.org\/ca\/wp-json\/wp\/v2\/comments?post=11616"}],"version-history":[{"count":1,"href":"https:\/\/www.conselharan.org\/ca\/wp-json\/wp\/v2\/posts\/11616\/revisions"}],"predecessor-version":[{"id":11618,"href":"https:\/\/www.conselharan.org\/ca\/wp-json\/wp\/v2\/posts\/11616\/revisions\/11618"}],"wp:featuredmedia":[{"embeddable":true,"href":"https:\/\/www.conselharan.org\/ca\/wp-json\/wp\/v2\/media\/11611"}],"wp:attachment":[{"href":"https:\/\/www.conselharan.org\/ca\/wp-json\/wp\/v2\/media?parent=11616"}],"wp:term":[{"taxonomy":"category","embeddable":true,"href":"https:\/\/www.conselharan.org\/ca\/wp-json\/wp\/v2\/categories?post=11616"},{"taxonomy":"post_tag","embeddable":true,"href":"https:\/\/www.conselharan.org\/ca\/wp-json\/wp\/v2\/tags?post=11616"}],"curies":[{"name":"wp","href":"https:\/\/api.w.org\/{rel}","templated":true}]}}