{"id":11623,"date":"2016-04-22T14:56:49","date_gmt":"2016-04-22T12:56:49","guid":{"rendered":"http:\/\/www.conselharan.org\/ca\/?p=11623"},"modified":"2016-04-22T14:57:12","modified_gmt":"2016-04-22T12:57:12","slug":"seminari-pirinenc-gestio-transfronterera-de-la-fauna-salvatge","status":"publish","type":"post","link":"https:\/\/www.conselharan.org\/ca\/seminari-pirinenc-gestio-transfronterera-de-la-fauna-salvatge\/","title":{"rendered":"Seminari Pirinenc: Gesti\u00f3 transfronterera de la fauna salvatge"},"content":{"rendered":"<p><img loading=\"lazy\" decoding=\"async\" class=\"aligncenter size-full wp-image-11620\" src=\"http:\/\/www.conselharan.org\/wp-content\/uploads\/2016\/04\/Agents.jpg_Departament-dAgricultura-Ramaderia-Pesca-i-Alimentaci\u00f3.jpg\" alt=\"Agents.jpg_Departament d'Agricultura, Ramaderia, Pesca i Alimentaci\u00f3\" width=\"750\" height=\"500\" srcset=\"https:\/\/www.conselharan.org\/wp-content\/uploads\/2016\/04\/Agents.jpg_Departament-dAgricultura-Ramaderia-Pesca-i-Alimentaci\u00f3.jpg 750w, https:\/\/www.conselharan.org\/wp-content\/uploads\/2016\/04\/Agents.jpg_Departament-dAgricultura-Ramaderia-Pesca-i-Alimentaci\u00f3-300x200.jpg 300w\" sizes=\"(max-width: 750px) 100vw, 750px\" \/><\/p>\n<p>&nbsp;<\/p>\n<p>Els propers dies 26 i 27 d&#8217;abril la Val d\u2019Aran acollir\u00e0 el Seminari Pirinenc. Gesti\u00f3 transfronterera de la fauna salvatge, organitzat per l&#8217;Office National de la Chasse et de la Faune Sauvage, el Conselh Generau d&#8217;Aran i la Generalitat de Catalunya, amb la col\u2022laboraci\u00f3 de l&#8217;Ajuntament de Vielha e Mijaran i el Commissariat G\u00e9n\u00e9ral a l&#8217;\u00c9galit\u00e9 des Territoires.<\/p>\n<p>El dimarts, 26 d\u2019abril, es tractaran temes de cooperaci\u00f3 transfronterera amb les seg\u00fcents tem\u00e0tiques:<\/p>\n<p>\u2022 Cooperaci\u00f3 a l&#8217;entorn de la formaci\u00f3 i de la informaci\u00f3 i les perspectives de futur.<br \/>\n\u2022 Cooperaci\u00f3 a l&#8217;entorn de la policia fronterera i les perspectives de futur.<br \/>\n\u2022 Cooperaci\u00f3 en l&#8217;\u00e0rea t\u00e8cnica i les perspectives de futur.<\/p>\n<p>Aix\u00ed mateix, es tractaran:<\/p>\n<p>\u2022 Temes emergents<br \/>\n\u2022 Balan\u00e7 de les presentacions<br \/>\n\u2022 T\u00e8cniques de suport amb gos<\/p>\n<p>Durant la segona jornada, dimecres 27 d\u2019abril, es duran a terme una s\u00e8rie de taules rodones de perspectives de futur:<\/p>\n<p>\u2022 Policia<br \/>\n\u2022 Formaci\u00f3<br \/>\n\u2022 Esp\u00e8cies: mam\u00edfers\/gal\u2022liformes<br \/>\n\u2022 Temes emergents<\/p>\n<p>&nbsp;<\/p>\n<p>Programa:\u00a0<a href=\"http:\/\/www.conselharan.org\/wp-content\/uploads\/2016\/04\/Programme-es-BD2.pdf\">Programme-es-BD2<\/a><\/p>\n<p>&nbsp;<\/p>\n<p>&nbsp;<\/p>\n<p>Vielha, 22 d\u2019abril de 2016<\/p>\n<p>&nbsp;<\/p>\n<p><em>Conselh Generau d&#8217;Aran: N\u00faria Sanjuan<\/em><\/p>\n ","protected":false},"excerpt":{"rendered":"<p>&nbsp; Els propers dies 26 i 27 d&#8217;abril la Val d\u2019Aran acollir\u00e0 el Seminari Pirinenc. Gesti\u00f3 transfronterera de la fauna salvatge, organitzat per l&#8217;Office National de la Chasse et de la Faune Sauvage, el Conselh Generau d&#8217;Aran i la Generalitat de Catalunya, amb la col\u2022laboraci\u00f3 de l&#8217;Ajuntament de Vielha e Mijaran i el Commissariat G\u00e9n\u00e9ral&#8230;<\/p>\n","protected":false},"author":2,"featured_media":11620,"comment_status":"closed","ping_status":"closed","sticky":false,"template":"","format":"standard","meta":{"footnotes":""},"categories":[33],"tags":[],"_links":{"self":[{"href":"https:\/\/www.conselharan.org\/ca\/wp-json\/wp\/v2\/posts\/11623"}],"collection":[{"href":"https:\/\/www.conselharan.org\/ca\/wp-json\/wp\/v2\/posts"}],"about":[{"href":"https:\/\/www.conselharan.org\/ca\/wp-json\/wp\/v2\/types\/post"}],"author":[{"embeddable":true,"href":"https:\/\/www.conselharan.org\/ca\/wp-json\/wp\/v2\/users\/2"}],"replies":[{"embeddable":true,"href":"https:\/\/www.conselharan.org\/ca\/wp-json\/wp\/v2\/comments?post=11623"}],"version-history":[{"count":1,"href":"https:\/\/www.conselharan.org\/ca\/wp-json\/wp\/v2\/posts\/11623\/revisions"}],"predecessor-version":[{"id":11624,"href":"https:\/\/www.conselharan.org\/ca\/wp-json\/wp\/v2\/posts\/11623\/revisions\/11624"}],"wp:featuredmedia":[{"embeddable":true,"href":"https:\/\/www.conselharan.org\/ca\/wp-json\/wp\/v2\/media\/11620"}],"wp:attachment":[{"href":"https:\/\/www.conselharan.org\/ca\/wp-json\/wp\/v2\/media?parent=11623"}],"wp:term":[{"taxonomy":"category","embeddable":true,"href":"https:\/\/www.conselharan.org\/ca\/wp-json\/wp\/v2\/categories?post=11623"},{"taxonomy":"post_tag","embeddable":true,"href":"https:\/\/www.conselharan.org\/ca\/wp-json\/wp\/v2\/tags?post=11623"}],"curies":[{"name":"wp","href":"https:\/\/api.w.org\/{rel}","templated":true}]}}