{"id":11646,"date":"2016-04-23T19:50:58","date_gmt":"2016-04-23T17:50:58","guid":{"rendered":"http:\/\/www.conselharan.org\/ca\/?p=11646"},"modified":"2016-04-23T19:50:58","modified_gmt":"2016-04-23T17:50:58","slug":"ambient-de-celebracio-per-sant-jordi-a-la-val-daran","status":"publish","type":"post","link":"https:\/\/www.conselharan.org\/ca\/ambient-de-celebracio-per-sant-jordi-a-la-val-daran\/","title":{"rendered":"Ambient de celebraci\u00f3 per Sant Jordi a la Val d\u2019Aran"},"content":{"rendered":"<p>Vielha, 23 d\u2019abril de 2016.- La diada de Sant Jordi ha comen\u00e7at a la Val d\u2019Aran amb les parades de venda de roses i llibres al carrer. De 12h a 13h del migdia s\u2019ha fet la lectura popular de textos literaris en aran\u00e8s en motiu de la celebraci\u00f3 de la diada de Sant Jordi, a la pla\u00e7a del Conselh Generau, organitzada en col\u00b7laboraci\u00f3 amb de l\u2019Associaci\u00f3 <strong>Lengua<\/strong> <strong>Viua<\/strong>, que ha anat acompanyada d\u2019una mostra de les obres en aran\u00e8s editades per el <strong>Conselh<\/strong> <strong>Generau d\u2019Aran<\/strong>.<\/p>\n<p><a href=\"http:\/\/www.conselharan.org\/wp-content\/uploads\/2016\/04\/IMG_20160423_123122.jpg\"><img loading=\"lazy\" decoding=\"async\" class=\"aligncenter size-large wp-image-11639\" src=\"http:\/\/www.conselharan.org\/wp-content\/uploads\/2016\/04\/IMG_20160423_123122-1024x538.jpg\" alt=\"IMG_20160423_123122\" width=\"1024\" height=\"538\" srcset=\"https:\/\/www.conselharan.org\/wp-content\/uploads\/2016\/04\/IMG_20160423_123122-1024x538.jpg 1024w, https:\/\/www.conselharan.org\/wp-content\/uploads\/2016\/04\/IMG_20160423_123122-300x158.jpg 300w, https:\/\/www.conselharan.org\/wp-content\/uploads\/2016\/04\/IMG_20160423_123122-768x403.jpg 768w, https:\/\/www.conselharan.org\/wp-content\/uploads\/2016\/04\/IMG_20160423_123122.jpg 1600w\" sizes=\"(max-width: 1024px) 100vw, 1024px\" \/><\/a><\/p>\n<p><strong>Poesia en aran\u00e8s al campanar de l\u2019esgl\u00e9sia de Vilac<\/strong><\/p>\n<p>La diada de Sant Jordi, tamb\u00e9 s\u2019ha celebrat a la Val d\u2019Aran amb la lectura de poemes des de dalt del <strong>campanar<\/strong> <strong>de l\u2019esgl\u00e9sia de Vilac<\/strong>, amb la lectura de poemes <strong><em>\u201cVersos des del campanar\u201d <\/em><\/strong>\u00a0organitzada pels Serveis Culturals de la Generalitat de Catalunya a les Terres de Lleida en col\u00b7laboraci\u00f3 amb el departament de Cultura e Lengua del Conselh Generau d\u2019Aran, que ha comptat amb la participaci\u00f3 de <strong>Jacob Mu\u00f1oz<\/strong>, de Vilac, que ha llegit poemes de <strong>Mossen Cond\u00f2<\/strong> i de <strong>Xavi<\/strong> <strong>Guti\u00e9rrez Riu<\/strong>; i de <strong>Rosa Mari Salgueiro<\/strong>,\u00a0 que en representaci\u00f3 de l\u2019Associaci\u00f3 Lengua Viua, ha llegit poemes de de <strong>Clara Vilches Caubet<\/strong>.<\/p>\n<p><iframe loading=\"lazy\" style=\"border: none; overflow: hidden;\" src=\"https:\/\/www.facebook.com\/plugins\/video.php?href=https%3A%2F%2Fwww.facebook.com%2Fconselharan%2Fvideos%2F1034146576669877%2F&amp;show_text=0&amp;width=560\" width=\"560\" height=\"315\" frameborder=\"0\" scrolling=\"no\" allowfullscreen=\"allowfullscreen\"><\/iframe><\/p>\n<p><a href=\"http:\/\/www.conselharan.org\/wp-content\/uploads\/2016\/04\/IMG-20160423-WA0049.jpg\"><img loading=\"lazy\" decoding=\"async\" class=\"aligncenter size-large wp-image-11643\" src=\"http:\/\/www.conselharan.org\/wp-content\/uploads\/2016\/04\/IMG-20160423-WA0049-768x1024.jpg\" alt=\"IMG-20160423-WA0049\" width=\"768\" height=\"1024\" srcset=\"https:\/\/www.conselharan.org\/wp-content\/uploads\/2016\/04\/IMG-20160423-WA0049-768x1024.jpg 768w, https:\/\/www.conselharan.org\/wp-content\/uploads\/2016\/04\/IMG-20160423-WA0049-225x300.jpg 225w, https:\/\/www.conselharan.org\/wp-content\/uploads\/2016\/04\/IMG-20160423-WA0049.jpg 1200w\" sizes=\"(max-width: 768px) 100vw, 768px\" \/><\/a> <a href=\"http:\/\/www.conselharan.org\/wp-content\/uploads\/2016\/04\/IMG-20160423-WA0039.jpg\"><img loading=\"lazy\" decoding=\"async\" class=\"aligncenter size-large wp-image-11642\" src=\"http:\/\/www.conselharan.org\/wp-content\/uploads\/2016\/04\/IMG-20160423-WA0039-1024x768.jpg\" alt=\"IMG-20160423-WA0039\" width=\"1024\" height=\"768\" srcset=\"https:\/\/www.conselharan.org\/wp-content\/uploads\/2016\/04\/IMG-20160423-WA0039-1024x768.jpg 1024w, https:\/\/www.conselharan.org\/wp-content\/uploads\/2016\/04\/IMG-20160423-WA0039-300x225.jpg 300w, https:\/\/www.conselharan.org\/wp-content\/uploads\/2016\/04\/IMG-20160423-WA0039-768x576.jpg 768w, https:\/\/www.conselharan.org\/wp-content\/uploads\/2016\/04\/IMG-20160423-WA0039.jpg 1600w\" sizes=\"(max-width: 1024px) 100vw, 1024px\" \/><\/a> <a href=\"http:\/\/www.conselharan.org\/wp-content\/uploads\/2016\/04\/IMG-20160422-WA0014.jpg\"><img loading=\"lazy\" decoding=\"async\" class=\"aligncenter size-large wp-image-11641\" src=\"http:\/\/www.conselharan.org\/wp-content\/uploads\/2016\/04\/IMG-20160422-WA0014-1024x768.jpg\" alt=\"IMG-20160422-WA0014\" width=\"1024\" height=\"768\" srcset=\"https:\/\/www.conselharan.org\/wp-content\/uploads\/2016\/04\/IMG-20160422-WA0014-1024x768.jpg 1024w, https:\/\/www.conselharan.org\/wp-content\/uploads\/2016\/04\/IMG-20160422-WA0014-300x225.jpg 300w, https:\/\/www.conselharan.org\/wp-content\/uploads\/2016\/04\/IMG-20160422-WA0014-768x576.jpg 768w, https:\/\/www.conselharan.org\/wp-content\/uploads\/2016\/04\/IMG-20160422-WA0014.jpg 1600w\" sizes=\"(max-width: 1024px) 100vw, 1024px\" \/><\/a> <a href=\"http:\/\/www.conselharan.org\/wp-content\/uploads\/2016\/04\/IMG-20160422-WA0012.jpg\"><img loading=\"lazy\" decoding=\"async\" class=\"aligncenter size-large wp-image-11640\" src=\"http:\/\/www.conselharan.org\/wp-content\/uploads\/2016\/04\/IMG-20160422-WA0012-1024x768.jpg\" alt=\"IMG-20160422-WA0012\" width=\"1024\" height=\"768\" srcset=\"https:\/\/www.conselharan.org\/wp-content\/uploads\/2016\/04\/IMG-20160422-WA0012-1024x768.jpg 1024w, https:\/\/www.conselharan.org\/wp-content\/uploads\/2016\/04\/IMG-20160422-WA0012-300x225.jpg 300w, https:\/\/www.conselharan.org\/wp-content\/uploads\/2016\/04\/IMG-20160422-WA0012-768x576.jpg 768w, https:\/\/www.conselharan.org\/wp-content\/uploads\/2016\/04\/IMG-20160422-WA0012.jpg 1600w\" sizes=\"(max-width: 1024px) 100vw, 1024px\" \/><\/a><\/p>\n<p>&nbsp;<\/p>\n ","protected":false},"excerpt":{"rendered":"<p>Vielha, 23 d\u2019abril de 2016.- La diada de Sant Jordi ha comen\u00e7at a la Val d\u2019Aran amb les parades de venda de roses i llibres al carrer. De 12h a 13h del migdia s\u2019ha fet la lectura popular de textos literaris en aran\u00e8s en motiu de la celebraci\u00f3 de la diada de Sant Jordi, a&#8230;<\/p>\n","protected":false},"author":2,"featured_media":11643,"comment_status":"closed","ping_status":"closed","sticky":false,"template":"","format":"standard","meta":{"footnotes":""},"categories":[33],"tags":[],"_links":{"self":[{"href":"https:\/\/www.conselharan.org\/ca\/wp-json\/wp\/v2\/posts\/11646"}],"collection":[{"href":"https:\/\/www.conselharan.org\/ca\/wp-json\/wp\/v2\/posts"}],"about":[{"href":"https:\/\/www.conselharan.org\/ca\/wp-json\/wp\/v2\/types\/post"}],"author":[{"embeddable":true,"href":"https:\/\/www.conselharan.org\/ca\/wp-json\/wp\/v2\/users\/2"}],"replies":[{"embeddable":true,"href":"https:\/\/www.conselharan.org\/ca\/wp-json\/wp\/v2\/comments?post=11646"}],"version-history":[{"count":1,"href":"https:\/\/www.conselharan.org\/ca\/wp-json\/wp\/v2\/posts\/11646\/revisions"}],"predecessor-version":[{"id":11647,"href":"https:\/\/www.conselharan.org\/ca\/wp-json\/wp\/v2\/posts\/11646\/revisions\/11647"}],"wp:featuredmedia":[{"embeddable":true,"href":"https:\/\/www.conselharan.org\/ca\/wp-json\/wp\/v2\/media\/11643"}],"wp:attachment":[{"href":"https:\/\/www.conselharan.org\/ca\/wp-json\/wp\/v2\/media?parent=11646"}],"wp:term":[{"taxonomy":"category","embeddable":true,"href":"https:\/\/www.conselharan.org\/ca\/wp-json\/wp\/v2\/categories?post=11646"},{"taxonomy":"post_tag","embeddable":true,"href":"https:\/\/www.conselharan.org\/ca\/wp-json\/wp\/v2\/tags?post=11646"}],"curies":[{"name":"wp","href":"https:\/\/api.w.org\/{rel}","templated":true}]}}