{"id":11656,"date":"2016-04-25T20:31:12","date_gmt":"2016-04-25T18:31:12","guid":{"rendered":"http:\/\/www.conselharan.org\/ca\/?p=11656"},"modified":"2016-04-26T12:27:53","modified_gmt":"2016-04-26T10:27:53","slug":"el-ple-del-conselh-generau-daran-aprova-definitivament-la-modificacio-del-regim-de-gestio-del-servei-demergencies","status":"publish","type":"post","link":"https:\/\/www.conselharan.org\/ca\/el-ple-del-conselh-generau-daran-aprova-definitivament-la-modificacio-del-regim-de-gestio-del-servei-demergencies\/","title":{"rendered":"El ple del Conselh Generau d\u2019Aran aprova definitivament la modificaci\u00f3 del r\u00e8gim de gesti\u00f3 del servei d\u2019emerg\u00e8ncies"},"content":{"rendered":"<p><strong>El Ple tamb\u00e9 ha aprovat inicialment el pla pilot per a la regulaci\u00f3 de l\u2019acc\u00e9s motoritzat a la Ribera del Joeu, que es realitzar\u00e0 aquest estiu<\/strong><\/p>\n<p><strong>En l\u2019\u00e0mbit social destaca l\u2019aprovaci\u00f3 de l\u2019atribuci\u00f3 de les compet\u00e8ncies al Servei Aran\u00e8s de Ben\u00e8ster e Salut, per a la valoraci\u00f3 i resoluci\u00f3 dels expedients de discapacitat i depend\u00e8ncia\u00a0 <\/strong><\/p>\n<p>&nbsp;<\/p>\n<p><a href=\"http:\/\/www.conselharan.org\/wp-content\/uploads\/2016\/04\/IMG_1992-001.jpg\"><img loading=\"lazy\" decoding=\"async\" class=\"aligncenter size-large wp-image-11654\" src=\"http:\/\/www.conselharan.org\/wp-content\/uploads\/2016\/04\/IMG_1992-001-1024x514.jpg\" alt=\"IMG_1992-001\" width=\"1024\" height=\"514\" srcset=\"https:\/\/www.conselharan.org\/wp-content\/uploads\/2016\/04\/IMG_1992-001-1024x514.jpg 1024w, https:\/\/www.conselharan.org\/wp-content\/uploads\/2016\/04\/IMG_1992-001-300x151.jpg 300w, https:\/\/www.conselharan.org\/wp-content\/uploads\/2016\/04\/IMG_1992-001-768x386.jpg 768w, https:\/\/www.conselharan.org\/wp-content\/uploads\/2016\/04\/IMG_1992-001-640x320.jpg 640w\" sizes=\"(max-width: 1024px) 100vw, 1024px\" \/><\/a><\/p>\n<p>Vielha, 25 d\u2019abril de 2016.- El Ple del <strong>Conselh Generau d\u2019Aran<\/strong> en sessi\u00f3 ordin\u00e0ria celebrada a la Casa deth Senhor d\u2019Arr\u00f2s, ha aprovat definitivament amb els vots a favor del <strong>Gov\u00e8rn d\u2019Aran, de CDA<\/strong> i els vots en contra de l\u2019oposici\u00f3, UA-PSC i PRAG, <strong>la modificaci\u00f3 en r\u00e8gim de gesti\u00f3 del servei d\u2019emerg\u00e8ncies, prevenci\u00f3 i extinci\u00f3 d\u2019incendis, rescats de muntanya i protecci\u00f3 civil. <\/strong><\/p>\n<p>Aix\u00ed doncs el servei d\u2019emerg\u00e8ncies a la Val d\u2019Aran, \u00e9s regir\u00e0 a partir d\u2019ara a trav\u00e9s d\u2019una Societat de Responsabilitat Limitada de capital \u00edntegrament p\u00fablic. L\u2019oposici\u00f3 defensava que es fes, com ja havia defensat l\u2019anterior Gov\u00e8rn fa anys, a trav\u00e9s d\u2019una EPA (Emerg\u00e8ncies Pompi\u00e8rs d\u2019Aran), regida pr\u00e0cticament de forma assemble\u00e0ria. El model aprovat avui de Societat de Responsabilitat Limitada de capital p\u00fablic, definir\u00e0 la participaci\u00f3 en els processos que es determinin a trav\u00e9s del reglament que s\u2019ha de redactar pel funcionament de la Societat Pompi\u00e8rs Emrg\u00e8ncies SL. El sindic d\u2019Aran, <strong>Carlos Barrera<\/strong>, ha assenyalat que <strong><em>\u201caquesta diferencia, \u00e9s la que ha provocat la crispaci\u00f3 de l\u2019oposici\u00f3\u201d.<\/em> <\/strong>I ha afegit que<strong> <em>\u201c\u00e9s un posicionament propi d\u2019ego personal i de frustraci\u00f3 del cap de l\u2019oposici\u00f3, Frances Boya\u201d. <\/em>Barrera<em>, <\/em><\/strong>\u00a0tamb\u00e9 ha explicat que <strong><em>\u201caquesta possibilitat d\u2019avan\u00e7ar amb un model propi de la Val d\u2019Aran, nom\u00e9s es podia plantejar amb l\u2019empara de la nova Llei d\u2019Aran, ja que el que s\u2019havia plantejat amb anterioritat per part d\u2019UA i de PRAG, no era legalment possible\u201d.<\/em><\/strong><\/p>\n<p>El Ple, tamb\u00e9 ha aprovat amb els vots a favor del Gov\u00e8rn d\u2019Aran de CDA i l\u2019abstenci\u00f3 dels grups de l\u2019oposici\u00f3, la proba pilot per a la regulaci\u00f3 del acc\u00e9s motoritzat a la Ribera del Joeu. Aquesta proba pilot, que segons ha explicat el sindic d\u2019Aran, <strong>Carlos Barrera, \u00a0va ser abastament explicada durant els darrers mesos, a l\u2019ajuntament de Vielha e Mijaran i de Es Bordes, i a les EMD de Vilac i Aubert<\/strong>, tindr\u00e0 una durada de dos mesos i mig, de juny a agost, i comportar\u00e0 que els darrers 3 km de la pista de l\u2019Artiga de Lin, siguin regulats. Els vehicles que no disposin d\u2019autoritzaci\u00f3 d\u2019acc\u00e9s motoritzat, hauran d\u2019estacionar a l\u2019aparcament de l&#8217;ermita. L\u2019horari de regulaci\u00f3 ser\u00e0 de 9h del mat\u00ed a 18h. Els taxis del pa\u00eds, tindran lliure acc\u00e9s a l\u2019Artiga de Lin, aix\u00ed com la resta de ve\u00efns i ve\u00efnes de la Val d\u2019Aran, que paguin l\u2019impost de circulaci\u00f3 dels seus vehicles als ajuntaments de la Val d\u2019Aran. \u00a0En aquesta proba pilot, s\u2019habilitar\u00e0 un trenet, amb servei permanent per a les persones que el vulguin utilitzar. El preu del servei, ser\u00e0 de 2 euros per viatge en el cas dels adults, i d\u2019un euro per a nens d\u2019edats compreses entre els 3 i els 12 anys. Les conclusions que se`n extreguin d\u2019aquesta proba pilot, serviran per les decisions a prendre en un futur.<\/p>\n<p>En l\u2019\u00e0mbit social, cal destacar, l\u2019aprovaci\u00f3 per unanimitat del Ple del Conselh Generau d\u2019Aran, de l\u2019atribuci\u00f3 de compet\u00e8ncies al Servei Aran\u00e8s de Ben\u00e8ster e Salut (SABS), per a la valoraci\u00f3 i la resoluci\u00f3 dels expedients de discapacitat i de depend\u00e8ncia.<\/p>\n<p>En la sessi\u00f3 del Ple, tamb\u00e9 s\u2019ha aprovat una moci\u00f3 en contra del Acord entre la UE i Turquia, sobre la crisi de refugiats.<\/p>\n ","protected":false},"excerpt":{"rendered":"<p>El Ple tamb\u00e9 ha aprovat inicialment el pla pilot per a la regulaci\u00f3 de l\u2019acc\u00e9s motoritzat a la Ribera del Joeu, que es realitzar\u00e0 aquest estiu En l\u2019\u00e0mbit social destaca l\u2019aprovaci\u00f3 de l\u2019atribuci\u00f3 de les compet\u00e8ncies al Servei Aran\u00e8s de Ben\u00e8ster e Salut, per a la valoraci\u00f3 i resoluci\u00f3 dels expedients de discapacitat i depend\u00e8ncia\u00a0&#8230;<\/p>\n","protected":false},"author":2,"featured_media":11654,"comment_status":"closed","ping_status":"closed","sticky":false,"template":"","format":"standard","meta":{"footnotes":""},"categories":[53,36],"tags":[],"_links":{"self":[{"href":"https:\/\/www.conselharan.org\/ca\/wp-json\/wp\/v2\/posts\/11656"}],"collection":[{"href":"https:\/\/www.conselharan.org\/ca\/wp-json\/wp\/v2\/posts"}],"about":[{"href":"https:\/\/www.conselharan.org\/ca\/wp-json\/wp\/v2\/types\/post"}],"author":[{"embeddable":true,"href":"https:\/\/www.conselharan.org\/ca\/wp-json\/wp\/v2\/users\/2"}],"replies":[{"embeddable":true,"href":"https:\/\/www.conselharan.org\/ca\/wp-json\/wp\/v2\/comments?post=11656"}],"version-history":[{"count":2,"href":"https:\/\/www.conselharan.org\/ca\/wp-json\/wp\/v2\/posts\/11656\/revisions"}],"predecessor-version":[{"id":11661,"href":"https:\/\/www.conselharan.org\/ca\/wp-json\/wp\/v2\/posts\/11656\/revisions\/11661"}],"wp:featuredmedia":[{"embeddable":true,"href":"https:\/\/www.conselharan.org\/ca\/wp-json\/wp\/v2\/media\/11654"}],"wp:attachment":[{"href":"https:\/\/www.conselharan.org\/ca\/wp-json\/wp\/v2\/media?parent=11656"}],"wp:term":[{"taxonomy":"category","embeddable":true,"href":"https:\/\/www.conselharan.org\/ca\/wp-json\/wp\/v2\/categories?post=11656"},{"taxonomy":"post_tag","embeddable":true,"href":"https:\/\/www.conselharan.org\/ca\/wp-json\/wp\/v2\/tags?post=11656"}],"curies":[{"name":"wp","href":"https:\/\/api.w.org\/{rel}","templated":true}]}}