{"id":11719,"date":"2016-04-29T16:18:27","date_gmt":"2016-04-29T14:18:27","guid":{"rendered":"http:\/\/www.conselharan.org\/ca\/?p=11719"},"modified":"2016-04-29T16:18:27","modified_gmt":"2016-04-29T14:18:27","slug":"master-en-atencio-prehospitalaria-i-hospitalaria-urgent-maphu-a-la-val-daran","status":"publish","type":"post","link":"https:\/\/www.conselharan.org\/ca\/master-en-atencio-prehospitalaria-i-hospitalaria-urgent-maphu-a-la-val-daran\/","title":{"rendered":"M\u00e0ster en Atenci\u00f3 Prehospital\u00e0ria i Hospital\u00e0ria Urgent-MAPHU a la Val d\u2019Aran"},"content":{"rendered":"<p>Vielha, 29 d\u2019abril de 2016.- Del 27 al 30 d\u2019abril de 2016 organitzat pel <strong>Conselh Generau d\u2019Aran<\/strong>, en col\u00b7laboraci\u00f3 amb la <strong>Universitat de Barcelona<\/strong>, <strong>Pompi\u00e8rs d\u2019Aran<\/strong> i l\u2019<strong>Institut de Formaci\u00f3 Continua de Catalunya<\/strong>, s\u2019han dut a terme les activitats del M\u00e0ster en Atenci\u00f3 Prehospital\u00e0ria i Hospital\u00e0ria Urgent ,corresponents al m\u00f2dul d\u2019AMV (Atenci\u00f3 amb M\u00faltiples V\u00edctimes) i Atenci\u00f3 de Muntanya a la Val d\u2019Aran.<\/p>\n<p>Les activitats del M\u00e0ster, que ha comptat amb la col\u00b7laboraci\u00f3 del <strong>Servei Aran\u00e8s de Ben\u00e9ster e Salut (SABS)<\/strong> i de l\u2019empresa <strong>TAF Helic\u00f2pters-Group Habbok<\/strong>, s\u2019han desenvolupat durant els quatre dies en sessions de mat\u00ed i tarda en diferents indrets de la Val d\u2019Aran.<\/p>\n<p><a href=\"http:\/\/www.conselharan.org\/wp-content\/uploads\/2016\/04\/IMG_2162-001.jpg\"><img loading=\"lazy\" decoding=\"async\" class=\"aligncenter size-large wp-image-11715\" src=\"http:\/\/www.conselharan.org\/wp-content\/uploads\/2016\/04\/IMG_2162-001-1024x680.jpg\" alt=\"IMG_2162-001\" width=\"1024\" height=\"680\" srcset=\"https:\/\/www.conselharan.org\/wp-content\/uploads\/2016\/04\/IMG_2162-001-1024x680.jpg 1024w, https:\/\/www.conselharan.org\/wp-content\/uploads\/2016\/04\/IMG_2162-001-300x199.jpg 300w, https:\/\/www.conselharan.org\/wp-content\/uploads\/2016\/04\/IMG_2162-001-768x510.jpg 768w\" sizes=\"(max-width: 1024px) 100vw, 1024px\" \/><\/a><\/p>\n<p>Els alumnes del M\u00e0ster, han assolit coneixements sobre material de muntanya, maniobres de seguretat amb helic\u00f2pter, funcionament i estructura del GRAE, coneixement del material de rescat a l\u2019hivern, rescat en allaus, tractament en hipot\u00e8rmia, reanimaci\u00f3 de v\u00edctimes sepultades, sessions d\u2019habilitat en atenci\u00f3 a m\u00faltiples v\u00edctimes, entre d\u2019altres.<\/p>\n<p>El M\u00e0ster est\u00e0 dirigit per <strong>Javier Colina<\/strong>, professor titular d\u2019Infermeria de la UB, i <strong>Fran Carde\u00f1es<\/strong>, director t\u00e8cnic de TESVA, i coordinat per Juanmi Riu, \u00c0lex Orna, Xavier Bern\u00e1rdez i Fran T\u00e9bar.<\/p>\n<p>Segons ha explicat <strong>Javier Colina<\/strong>, el M\u00e0ster, \u00e9s la continuaci\u00f3 del Postgrau que \u00e9s va iniciar l\u2019any 1992, en el que a partir del curs 1999-2000 s\u2019hi va incorporar el m\u00f2dul de Muntanya que es realitza a la Val d\u2019Aran. L\u2019objectiu \u00e9s coordinar la feina del personal sanitari amb el personal d\u2019emerg\u00e8ncies, per posar en situaci\u00f3 les actuacions d\u2019uns i altres. M\u00e9s del 60% del personal d\u2019infermeria del SEM (Sistema d\u2019Emerg\u00e8ncies M\u00e8diques de la Generalitat de Catalunya), han passat pel M\u00e0ster en Atenci\u00f3 Prehospital\u00e0ria i Hospital\u00e0ria Urgent durant tots aquests anys.<\/p>\n<p><a href=\"http:\/\/www.conselharan.org\/wp-content\/uploads\/2016\/04\/IMG_2129-001.jpg\"><img loading=\"lazy\" decoding=\"async\" class=\"aligncenter size-large wp-image-11713\" src=\"http:\/\/www.conselharan.org\/wp-content\/uploads\/2016\/04\/IMG_2129-001-1024x761.jpg\" alt=\"IMG_2129-001\" width=\"1024\" height=\"761\" srcset=\"https:\/\/www.conselharan.org\/wp-content\/uploads\/2016\/04\/IMG_2129-001-1024x761.jpg 1024w, https:\/\/www.conselharan.org\/wp-content\/uploads\/2016\/04\/IMG_2129-001-300x223.jpg 300w, https:\/\/www.conselharan.org\/wp-content\/uploads\/2016\/04\/IMG_2129-001-768x571.jpg 768w\" sizes=\"(max-width: 1024px) 100vw, 1024px\" \/><\/a> <a href=\"http:\/\/www.conselharan.org\/wp-content\/uploads\/2016\/04\/IMG_2146-001.jpg\"><img loading=\"lazy\" decoding=\"async\" class=\"aligncenter size-large wp-image-11714\" src=\"http:\/\/www.conselharan.org\/wp-content\/uploads\/2016\/04\/IMG_2146-001-1024x666.jpg\" alt=\"IMG_2146-001\" width=\"1024\" height=\"666\" srcset=\"https:\/\/www.conselharan.org\/wp-content\/uploads\/2016\/04\/IMG_2146-001-1024x666.jpg 1024w, https:\/\/www.conselharan.org\/wp-content\/uploads\/2016\/04\/IMG_2146-001-300x195.jpg 300w, https:\/\/www.conselharan.org\/wp-content\/uploads\/2016\/04\/IMG_2146-001-768x500.jpg 768w\" sizes=\"(max-width: 1024px) 100vw, 1024px\" \/><\/a><\/p>\n ","protected":false},"excerpt":{"rendered":"<p>Vielha, 29 d\u2019abril de 2016.- Del 27 al 30 d\u2019abril de 2016 organitzat pel Conselh Generau d\u2019Aran, en col\u00b7laboraci\u00f3 amb la Universitat de Barcelona, Pompi\u00e8rs d\u2019Aran i l\u2019Institut de Formaci\u00f3 Continua de Catalunya, s\u2019han dut a terme les activitats del M\u00e0ster en Atenci\u00f3 Prehospital\u00e0ria i Hospital\u00e0ria Urgent ,corresponents al m\u00f2dul d\u2019AMV (Atenci\u00f3 amb M\u00faltiples V\u00edctimes)&#8230;<\/p>\n","protected":false},"author":2,"featured_media":11715,"comment_status":"closed","ping_status":"closed","sticky":false,"template":"","format":"standard","meta":{"footnotes":""},"categories":[33],"tags":[],"_links":{"self":[{"href":"https:\/\/www.conselharan.org\/ca\/wp-json\/wp\/v2\/posts\/11719"}],"collection":[{"href":"https:\/\/www.conselharan.org\/ca\/wp-json\/wp\/v2\/posts"}],"about":[{"href":"https:\/\/www.conselharan.org\/ca\/wp-json\/wp\/v2\/types\/post"}],"author":[{"embeddable":true,"href":"https:\/\/www.conselharan.org\/ca\/wp-json\/wp\/v2\/users\/2"}],"replies":[{"embeddable":true,"href":"https:\/\/www.conselharan.org\/ca\/wp-json\/wp\/v2\/comments?post=11719"}],"version-history":[{"count":1,"href":"https:\/\/www.conselharan.org\/ca\/wp-json\/wp\/v2\/posts\/11719\/revisions"}],"predecessor-version":[{"id":11720,"href":"https:\/\/www.conselharan.org\/ca\/wp-json\/wp\/v2\/posts\/11719\/revisions\/11720"}],"wp:featuredmedia":[{"embeddable":true,"href":"https:\/\/www.conselharan.org\/ca\/wp-json\/wp\/v2\/media\/11715"}],"wp:attachment":[{"href":"https:\/\/www.conselharan.org\/ca\/wp-json\/wp\/v2\/media?parent=11719"}],"wp:term":[{"taxonomy":"category","embeddable":true,"href":"https:\/\/www.conselharan.org\/ca\/wp-json\/wp\/v2\/categories?post=11719"},{"taxonomy":"post_tag","embeddable":true,"href":"https:\/\/www.conselharan.org\/ca\/wp-json\/wp\/v2\/tags?post=11719"}],"curies":[{"name":"wp","href":"https:\/\/api.w.org\/{rel}","templated":true}]}}