{"id":11730,"date":"2016-04-29T21:48:23","date_gmt":"2016-04-29T19:48:23","guid":{"rendered":"http:\/\/www.conselharan.org\/ca\/?p=11730"},"modified":"2016-04-29T21:48:54","modified_gmt":"2016-04-29T19:48:54","slug":"el-centre-de-formacio-dadults-val-daran-segueix-ampliant-loferta-ditineraris-educatius","status":"publish","type":"post","link":"https:\/\/www.conselharan.org\/ca\/el-centre-de-formacio-dadults-val-daran-segueix-ampliant-loferta-ditineraris-educatius\/","title":{"rendered":"El Centre de Formaci\u00f3 d\u2019Adults Val d\u2019Aran segueix ampliant l\u2019oferta d\u2019itineraris educatius"},"content":{"rendered":"<p>Vielha, 29 d\u2019abril de 2016.- El <strong>Centre de Formaci\u00f3 d\u2019Adults\u00a0Val d&#8217;Aran<\/strong> ofereix a la poblaci\u00f3 adulta un gran ventall de cursos per tal d\u2019ampliar\u00a0coneixements i enriquir la formaci\u00f3 global, que permet als alumnes adaptar-se a les demandes de la societat i accedir a altres nivells d\u2019estudis o al m\u00f3n laboral.<\/p>\n<p>Aquest curs 2015-2016, el Centre de Formaci\u00f3 d\u2019Adults ofereix ensenyaments inicials i b\u00e0sics i compet\u00e8ncies per a la societat de la informaci\u00f3 (Angl\u00e8s, Franc\u00e8s i Inform\u00e0tica b\u00e0sica i nivell d\u2019usuari); formaci\u00f3 b\u00e0sica (Graduat en Educaci\u00f3 Secundaria Obligat\u00f2ria-GES), aix\u00ed com la preparaci\u00f3 per a les proves d\u2019acc\u00e9s a Cicles formatius de Grau Superior. Pel que fa a les lleng\u00fces, aquest curs hi ha tres nivells d\u2019angl\u00e8s i franc\u00e8s, mentre que se\u2019n ofereixen quatre d\u2019inform\u00e0tica. La intenci\u00f3 de la responsable del Centre d\u2019Adults Val d\u2019Aran, <strong>Montse Garc\u00eda<\/strong>, \u00e9s de cara al curs vinent, posar en marxa cursos monogr\u00e0fics intensius adre\u00e7ats a monitors d\u2019esqu\u00ed i d\u2019ETEVA, i a professionals del sector de l\u2019hostaleria enfocats a l\u2019atenci\u00f3 al client en hotels i restaurants.<\/p>\n<p>Algunes de les activitats que m\u00e9s acceptaci\u00f3 ha tingut enguany han estat el Cinef\u00f2rum en angl\u00e8s i franc\u00e8s, i les pr\u00e0ctiques de conversa adre\u00e7ades a professionals del comer\u00e7, impulsada per l\u2019associaci\u00f3 d\u2019alumnes del centre.<\/p>\n<p><a href=\"http:\/\/www.conselharan.org\/wp-content\/uploads\/2016\/04\/IMAG0118.jpg\"><img loading=\"lazy\" decoding=\"async\" class=\"size-large wp-image-11727\" src=\"http:\/\/www.conselharan.org\/wp-content\/uploads\/2016\/04\/IMAG0118-1024x768.jpg\" alt=\"470,9752,264,722,92,1001,999,998,1077,39569,0\" width=\"1024\" height=\"768\" srcset=\"https:\/\/www.conselharan.org\/wp-content\/uploads\/2016\/04\/IMAG0118-1024x768.jpg 1024w, https:\/\/www.conselharan.org\/wp-content\/uploads\/2016\/04\/IMAG0118-300x225.jpg 300w, https:\/\/www.conselharan.org\/wp-content\/uploads\/2016\/04\/IMAG0118-768x576.jpg 768w\" sizes=\"(max-width: 1024px) 100vw, 1024px\" \/><\/a><\/p>\n<p>El Centre de Formaci\u00f3 d\u2019Adults Val d\u2019Aran, tamb\u00e9 s\u2019ocupa de fer l\u2019acompanyament a trav\u00e9s del IOC per a tots aquells alumnes que no han obtingut l\u2019ESO, actuant com a punt de suport. Pel que fa a la preparaci\u00f3 de les proves d\u2019acc\u00e9s a estudis universitaris, tot i que no hi ha cap tipus de requisit previ, el centre fa una prova de nivell per saber en quin punt es troben els alumnes.<\/p>\n<p><strong>Conveni de col\u00b7laboraci\u00f3 entre el Departament d\u2019Ensenyament de la Generalitat de Catalunya, Ajuntament de Vielha e Mijaran i Conselh Generau d\u2019Aran, en mat\u00e8ria de Serveis Educatius i el Centre de Formaci\u00f3 d\u2019Adults Val d\u2019Aran<\/strong><\/p>\n<p>El Departament d\u2019Ensenyament de la Generalitat de Catalunya, com a titular del Servei Educatiu i del Centre de Formaci\u00f3 d\u2019Adults de la Val d\u2019Aran ha signat un conveni de col\u00b7laboraci\u00f3 amb el Conselh Generau d\u2019Aran i l\u2019Ajuntament de Vielha e Mijaran, pel que fa a les despeses d\u2019us, manteniment i conservaci\u00f3 de l\u2019edifici del Centre de Formaci\u00f3 d\u2019Adults Val d\u2019Aran, a trav\u00e9s del qual el Departament d\u2019Ensenyament hi aportar\u00e0 5.000\u20ac, per a la despesa d\u2019alarma, neteja i tel\u00e8fon; el Conselh Generau d\u2019Aran, aportar\u00e0 5.000\u20ac, per a les despeses generades pel manteniment de l\u2019edifici; i l\u2019Ajuntament de Vielha e Mijaran, assumir\u00e0 les despeses de neteja de l\u2019edifici, aix\u00ed com del subministrament de llum i de calefacci\u00f3.<\/p>\n<div id=\"attachment_11726\" style=\"width: 1034px\" class=\"wp-caption aligncenter\"><a href=\"http:\/\/www.conselharan.org\/wp-content\/uploads\/2016\/04\/IMAG0020.jpg\"><img loading=\"lazy\" decoding=\"async\" aria-describedby=\"caption-attachment-11726\" class=\"size-large wp-image-11726\" src=\"http:\/\/www.conselharan.org\/wp-content\/uploads\/2016\/04\/IMAG0020-1024x768.jpg\" alt=\"470,8376,936,978,82,1074,1000,998,1077,23141,0\" width=\"1024\" height=\"768\" srcset=\"https:\/\/www.conselharan.org\/wp-content\/uploads\/2016\/04\/IMAG0020-1024x768.jpg 1024w, https:\/\/www.conselharan.org\/wp-content\/uploads\/2016\/04\/IMAG0020-300x225.jpg 300w, https:\/\/www.conselharan.org\/wp-content\/uploads\/2016\/04\/IMAG0020-768x576.jpg 768w\" sizes=\"(max-width: 1024px) 100vw, 1024px\" \/><\/a><p id=\"caption-attachment-11726\" class=\"wp-caption-text\">470,8376,936,978,82,1074,1000,998,1077,23141,0<\/p><\/div>\n<p><a href=\"http:\/\/www.conselharan.org\/wp-content\/uploads\/2016\/04\/2015-11-26-17.10.59.jpg\"><img loading=\"lazy\" decoding=\"async\" class=\"aligncenter size-large wp-image-11725\" src=\"http:\/\/www.conselharan.org\/wp-content\/uploads\/2016\/04\/2015-11-26-17.10.59-1024x768.jpg\" alt=\"2015-11-26 17.10.59\" width=\"1024\" height=\"768\" srcset=\"https:\/\/www.conselharan.org\/wp-content\/uploads\/2016\/04\/2015-11-26-17.10.59-1024x768.jpg 1024w, https:\/\/www.conselharan.org\/wp-content\/uploads\/2016\/04\/2015-11-26-17.10.59-300x225.jpg 300w, https:\/\/www.conselharan.org\/wp-content\/uploads\/2016\/04\/2015-11-26-17.10.59-768x576.jpg 768w\" sizes=\"(max-width: 1024px) 100vw, 1024px\" \/><\/a> <a href=\"http:\/\/www.conselharan.org\/wp-content\/uploads\/2016\/04\/2013-11-12-17.02.24.jpg\"><img loading=\"lazy\" decoding=\"async\" class=\"aligncenter size-large wp-image-11724\" src=\"http:\/\/www.conselharan.org\/wp-content\/uploads\/2016\/04\/2013-11-12-17.02.24-1024x768.jpg\" alt=\"2013-11-12 17.02.24\" width=\"1024\" height=\"768\" srcset=\"https:\/\/www.conselharan.org\/wp-content\/uploads\/2016\/04\/2013-11-12-17.02.24-1024x768.jpg 1024w, https:\/\/www.conselharan.org\/wp-content\/uploads\/2016\/04\/2013-11-12-17.02.24-300x225.jpg 300w, https:\/\/www.conselharan.org\/wp-content\/uploads\/2016\/04\/2013-11-12-17.02.24-768x576.jpg 768w, https:\/\/www.conselharan.org\/wp-content\/uploads\/2016\/04\/2013-11-12-17.02.24.jpg 2048w\" sizes=\"(max-width: 1024px) 100vw, 1024px\" \/><\/a><\/p>\n ","protected":false},"excerpt":{"rendered":"<p>Vielha, 29 d\u2019abril de 2016.- El Centre de Formaci\u00f3 d\u2019Adults\u00a0Val d&#8217;Aran ofereix a la poblaci\u00f3 adulta un gran ventall de cursos per tal d\u2019ampliar\u00a0coneixements i enriquir la formaci\u00f3 global, que permet als alumnes adaptar-se a les demandes de la societat i accedir a altres nivells d\u2019estudis o al m\u00f3n laboral. Aquest curs 2015-2016, el Centre&#8230;<\/p>\n","protected":false},"author":2,"featured_media":11727,"comment_status":"closed","ping_status":"closed","sticky":false,"template":"","format":"standard","meta":{"footnotes":""},"categories":[33],"tags":[],"_links":{"self":[{"href":"https:\/\/www.conselharan.org\/ca\/wp-json\/wp\/v2\/posts\/11730"}],"collection":[{"href":"https:\/\/www.conselharan.org\/ca\/wp-json\/wp\/v2\/posts"}],"about":[{"href":"https:\/\/www.conselharan.org\/ca\/wp-json\/wp\/v2\/types\/post"}],"author":[{"embeddable":true,"href":"https:\/\/www.conselharan.org\/ca\/wp-json\/wp\/v2\/users\/2"}],"replies":[{"embeddable":true,"href":"https:\/\/www.conselharan.org\/ca\/wp-json\/wp\/v2\/comments?post=11730"}],"version-history":[{"count":1,"href":"https:\/\/www.conselharan.org\/ca\/wp-json\/wp\/v2\/posts\/11730\/revisions"}],"predecessor-version":[{"id":11731,"href":"https:\/\/www.conselharan.org\/ca\/wp-json\/wp\/v2\/posts\/11730\/revisions\/11731"}],"wp:featuredmedia":[{"embeddable":true,"href":"https:\/\/www.conselharan.org\/ca\/wp-json\/wp\/v2\/media\/11727"}],"wp:attachment":[{"href":"https:\/\/www.conselharan.org\/ca\/wp-json\/wp\/v2\/media?parent=11730"}],"wp:term":[{"taxonomy":"category","embeddable":true,"href":"https:\/\/www.conselharan.org\/ca\/wp-json\/wp\/v2\/categories?post=11730"},{"taxonomy":"post_tag","embeddable":true,"href":"https:\/\/www.conselharan.org\/ca\/wp-json\/wp\/v2\/tags?post=11730"}],"curies":[{"name":"wp","href":"https:\/\/api.w.org\/{rel}","templated":true}]}}