{"id":11738,"date":"2016-05-02T18:18:32","date_gmt":"2016-05-02T16:18:32","guid":{"rendered":"http:\/\/www.conselharan.org\/ca\/?p=11738"},"modified":"2016-05-02T18:18:32","modified_gmt":"2016-05-02T16:18:32","slug":"el-curling-val-daran-sots-campio-de-la-1a-copa-despanya","status":"publish","type":"post","link":"https:\/\/www.conselharan.org\/ca\/el-curling-val-daran-sots-campio-de-la-1a-copa-despanya\/","title":{"rendered":"El Curling Val d\u2019Aran, Sots-campi\u00f3 de la 1\u00aa Copa d\u2019Espanya"},"content":{"rendered":"<p>Vielha, 2 de maig de 2016.- L\u2019equip del <strong>Club Curling Val d\u2019Aran<\/strong> integrat per <strong>H\u00e9ctor Manero, Adri\u00e1n Manero, Jes\u00fas Manero, Marc Bar\u00e9s i Sara Escobar<\/strong>, s\u2019ha proclamat Sots-Campi\u00f3 de la 1\u00aa Copa d\u2019Espanya de curling, organitzada per FEDH, que s\u2019ha disputat aquest cap de setmana al Palau de Gel de Jaca. La primera pla\u00e7a ha estat per l\u2019equip Madrid B52, tot i que ambd\u00f3s equips han guanyat els seus respectius partits, i han finalitzat el campionat amb 8 punts.<\/p>\n<p>El conselh\u00e8r d\u2019Esports del Conselh Generau d\u2019Aran, <strong>Lu\u00eds Carlos Medina<\/strong>, ha volgut felicitar als integrants del Club Curling Val d\u2019Aran per la plata obtinguda i els ha encoratjat a continuar mantenint la dedicaci\u00f3 i esfor\u00e7 en aquest esport minoritari que tan bons resultats afegeix a l\u2019esport aran\u00e8s.<\/p>\n<p><a href=\"http:\/\/www.conselharan.org\/wp-content\/uploads\/2016\/05\/13103381_245529535835721_801269022650734860_n.jpg\"><img loading=\"lazy\" decoding=\"async\" class=\"aligncenter size-full wp-image-11735\" src=\"http:\/\/www.conselharan.org\/wp-content\/uploads\/2016\/05\/13103381_245529535835721_801269022650734860_n.jpg\" alt=\"13103381_245529535835721_801269022650734860_n\" width=\"960\" height=\"688\" srcset=\"https:\/\/www.conselharan.org\/wp-content\/uploads\/2016\/05\/13103381_245529535835721_801269022650734860_n.jpg 960w, https:\/\/www.conselharan.org\/wp-content\/uploads\/2016\/05\/13103381_245529535835721_801269022650734860_n-300x215.jpg 300w, https:\/\/www.conselharan.org\/wp-content\/uploads\/2016\/05\/13103381_245529535835721_801269022650734860_n-768x550.jpg 768w\" sizes=\"(max-width: 960px) 100vw, 960px\" \/><\/a> <a href=\"http:\/\/www.conselharan.org\/wp-content\/uploads\/2016\/05\/13096211_245530485835626_8072211152683359760_n.jpg\"><img loading=\"lazy\" decoding=\"async\" class=\"aligncenter size-full wp-image-11736\" src=\"http:\/\/www.conselharan.org\/wp-content\/uploads\/2016\/05\/13096211_245530485835626_8072211152683359760_n.jpg\" alt=\"13096211_245530485835626_8072211152683359760_n\" width=\"918\" height=\"900\" srcset=\"https:\/\/www.conselharan.org\/wp-content\/uploads\/2016\/05\/13096211_245530485835626_8072211152683359760_n.jpg 918w, https:\/\/www.conselharan.org\/wp-content\/uploads\/2016\/05\/13096211_245530485835626_8072211152683359760_n-300x294.jpg 300w, https:\/\/www.conselharan.org\/wp-content\/uploads\/2016\/05\/13096211_245530485835626_8072211152683359760_n-768x753.jpg 768w, https:\/\/www.conselharan.org\/wp-content\/uploads\/2016\/05\/13096211_245530485835626_8072211152683359760_n-75x75.jpg 75w\" sizes=\"(max-width: 918px) 100vw, 918px\" \/><\/a><\/p>\n ","protected":false},"excerpt":{"rendered":"<p>Vielha, 2 de maig de 2016.- L\u2019equip del Club Curling Val d\u2019Aran integrat per H\u00e9ctor Manero, Adri\u00e1n Manero, Jes\u00fas Manero, Marc Bar\u00e9s i Sara Escobar, s\u2019ha proclamat Sots-Campi\u00f3 de la 1\u00aa Copa d\u2019Espanya de curling, organitzada per FEDH, que s\u2019ha disputat aquest cap de setmana al Palau de Gel de Jaca. La primera pla\u00e7a ha&#8230;<\/p>\n","protected":false},"author":2,"featured_media":11736,"comment_status":"closed","ping_status":"closed","sticky":false,"template":"","format":"standard","meta":{"footnotes":""},"categories":[33],"tags":[],"_links":{"self":[{"href":"https:\/\/www.conselharan.org\/ca\/wp-json\/wp\/v2\/posts\/11738"}],"collection":[{"href":"https:\/\/www.conselharan.org\/ca\/wp-json\/wp\/v2\/posts"}],"about":[{"href":"https:\/\/www.conselharan.org\/ca\/wp-json\/wp\/v2\/types\/post"}],"author":[{"embeddable":true,"href":"https:\/\/www.conselharan.org\/ca\/wp-json\/wp\/v2\/users\/2"}],"replies":[{"embeddable":true,"href":"https:\/\/www.conselharan.org\/ca\/wp-json\/wp\/v2\/comments?post=11738"}],"version-history":[{"count":1,"href":"https:\/\/www.conselharan.org\/ca\/wp-json\/wp\/v2\/posts\/11738\/revisions"}],"predecessor-version":[{"id":11739,"href":"https:\/\/www.conselharan.org\/ca\/wp-json\/wp\/v2\/posts\/11738\/revisions\/11739"}],"wp:featuredmedia":[{"embeddable":true,"href":"https:\/\/www.conselharan.org\/ca\/wp-json\/wp\/v2\/media\/11736"}],"wp:attachment":[{"href":"https:\/\/www.conselharan.org\/ca\/wp-json\/wp\/v2\/media?parent=11738"}],"wp:term":[{"taxonomy":"category","embeddable":true,"href":"https:\/\/www.conselharan.org\/ca\/wp-json\/wp\/v2\/categories?post=11738"},{"taxonomy":"post_tag","embeddable":true,"href":"https:\/\/www.conselharan.org\/ca\/wp-json\/wp\/v2\/tags?post=11738"}],"curies":[{"name":"wp","href":"https:\/\/api.w.org\/{rel}","templated":true}]}}