{"id":11752,"date":"2016-05-04T13:44:28","date_gmt":"2016-05-04T11:44:28","guid":{"rendered":"http:\/\/www.conselharan.org\/ca\/?p=11752"},"modified":"2016-05-04T13:44:28","modified_gmt":"2016-05-04T11:44:28","slug":"pompiers-daran-participa-al-campionat-de-catalunya-de-rescats-de-transit","status":"publish","type":"post","link":"https:\/\/www.conselharan.org\/ca\/pompiers-daran-participa-al-campionat-de-catalunya-de-rescats-de-transit\/","title":{"rendered":"Pompi\u00e8rs d&#8217;Aran participa al Campionat de Catalunya de Rescats de Tr\u00e0nsit"},"content":{"rendered":"<p>Vielha, 4 de maig de 2016.- Un equip dels Pompi\u00e8rs d&#8217;Aran ha competit per tercer any consecutiu, al <strong>Campionat de Catalunya de Rescats de Tr\u00e0nsit<\/strong> que s&#8217;ha celebrat a l&#8217;Institut de Seguretat P\u00fablica de Catalunya, a Mollet del Vall\u00e8s.<\/p>\n<p>L&#8217;equip de Pompi\u00e8rs d&#8217;Aran, integrat per <strong>Alejandro Orna<\/strong> (comand\u00e0ncia), <strong>Maria Vilches<\/strong> (sanit\u00e0ria), <strong>Javier Cavero, Jordi L\u00f3pez, H\u00e9ctor Cardet i Manel Ense\u00f1at<\/strong> (equip t\u00e8cnic), ha hagut d\u2019executar el seu treball a partir de la seg\u00fcent simulaci\u00f3:<\/p>\n<p>Accident de tr\u00e0nsit, amb dos vehicles implicats (maniobra complexa). Hi ha dues v\u00edctimes, una a l&#8217;exterior dels vehicles amb un dels seus membres atrapat per una roda i l&#8217;altra, a l&#8217;interior d&#8217;un vehicle atrapat.<\/p>\n<p>El cap de l&#8217;equip ha de decidir la millor manera d&#8217;abordar l&#8217;accident i l&#8217;equip t\u00e8cnic, al costat de la sanit\u00e0ria, realitzar l&#8217;acci\u00f3 en el menor temps possible. El temps m\u00e0xim per a l&#8217;exercici era de 30 minuts.<\/p>\n<p>El campionat de Catalunya de Rescats de Tr\u00e0nsit, t\u00e9 una durada de tres dies, des del dimarts 3 de maig fins el dijous 6 de maig, dia que es donaran a con\u00e8ixer els resultats. L&#8217;equip de Pompi\u00e8rs d&#8217;Aran va realitzar la seva intervenci\u00f3 ahir dimarts, i haur\u00e0 d&#8217;esperar fins dem\u00e0 dijous per con\u00e8ixer els resultats i la classificaci\u00f3.<\/p>\n<p>Els dos millors equips classificats del Campionat de Catalunya, passaran a disputar el Campionat Nacional que es realitzar\u00e0 a Alcorc\u00f3n (Madrid).<\/p>\n<p>Font: Bombers.cat<\/p>\n<p><a href=\"http:\/\/www.conselharan.org\/wp-content\/uploads\/2016\/05\/Captura-de-pantalla-completa-04052016-130425.jpg\"><img loading=\"lazy\" decoding=\"async\" class=\"aligncenter size-full wp-image-11747\" src=\"http:\/\/www.conselharan.org\/wp-content\/uploads\/2016\/05\/Captura-de-pantalla-completa-04052016-130425.jpg\" alt=\"Captura de pantalla completa 04052016 130425\" width=\"727\" height=\"424\" srcset=\"https:\/\/www.conselharan.org\/wp-content\/uploads\/2016\/05\/Captura-de-pantalla-completa-04052016-130425.jpg 727w, https:\/\/www.conselharan.org\/wp-content\/uploads\/2016\/05\/Captura-de-pantalla-completa-04052016-130425-300x175.jpg 300w\" sizes=\"(max-width: 727px) 100vw, 727px\" \/><\/a><\/p>\n ","protected":false},"excerpt":{"rendered":"<p>Vielha, 4 de maig de 2016.- Un equip dels Pompi\u00e8rs d&#8217;Aran ha competit per tercer any consecutiu, al Campionat de Catalunya de Rescats de Tr\u00e0nsit que s&#8217;ha celebrat a l&#8217;Institut de Seguretat P\u00fablica de Catalunya, a Mollet del Vall\u00e8s. L&#8217;equip de Pompi\u00e8rs d&#8217;Aran, integrat per Alejandro Orna (comand\u00e0ncia), Maria Vilches (sanit\u00e0ria), Javier Cavero, Jordi L\u00f3pez,&#8230;<\/p>\n","protected":false},"author":2,"featured_media":11750,"comment_status":"closed","ping_status":"closed","sticky":false,"template":"","format":"standard","meta":{"footnotes":""},"categories":[53,36],"tags":[],"_links":{"self":[{"href":"https:\/\/www.conselharan.org\/ca\/wp-json\/wp\/v2\/posts\/11752"}],"collection":[{"href":"https:\/\/www.conselharan.org\/ca\/wp-json\/wp\/v2\/posts"}],"about":[{"href":"https:\/\/www.conselharan.org\/ca\/wp-json\/wp\/v2\/types\/post"}],"author":[{"embeddable":true,"href":"https:\/\/www.conselharan.org\/ca\/wp-json\/wp\/v2\/users\/2"}],"replies":[{"embeddable":true,"href":"https:\/\/www.conselharan.org\/ca\/wp-json\/wp\/v2\/comments?post=11752"}],"version-history":[{"count":1,"href":"https:\/\/www.conselharan.org\/ca\/wp-json\/wp\/v2\/posts\/11752\/revisions"}],"predecessor-version":[{"id":11753,"href":"https:\/\/www.conselharan.org\/ca\/wp-json\/wp\/v2\/posts\/11752\/revisions\/11753"}],"wp:featuredmedia":[{"embeddable":true,"href":"https:\/\/www.conselharan.org\/ca\/wp-json\/wp\/v2\/media\/11750"}],"wp:attachment":[{"href":"https:\/\/www.conselharan.org\/ca\/wp-json\/wp\/v2\/media?parent=11752"}],"wp:term":[{"taxonomy":"category","embeddable":true,"href":"https:\/\/www.conselharan.org\/ca\/wp-json\/wp\/v2\/categories?post=11752"},{"taxonomy":"post_tag","embeddable":true,"href":"https:\/\/www.conselharan.org\/ca\/wp-json\/wp\/v2\/tags?post=11752"}],"curies":[{"name":"wp","href":"https:\/\/api.w.org\/{rel}","templated":true}]}}