{"id":11758,"date":"2016-05-04T15:18:53","date_gmt":"2016-05-04T13:18:53","guid":{"rendered":"http:\/\/www.conselharan.org\/ca\/?p=11758"},"modified":"2016-05-04T15:19:37","modified_gmt":"2016-05-04T13:19:37","slug":"el-conselh-generau-daran-activara-a-bagergue-el-protocol-dintervencio-en-ossos-amb-comportament-atipic","status":"publish","type":"post","link":"https:\/\/www.conselharan.org\/ca\/el-conselh-generau-daran-activara-a-bagergue-el-protocol-dintervencio-en-ossos-amb-comportament-atipic\/","title":{"rendered":"El Conselh Generau d\u2019Aran activar\u00e0 a Bagergue el protocol d\u2019intervenci\u00f3 en \u00f3ssos amb comportament at\u00edpic"},"content":{"rendered":"<p><strong>\u2022 En 15 dies l&#8217;\u00f3s ha atacat 2 vegades a Bagergue saltant el tancat del ramat d&#8217;ovelles.<\/strong><\/p>\n<p><strong>\u2022 El tancat possiblement es va trencar per les mateixes ovelles espantades davant la pres\u00e8ncia de l&#8217;\u00f3s.<\/strong><\/p>\n<p>&nbsp;<\/p>\n<p><img loading=\"lazy\" decoding=\"async\" class=\"aligncenter size-large wp-image-11755\" src=\"http:\/\/www.conselharan.org\/wp-content\/uploads\/2016\/05\/bagergue-1024x576.jpg\" alt=\"bagergue\" width=\"1024\" height=\"576\" srcset=\"https:\/\/www.conselharan.org\/wp-content\/uploads\/2016\/05\/bagergue-1024x576.jpg 1024w, https:\/\/www.conselharan.org\/wp-content\/uploads\/2016\/05\/bagergue-300x169.jpg 300w, https:\/\/www.conselharan.org\/wp-content\/uploads\/2016\/05\/bagergue-768x432.jpg 768w, https:\/\/www.conselharan.org\/wp-content\/uploads\/2016\/05\/bagergue.jpg 1599w\" sizes=\"(max-width: 1024px) 100vw, 1024px\" \/><\/p>\n<p>&nbsp;<\/p>\n<p>Despr\u00e9s dels 2 atacs de l&#8217;\u00f3s a Bagergue en 15 dies, el Conselh Generau d\u2019Aran a trav\u00e9s del Departament d&#8217;Agricultura, Ramaderia i Medi Natural d&#8217;Aran activar\u00e0 en breu el protocol d&#8217;intervenci\u00f3 en casos d&#8217;\u00f3ssos amb comportament at\u00edpic.<\/p>\n<p>En aquest cas, l&#8217;\u00f3s no arriba al llindar del que es considera t\u00e8cnicament \u201c<strong>\u00f3s condicionat\u201d<\/strong>, \u00e9s a dir l&#8217;\u00f3s associa aliments amb instal\u2022lacions humanes.<\/p>\n<p>El Gov\u00e8rn d&#8217;Aran aplicar\u00e0 mesures de condicionament aversiu, mitjan\u00e7ant pres\u00e8ncia humana i dissuasi\u00f3 ac\u00fastica per evitar que l&#8217;\u00f3s arribi a ser un animal condicionat.<\/p>\n<p>&nbsp;<\/p>\n<p><img loading=\"lazy\" decoding=\"async\" class=\"aligncenter size-large wp-image-11756\" src=\"http:\/\/www.conselharan.org\/wp-content\/uploads\/2016\/05\/bagergue1-1024x576.jpg\" alt=\"bagergue1\" width=\"1024\" height=\"576\" srcset=\"https:\/\/www.conselharan.org\/wp-content\/uploads\/2016\/05\/bagergue1-1024x576.jpg 1024w, https:\/\/www.conselharan.org\/wp-content\/uploads\/2016\/05\/bagergue1-300x169.jpg 300w, https:\/\/www.conselharan.org\/wp-content\/uploads\/2016\/05\/bagergue1-768x432.jpg 768w, https:\/\/www.conselharan.org\/wp-content\/uploads\/2016\/05\/bagergue1.jpg 1600w\" sizes=\"(max-width: 1024px) 100vw, 1024px\" \/><\/p>\n<p>&nbsp;<\/p>\n<p>D&#8217;altra banda, s&#8217;ha millorat la protecci\u00f3 de les instal\u2022lacions de l&#8217;explotaci\u00f3 ramadera.<\/p>\n<p>&nbsp;<\/p>\n<p>&nbsp;<\/p>\n<p>Vielha, 4 de maig de 2016<\/p>\n<p>&nbsp;<\/p>\n<p><em>Conselh Generau d&#8217;Aran: N\u00faria Sanjuan<\/em><\/p>\n ","protected":false},"excerpt":{"rendered":"<p>\u2022 En 15 dies l&#8217;\u00f3s ha atacat 2 vegades a Bagergue saltant el tancat del ramat d&#8217;ovelles. \u2022 El tancat possiblement es va trencar per les mateixes ovelles espantades davant la pres\u00e8ncia de l&#8217;\u00f3s. &nbsp; &nbsp; Despr\u00e9s dels 2 atacs de l&#8217;\u00f3s a Bagergue en 15 dies, el Conselh Generau d\u2019Aran a trav\u00e9s del Departament&#8230;<\/p>\n","protected":false},"author":2,"featured_media":11755,"comment_status":"closed","ping_status":"closed","sticky":false,"template":"","format":"standard","meta":{"footnotes":""},"categories":[53,127,36],"tags":[],"_links":{"self":[{"href":"https:\/\/www.conselharan.org\/ca\/wp-json\/wp\/v2\/posts\/11758"}],"collection":[{"href":"https:\/\/www.conselharan.org\/ca\/wp-json\/wp\/v2\/posts"}],"about":[{"href":"https:\/\/www.conselharan.org\/ca\/wp-json\/wp\/v2\/types\/post"}],"author":[{"embeddable":true,"href":"https:\/\/www.conselharan.org\/ca\/wp-json\/wp\/v2\/users\/2"}],"replies":[{"embeddable":true,"href":"https:\/\/www.conselharan.org\/ca\/wp-json\/wp\/v2\/comments?post=11758"}],"version-history":[{"count":1,"href":"https:\/\/www.conselharan.org\/ca\/wp-json\/wp\/v2\/posts\/11758\/revisions"}],"predecessor-version":[{"id":11759,"href":"https:\/\/www.conselharan.org\/ca\/wp-json\/wp\/v2\/posts\/11758\/revisions\/11759"}],"wp:featuredmedia":[{"embeddable":true,"href":"https:\/\/www.conselharan.org\/ca\/wp-json\/wp\/v2\/media\/11755"}],"wp:attachment":[{"href":"https:\/\/www.conselharan.org\/ca\/wp-json\/wp\/v2\/media?parent=11758"}],"wp:term":[{"taxonomy":"category","embeddable":true,"href":"https:\/\/www.conselharan.org\/ca\/wp-json\/wp\/v2\/categories?post=11758"},{"taxonomy":"post_tag","embeddable":true,"href":"https:\/\/www.conselharan.org\/ca\/wp-json\/wp\/v2\/tags?post=11758"}],"curies":[{"name":"wp","href":"https:\/\/api.w.org\/{rel}","templated":true}]}}