{"id":11801,"date":"2016-05-05T16:39:02","date_gmt":"2016-05-05T14:39:02","guid":{"rendered":"http:\/\/www.conselharan.org\/ca\/?p=11801"},"modified":"2016-05-10T18:06:19","modified_gmt":"2016-05-10T16:06:19","slug":"el-conselh-generau-daran-homenatjara-als-set-guanyadors-espanyols-del-tour-de-franca","status":"publish","type":"post","link":"https:\/\/www.conselharan.org\/ca\/el-conselh-generau-daran-homenatjara-als-set-guanyadors-espanyols-del-tour-de-franca\/","title":{"rendered":"El Conselh Generau d\u2019Aran homenatjar\u00e0 als \u00a0set guanyadors espanyols del Tour de Fran\u00e7a"},"content":{"rendered":"<p><strong>El dia 27 de maig es posar\u00e0 el nom de cada un dels guanyadors espanyols de la cursa a cada un dels 7 grans revolts de la vessant aranesa del port del Portillon i s\u2019inaugurar\u00e0 un mon\u00f2lit commemoratiu<\/strong><\/p>\n<p><strong>Els set ciclistes espanyols guanyadors del Tour s\u00f3n\u00a0Federico Mart\u00edn Bahamontes, Luis Oca\u00f1a,\u00a0Pedro Delgado, Miguel Indur\u00e1in, \u00d3scar Pereiro,\u00a0Alberto Contador<\/strong>\u00a0<strong>y Carlos Sastre, que per ordre cronol\u00f2gic disposaran d\u2019un revolt. <\/strong><\/p>\n<p><strong>\u00a0<\/strong><\/p>\n<p>Vielha, 5 de maig de 2016.- El <strong>Conselh Generau d\u2019Aran<\/strong> homenatjar\u00e0 als set guanyadors espanyols del Tour de Fran\u00e7a, dins dels actes organitzats per la 9ena etapa del Tour de Fran\u00e7a 2016 que sortir\u00e0 el dia 10 de juliol de Vielha-Val d\u2019Aran.<\/p>\n<p>El <strong>divendres 27 de maig<\/strong> en un acte presidit pel sindic d\u2019Aran <strong>Carlos Barrera<\/strong>, la Val d\u2019Aran retr\u00e0 homenatge a als set ciclistes espanyols que en alguna ocasi\u00f3 han guanyat el Tour de Fran\u00e7a.<\/p>\n<p>Els actes comen\u00e7aran a les 11h amb una recepci\u00f3 oficial a la seu del Conselh Generau d\u2019Aran on el s\u00edndic d\u2019Aran, <strong>Carlos Barrera<\/strong>,\u00a0oferir\u00e0 una recepci\u00f3 oficial als guanyadors espanyols del Tour.<\/p>\n<p>M\u00e9s tard a les 12h, ser\u00e0 quan al <strong>mirador del Portillon<\/strong> es far\u00e0 la inauguraci\u00f3 oficial d\u2019un mon\u00f2lit commemoratiu, obra de David Garcia Ariza\u00a0amb els noms dels ciclistes, que a la vegada tindran cadascun d\u2019ells una fita en cadascun dels set grans revolts de la vessant aranesa de la carretera del Portillon, amb el seu nom i la data de l\u2019edici\u00f3 en que es van proclamar vencedors del Tour de Fran\u00e7a.<\/p>\n<p><strong>Miguel Indur\u00e1in, cinc vegades guanyador del Tour de Fran\u00e7a<\/strong>, ja ha confirmat la seva assist\u00e8ncia als actes d\u2019homenatge del dia 27 de maig a la Val d\u2019Aran, on tamb\u00e9 hi seran Pedro Delgado, \u00d3scar Pereiro i familiars de Lu\u00eds Oca\u00f1a. Degut a la seva avan\u00e7ada edat, \u00a0Federico Mart\u00edn Bahamontes, el primer guanyador espanyol del Tour de Fran\u00e7a l\u2019any 1959, encara no ha confirmat la seva assist\u00e8ncia. Els qui no hi seran per motius estrictament professionals seran Carlos Sastre i Alberto Contador, que s\u00ed que han confirmat que visitaran la Val d\u2019Aran a final de la temporada ciclista.<\/p>\n<p>Els actes del dia 27 de maig, que acabaran amb una visita a les instal\u00b7lacions d\u2019Aran Park, s\u2019emmarquen en les accions que ha posat en marxa el <strong>Conselh Generau d\u2019Aran<\/strong> i <strong>Torisme Val d\u2019Aran<\/strong>, de promoci\u00f3 de l\u2019etapa aranesa del Tour 2016 que sortir\u00e0 de Vielha el dia 10 de Juliol. A l\u2019homenatge del dia 27 de maig, li seguiran activitats organitzades en motiu del dia internacional de la bicicleta, el 4 i 5 de juny, i les activitats del mateix dia 10 de juliol a Vielha, on es duran a terme accions que inclouen activitats en les que participaran els escolars de la Val d&#8217;Aran i aficionats al cicloturisme.<\/p>\n<p><a href=\"http:\/\/www.conselharan.org\/wp-content\/uploads\/2016\/05\/Portilhon-1-23-07-2015.jpg\"><img loading=\"lazy\" decoding=\"async\" class=\"aligncenter size-large wp-image-11797\" src=\"http:\/\/www.conselharan.org\/wp-content\/uploads\/2016\/05\/Portilhon-1-23-07-2015-1024x592.jpg\" alt=\"Portilhon 1 23-07-2015\" width=\"1024\" height=\"592\" srcset=\"https:\/\/www.conselharan.org\/wp-content\/uploads\/2016\/05\/Portilhon-1-23-07-2015-1024x592.jpg 1024w, https:\/\/www.conselharan.org\/wp-content\/uploads\/2016\/05\/Portilhon-1-23-07-2015-300x173.jpg 300w, https:\/\/www.conselharan.org\/wp-content\/uploads\/2016\/05\/Portilhon-1-23-07-2015-768x444.jpg 768w, https:\/\/www.conselharan.org\/wp-content\/uploads\/2016\/05\/Portilhon-1-23-07-2015-305x175.jpg 305w\" sizes=\"(max-width: 1024px) 100vw, 1024px\" \/><\/a><\/p>\n ","protected":false},"excerpt":{"rendered":"<p>El dia 27 de maig es posar\u00e0 el nom de cada un dels guanyadors espanyols de la cursa a cada un dels 7 grans revolts de la vessant aranesa del port del Portillon i s\u2019inaugurar\u00e0 un mon\u00f2lit commemoratiu Els set ciclistes espanyols guanyadors del Tour s\u00f3n\u00a0Federico Mart\u00edn Bahamontes, Luis Oca\u00f1a,\u00a0Pedro Delgado, Miguel Indur\u00e1in, \u00d3scar Pereiro,\u00a0Alberto&#8230;<\/p>\n","protected":false},"author":2,"featured_media":11798,"comment_status":"closed","ping_status":"closed","sticky":false,"template":"","format":"standard","meta":{"footnotes":""},"categories":[53,36],"tags":[],"_links":{"self":[{"href":"https:\/\/www.conselharan.org\/ca\/wp-json\/wp\/v2\/posts\/11801"}],"collection":[{"href":"https:\/\/www.conselharan.org\/ca\/wp-json\/wp\/v2\/posts"}],"about":[{"href":"https:\/\/www.conselharan.org\/ca\/wp-json\/wp\/v2\/types\/post"}],"author":[{"embeddable":true,"href":"https:\/\/www.conselharan.org\/ca\/wp-json\/wp\/v2\/users\/2"}],"replies":[{"embeddable":true,"href":"https:\/\/www.conselharan.org\/ca\/wp-json\/wp\/v2\/comments?post=11801"}],"version-history":[{"count":3,"href":"https:\/\/www.conselharan.org\/ca\/wp-json\/wp\/v2\/posts\/11801\/revisions"}],"predecessor-version":[{"id":11849,"href":"https:\/\/www.conselharan.org\/ca\/wp-json\/wp\/v2\/posts\/11801\/revisions\/11849"}],"wp:featuredmedia":[{"embeddable":true,"href":"https:\/\/www.conselharan.org\/ca\/wp-json\/wp\/v2\/media\/11798"}],"wp:attachment":[{"href":"https:\/\/www.conselharan.org\/ca\/wp-json\/wp\/v2\/media?parent=11801"}],"wp:term":[{"taxonomy":"category","embeddable":true,"href":"https:\/\/www.conselharan.org\/ca\/wp-json\/wp\/v2\/categories?post=11801"},{"taxonomy":"post_tag","embeddable":true,"href":"https:\/\/www.conselharan.org\/ca\/wp-json\/wp\/v2\/tags?post=11801"}],"curies":[{"name":"wp","href":"https:\/\/api.w.org\/{rel}","templated":true}]}}