{"id":11823,"date":"2016-05-06T15:16:06","date_gmt":"2016-05-06T13:16:06","guid":{"rendered":"http:\/\/www.conselharan.org\/ca\/?p=11823"},"modified":"2016-05-06T15:23:11","modified_gmt":"2016-05-06T13:23:11","slug":"el-govern-daran-es-reuneix-amb-unio-de-pagesos-per-minimitzar-lafectacio-de-la-presencia-de-los-i-la-fauna-salvatge-en-el-sector-ramader","status":"publish","type":"post","link":"https:\/\/www.conselharan.org\/ca\/el-govern-daran-es-reuneix-amb-unio-de-pagesos-per-minimitzar-lafectacio-de-la-presencia-de-los-i-la-fauna-salvatge-en-el-sector-ramader\/","title":{"rendered":"El Gov\u00e8rn d\u2019Aran es reuneix amb Uni\u00f3 de Pagesos per minimitzar l\u2019afectaci\u00f3 de la pres\u00e8ncia de l\u2019\u00f3s i la fauna salvatge en el sector ramader"},"content":{"rendered":"<p><img loading=\"lazy\" decoding=\"async\" class=\"aligncenter size-large wp-image-11819\" src=\"http:\/\/www.conselharan.org\/wp-content\/uploads\/2016\/05\/DSC_0277-1024x604.jpg\" alt=\"DSC_0277\" width=\"1024\" height=\"604\" srcset=\"https:\/\/www.conselharan.org\/wp-content\/uploads\/2016\/05\/DSC_0277-1024x604.jpg 1024w, https:\/\/www.conselharan.org\/wp-content\/uploads\/2016\/05\/DSC_0277-300x177.jpg 300w, https:\/\/www.conselharan.org\/wp-content\/uploads\/2016\/05\/DSC_0277-768x453.jpg 768w\" sizes=\"(max-width: 1024px) 100vw, 1024px\" \/><\/p>\n<p>&nbsp;<\/p>\n<p>El s\u00edndic d\u2019Aran, <strong>Carlos Barrera<\/strong>, juntament amb el conselh\u00e8r d\u2019Agricultura, Ramaderia i Medi Natural d\u2019Aran, <strong>Jose Enrique Arr\u00f3<\/strong>, i el conselh\u00e8r de Territori d\u2019Aran, <strong>Jose Antonio Boya<\/strong>, s\u2019han reunit amb el responsable d\u2019acci\u00f3 sindical de les comarques de muntanya d\u2019Uni\u00f3 de Pagesos, <strong>Joan Guitart.<\/strong><\/p>\n<p>En aquesta reuni\u00f3, el Gov\u00e8rn d\u2019Aran ha realitzat una ampla explicaci\u00f3 de les mesures de suport a la ramaderia extensiva d&#8217;alta muntanya per minimitzar l&#8217;afectaci\u00f3 de la pres\u00e8ncia de l&#8217;\u00f3s sobre el sector ramader.<\/p>\n<p>S\u2019ha coincidit en la necessitat que la Generalitat de Catalunya reconegui formalment la delimitaci\u00f3 geogr\u00e0fica de l&#8217;espai \u00f3s, b\u00e0sicament \u00e9s el territori on s\u2019ha constatat en els \u00faltims 20 anys (1995-2016) la pres\u00e8ncia reiterativa oficial d\u2019exemplars d\u2019\u00f3ssos. Aquest espai \u00e9s el territori d\u2019Aran i una part del Pallars Sobir\u00e0 (Alt \u00c0neu, Lladorre i Vall Ferrera). En l&#8217;aquest espai \u00e9s on s\u2019ha d\u2019incidir en implantar nous criteris a la vegada de resoldre les indemnitzacions per atac d\u2019\u00f3s, en la resta de territoris on la pres\u00e8ncia de l&#8217;\u00f3s sigui espor\u00e0dica i poc freq\u00fcent tamb\u00e9 s\u2019ha de millorar la tramitaci\u00f3 de les indemnitzacions.<\/p>\n<p>&nbsp;<\/p>\n<p><img loading=\"lazy\" decoding=\"async\" class=\"aligncenter size-large wp-image-11820\" src=\"http:\/\/www.conselharan.org\/wp-content\/uploads\/2016\/05\/DSC_0284-1024x687.jpg\" alt=\"DSC_0284\" width=\"1024\" height=\"687\" srcset=\"https:\/\/www.conselharan.org\/wp-content\/uploads\/2016\/05\/DSC_0284-1024x687.jpg 1024w, https:\/\/www.conselharan.org\/wp-content\/uploads\/2016\/05\/DSC_0284-300x201.jpg 300w, https:\/\/www.conselharan.org\/wp-content\/uploads\/2016\/05\/DSC_0284-768x516.jpg 768w\" sizes=\"(max-width: 1024px) 100vw, 1024px\" \/><\/p>\n<p>&nbsp;<\/p>\n<p>En aquest sentit, els representants d\u2019Uni\u00f3 de Pagesos han anunciat que cal obrir un debat sobre la capacitat territorial del Pirineu per seguir suportant el creixement del n\u00famero d\u2019exemplars d\u2019\u00f3ssos. Aquest tamb\u00e9 \u00e9s un criteri compartit pel Conselh Generau d\u2019Aran.<\/p>\n<p>La problem\u00e0tica dels atacs de voltors tamb\u00e9 s\u2019ha plantejat com un greu problema per la ramaderia extensiva del Pirineu i for\u00e7a preocupant per la r\u00e0pida evoluci\u00f3 d\u2019aquests carronyaires a comportaments de depredaci\u00f3.<\/p>\n<p>&nbsp;<\/p>\n<p><img loading=\"lazy\" decoding=\"async\" class=\"aligncenter size-large wp-image-11821\" src=\"http:\/\/www.conselharan.org\/wp-content\/uploads\/2016\/05\/DSC_0296-1024x536.jpg\" alt=\"DSC_0296\" width=\"1024\" height=\"536\" srcset=\"https:\/\/www.conselharan.org\/wp-content\/uploads\/2016\/05\/DSC_0296-1024x536.jpg 1024w, https:\/\/www.conselharan.org\/wp-content\/uploads\/2016\/05\/DSC_0296-300x157.jpg 300w, https:\/\/www.conselharan.org\/wp-content\/uploads\/2016\/05\/DSC_0296-768x402.jpg 768w\" sizes=\"(max-width: 1024px) 100vw, 1024px\" \/><\/p>\n<p>&nbsp;<\/p>\n<p>El Conselh Generau d\u2019Aran ha facilitat un exemplar de l\u2019esborrany que el <em>Ministerio de Agricultura, Alimentaci\u00f3n y Medio Ambiente<\/em> de l&#8217;Estat ha fet per tal que la Val d\u2019Aran acolli un assaig d\u2019una durada de 2 anys per l\u2019alliberament de 4 exemplars de linxs boreals: 3 femelles i 1 mascle esterilitzat per evitar qualsevol probabilitat de reproducci\u00f3, i equipats amb doble sistema de localitzaci\u00f3.<\/p>\n<p>Una vegada fet l&#8217;an\u00e0lisi de l&#8217;evoluci\u00f3 d\u2019aquest assaig, seria quan els representants dels ajuntaments i sectors implicats prendrien la decisi\u00f3 final de continuar o donar per finalitzat l&#8217;assaig, amb la captura dels 4 exemplars.<\/p>\n<p>Ha quedat clar que aquest assaig \u00e9s per poder valorar el control que el linx pot fer sobre altres depredadors d\u2019esp\u00e8cies protegides que actualment estan exercint una pressi\u00f3 desmesurada sobre esp\u00e8cies com el gall fer, perdiu blanca, perdiu xerra, etc. Sense oblidar la depredaci\u00f3 que actualment tamb\u00e9 fa sobretot la guineu sobre els corders.<\/p>\n<p>Els representants del Gov\u00e8rn d\u2019Aran tamb\u00e9 han informat sobre les propostes fetes a la Direcci\u00f3 General de Pol\u00edtica Ambiental de la Generalitat de Catalunya per millorar l&#8217;actual model de mesures de suport a la ramaderia extensiva d&#8217;alta muntanya i paral\u2022lelament tamb\u00e9 es treballa en la valoraci\u00f3 econ\u00f2mica d\u2019aquest trasp\u00e0s de compet\u00e8ncies al Conselh Generau d\u2019Aran.<\/p>\n<p>&nbsp;<\/p>\n<p>Vielha, 6 de maig de 2016<\/p>\n<p>&nbsp;<\/p>\n<p><em>Conselh Generau d&#8217;Aran: N\u00faria Sanjuan<\/em><\/p>\n ","protected":false},"excerpt":{"rendered":"<p>&nbsp; El s\u00edndic d\u2019Aran, Carlos Barrera, juntament amb el conselh\u00e8r d\u2019Agricultura, Ramaderia i Medi Natural d\u2019Aran, Jose Enrique Arr\u00f3, i el conselh\u00e8r de Territori d\u2019Aran, Jose Antonio Boya, s\u2019han reunit amb el responsable d\u2019acci\u00f3 sindical de les comarques de muntanya d\u2019Uni\u00f3 de Pagesos, Joan Guitart. En aquesta reuni\u00f3, el Gov\u00e8rn d\u2019Aran ha realitzat una ampla&#8230;<\/p>\n","protected":false},"author":2,"featured_media":11820,"comment_status":"closed","ping_status":"closed","sticky":false,"template":"","format":"standard","meta":{"footnotes":""},"categories":[53,127,36],"tags":[],"_links":{"self":[{"href":"https:\/\/www.conselharan.org\/ca\/wp-json\/wp\/v2\/posts\/11823"}],"collection":[{"href":"https:\/\/www.conselharan.org\/ca\/wp-json\/wp\/v2\/posts"}],"about":[{"href":"https:\/\/www.conselharan.org\/ca\/wp-json\/wp\/v2\/types\/post"}],"author":[{"embeddable":true,"href":"https:\/\/www.conselharan.org\/ca\/wp-json\/wp\/v2\/users\/2"}],"replies":[{"embeddable":true,"href":"https:\/\/www.conselharan.org\/ca\/wp-json\/wp\/v2\/comments?post=11823"}],"version-history":[{"count":1,"href":"https:\/\/www.conselharan.org\/ca\/wp-json\/wp\/v2\/posts\/11823\/revisions"}],"predecessor-version":[{"id":11824,"href":"https:\/\/www.conselharan.org\/ca\/wp-json\/wp\/v2\/posts\/11823\/revisions\/11824"}],"wp:featuredmedia":[{"embeddable":true,"href":"https:\/\/www.conselharan.org\/ca\/wp-json\/wp\/v2\/media\/11820"}],"wp:attachment":[{"href":"https:\/\/www.conselharan.org\/ca\/wp-json\/wp\/v2\/media?parent=11823"}],"wp:term":[{"taxonomy":"category","embeddable":true,"href":"https:\/\/www.conselharan.org\/ca\/wp-json\/wp\/v2\/categories?post=11823"},{"taxonomy":"post_tag","embeddable":true,"href":"https:\/\/www.conselharan.org\/ca\/wp-json\/wp\/v2\/tags?post=11823"}],"curies":[{"name":"wp","href":"https:\/\/api.w.org\/{rel}","templated":true}]}}