{"id":11831,"date":"2016-05-06T20:33:34","date_gmt":"2016-05-06T18:33:34","guid":{"rendered":"http:\/\/www.conselharan.org\/ca\/?p=11831"},"modified":"2016-05-06T20:33:34","modified_gmt":"2016-05-06T18:33:34","slug":"el-vicesindic-daran-luis-carlos-medina-assisteix-a-la-constitucio-de-la-xarxa-territorial-de-museus-de-les-terres-de-lleida-i-aran","status":"publish","type":"post","link":"https:\/\/www.conselharan.org\/ca\/el-vicesindic-daran-luis-carlos-medina-assisteix-a-la-constitucio-de-la-xarxa-territorial-de-museus-de-les-terres-de-lleida-i-aran\/","title":{"rendered":"El vicesindic d\u2019Aran Lu\u00eds Carlos Medina assisteix a la constituci\u00f3 de la Xarxa Territorial de Museus de les Terres de Lleida i Aran"},"content":{"rendered":"<p><strong>L\u2019acte que ha tingut lloc al Museu de la Noguera de Balaguer, ha estat presidit pel conseller de Cultura de la Generalitat Santi Vila<\/strong><\/p>\n<p>Vielha, 6 de maig de 2016.- Aquest divendres s\u2019ha constitu\u00eft al Museu de la Noguera de Balaguer, la <strong>Xarxa Territorial de Museus de les Terres de Lleida i Aran<\/strong>. A l\u2019acte, que ha presidit el conseller de Cultura de la Generalitat, <strong>Santi Vila<\/strong>, hi ha assistit en representaci\u00f3 del Gov\u00e8rn d\u2019Aran, el vicesindic <strong>Lu\u00eds Carlos Medina.<\/strong><\/p>\n<p><a href=\"http:\/\/www.conselharan.org\/wp-content\/uploads\/2016\/05\/IMG_2477.jpg\"><img loading=\"lazy\" decoding=\"async\" class=\"aligncenter size-large wp-image-11829\" src=\"http:\/\/www.conselharan.org\/wp-content\/uploads\/2016\/05\/IMG_2477-1024x683.jpg\" alt=\"IMG_2477\" width=\"1024\" height=\"683\" srcset=\"https:\/\/www.conselharan.org\/wp-content\/uploads\/2016\/05\/IMG_2477-1024x683.jpg 1024w, https:\/\/www.conselharan.org\/wp-content\/uploads\/2016\/05\/IMG_2477-300x200.jpg 300w, https:\/\/www.conselharan.org\/wp-content\/uploads\/2016\/05\/IMG_2477-768x512.jpg 768w, https:\/\/www.conselharan.org\/wp-content\/uploads\/2016\/05\/IMG_2477.jpg 2048w\" sizes=\"(max-width: 1024px) 100vw, 1024px\" \/><\/a><\/p>\n<p>La Xarxa Territorial de Museus de les Terres de Lleida i Aran, neix a partir del conveni signat entre el Departament de Cultura de la Generalitat, la Diputaci\u00f3 de Lleida i els deu museus de les comarques de Lleida i de la Val d\u2019Aran, amb l\u2019objectiu de garantir la preservaci\u00f3 i la difusi\u00f3 del patrimoni moble de Catalunya i a l\u2019hora resoldre desequilibris territorials. Durant els pr\u00f2xims anys, els principals reptes d\u2019aquesta nova xarxa muse\u00edstica seran, incrementar el nombre de visitants als museus i estimular el coneixement, la promoci\u00f3 i la dinamitzaci\u00f3 del territori a partir del patrimoni material i immaterial. Per dur a terme aquests objectius, la Xarxa Territorial de Museus de les Terres de Lleida i Aran, comptar\u00e0 amb un pressupost de 120.000 euros durant l\u2019any 2016.<\/p>\n<p>La Xarxa Territorial de Museus de les Terres de Lleida i Aran, est\u00e0 formada per el <strong>Museu de la Val d\u2019Aran<\/strong>, el Museu de la Noguera, el Museu Comarcal de Cervera, l\u2019Ecomuseu de les Valls d\u2019\u00c0neu, el Museu de la Conca Dell\u00e0, el Museu d\u2019Art Jaume Morera, el Museu Dioces\u00e0 i Comarcal de Lleida, el Museu Dioces\u00e0 d\u2019Urgell, el Museu Dioces\u00e0 i Comarcal de Solsona i el Museu de l\u2019Urgell.<\/p>\n<p>La Xarxa Territorial de Museus de les Terres de Lleida i Aran, ha de servir tamb\u00e9 per articular actuacions consensuades entre els diferents museus que la integren.<\/p>\n<p><a href=\"http:\/\/www.conselharan.org\/wp-content\/uploads\/2016\/05\/IMG_2476.jpg\"><img loading=\"lazy\" decoding=\"async\" class=\"aligncenter size-large wp-image-11828\" src=\"http:\/\/www.conselharan.org\/wp-content\/uploads\/2016\/05\/IMG_2476-1024x683.jpg\" alt=\"IMG_2476\" width=\"1024\" height=\"683\" srcset=\"https:\/\/www.conselharan.org\/wp-content\/uploads\/2016\/05\/IMG_2476-1024x683.jpg 1024w, https:\/\/www.conselharan.org\/wp-content\/uploads\/2016\/05\/IMG_2476-300x200.jpg 300w, https:\/\/www.conselharan.org\/wp-content\/uploads\/2016\/05\/IMG_2476-768x512.jpg 768w, https:\/\/www.conselharan.org\/wp-content\/uploads\/2016\/05\/IMG_2476.jpg 2048w\" sizes=\"(max-width: 1024px) 100vw, 1024px\" \/><\/a><\/p>\n ","protected":false},"excerpt":{"rendered":"<p>L\u2019acte que ha tingut lloc al Museu de la Noguera de Balaguer, ha estat presidit pel conseller de Cultura de la Generalitat Santi Vila Vielha, 6 de maig de 2016.- Aquest divendres s\u2019ha constitu\u00eft al Museu de la Noguera de Balaguer, la Xarxa Territorial de Museus de les Terres de Lleida i Aran. A l\u2019acte,&#8230;<\/p>\n","protected":false},"author":2,"featured_media":11829,"comment_status":"closed","ping_status":"closed","sticky":false,"template":"","format":"standard","meta":{"footnotes":""},"categories":[53],"tags":[],"_links":{"self":[{"href":"https:\/\/www.conselharan.org\/ca\/wp-json\/wp\/v2\/posts\/11831"}],"collection":[{"href":"https:\/\/www.conselharan.org\/ca\/wp-json\/wp\/v2\/posts"}],"about":[{"href":"https:\/\/www.conselharan.org\/ca\/wp-json\/wp\/v2\/types\/post"}],"author":[{"embeddable":true,"href":"https:\/\/www.conselharan.org\/ca\/wp-json\/wp\/v2\/users\/2"}],"replies":[{"embeddable":true,"href":"https:\/\/www.conselharan.org\/ca\/wp-json\/wp\/v2\/comments?post=11831"}],"version-history":[{"count":1,"href":"https:\/\/www.conselharan.org\/ca\/wp-json\/wp\/v2\/posts\/11831\/revisions"}],"predecessor-version":[{"id":11832,"href":"https:\/\/www.conselharan.org\/ca\/wp-json\/wp\/v2\/posts\/11831\/revisions\/11832"}],"wp:featuredmedia":[{"embeddable":true,"href":"https:\/\/www.conselharan.org\/ca\/wp-json\/wp\/v2\/media\/11829"}],"wp:attachment":[{"href":"https:\/\/www.conselharan.org\/ca\/wp-json\/wp\/v2\/media?parent=11831"}],"wp:term":[{"taxonomy":"category","embeddable":true,"href":"https:\/\/www.conselharan.org\/ca\/wp-json\/wp\/v2\/categories?post=11831"},{"taxonomy":"post_tag","embeddable":true,"href":"https:\/\/www.conselharan.org\/ca\/wp-json\/wp\/v2\/tags?post=11831"}],"curies":[{"name":"wp","href":"https:\/\/api.w.org\/{rel}","templated":true}]}}