{"id":12001,"date":"2016-05-18T12:50:59","date_gmt":"2016-05-18T10:50:59","guid":{"rendered":"http:\/\/www.conselharan.org\/ca\/?p=12001"},"modified":"2016-05-18T12:51:08","modified_gmt":"2016-05-18T10:51:08","slug":"el-grup-de-rescats-de-muntanya-dels-pompiers-daran-realitza-unes-jornades-practiques-als-alps","status":"publish","type":"post","link":"https:\/\/www.conselharan.org\/ca\/el-grup-de-rescats-de-muntanya-dels-pompiers-daran-realitza-unes-jornades-practiques-als-alps\/","title":{"rendered":"El Grup de Rescats de Muntanya dels Pompi\u00e8rs d\u2019Aran realitza unes jornades pr\u00e0ctiques als Alps"},"content":{"rendered":"<p><img loading=\"lazy\" decoding=\"async\" class=\"aligncenter size-large wp-image-11992\" src=\"http:\/\/www.conselharan.org\/wp-content\/uploads\/2016\/05\/alps1-1024x768.jpg\" alt=\"alps1\" width=\"1024\" height=\"768\" srcset=\"https:\/\/www.conselharan.org\/wp-content\/uploads\/2016\/05\/alps1-1024x768.jpg 1024w, https:\/\/www.conselharan.org\/wp-content\/uploads\/2016\/05\/alps1-300x225.jpg 300w, https:\/\/www.conselharan.org\/wp-content\/uploads\/2016\/05\/alps1-768x576.jpg 768w, https:\/\/www.conselharan.org\/wp-content\/uploads\/2016\/05\/alps1.jpg 1600w\" sizes=\"(max-width: 1024px) 100vw, 1024px\" \/><\/p>\n<p>&nbsp;<\/p>\n<p>La setmana passada el <strong>Grup de Rescats de Muntanya dels Pompi\u00e8rs d\u2019Aran<\/strong> va realitzar unes jornades pr\u00e0ctiques als Alps amb muntanyes d&#8217;al\u00e7ades superiors als 4000m i amb varietat de terrenys, canals de neu, crestes t\u00e8cniques i a\u00e8ries, glaceres, on els Pompi\u00e8rs van treballar les seves t\u00e8cniques i habilitats en aquest tipus d&#8217;escenari, for\u00e7a semblant al que hi ha durant l\u2019hivern a la Val d\u2019Aran i al Pirineu.<\/p>\n<p>&nbsp;<\/p>\n<p><img loading=\"lazy\" decoding=\"async\" class=\"aligncenter size-large wp-image-11999\" src=\"http:\/\/www.conselharan.org\/wp-content\/uploads\/2016\/05\/alps8-768x1024.jpg\" alt=\"alps8\" width=\"768\" height=\"1024\" srcset=\"https:\/\/www.conselharan.org\/wp-content\/uploads\/2016\/05\/alps8-768x1024.jpg 768w, https:\/\/www.conselharan.org\/wp-content\/uploads\/2016\/05\/alps8-225x300.jpg 225w, https:\/\/www.conselharan.org\/wp-content\/uploads\/2016\/05\/alps8.jpg 1200w\" sizes=\"(max-width: 768px) 100vw, 768px\" \/><\/p>\n<p>&nbsp;<\/p>\n<p>Aquestes jornades pretenen millorar les habilitats en els terrenys de muntanya d&#8217;alta dificultat com per exemple: crestes, arestes, canals, glaceres, terrenys mixtos (pedra i neu), tot aix\u00f2 millorant la t\u00e8cnica fent servir el material adequat per a aquest terreny.<\/p>\n<p>&nbsp;<\/p>\n<p><img loading=\"lazy\" decoding=\"async\" class=\"aligncenter size-large wp-image-11993\" src=\"http:\/\/www.conselharan.org\/wp-content\/uploads\/2016\/05\/alps2-1024x768.jpg\" alt=\"alps2\" width=\"1024\" height=\"768\" srcset=\"https:\/\/www.conselharan.org\/wp-content\/uploads\/2016\/05\/alps2-1024x768.jpg 1024w, https:\/\/www.conselharan.org\/wp-content\/uploads\/2016\/05\/alps2-300x225.jpg 300w, https:\/\/www.conselharan.org\/wp-content\/uploads\/2016\/05\/alps2-768x576.jpg 768w, https:\/\/www.conselharan.org\/wp-content\/uploads\/2016\/05\/alps2.jpg 1600w\" sizes=\"(max-width: 1024px) 100vw, 1024px\" \/><\/p>\n<p>&nbsp;<\/p>\n<p>En paraules de <strong>Juanmi Riu<\/strong>, responsable del Grup de Rescats de Muntanya dels Pompi\u00e8rs d\u2019Aran <strong>\u201cl&#8217;objectiu d\u2019aquestes jornades \u00e9s aconseguir m\u00e9s experi\u00e8ncia i tenir m\u00e9s recursos per moure&#8217;ns amb m\u00e9s seguretat i superar qualsevol adversitat que ens surti en algun servei\u201d.<\/strong><\/p>\n<p>&nbsp;<\/p>\n<p><img loading=\"lazy\" decoding=\"async\" class=\"aligncenter size-large wp-image-11995\" src=\"http:\/\/www.conselharan.org\/wp-content\/uploads\/2016\/05\/alps4-1024x825.jpg\" alt=\"alps4\" width=\"1024\" height=\"825\" srcset=\"https:\/\/www.conselharan.org\/wp-content\/uploads\/2016\/05\/alps4-1024x825.jpg 1024w, https:\/\/www.conselharan.org\/wp-content\/uploads\/2016\/05\/alps4-300x242.jpg 300w, https:\/\/www.conselharan.org\/wp-content\/uploads\/2016\/05\/alps4-768x619.jpg 768w, https:\/\/www.conselharan.org\/wp-content\/uploads\/2016\/05\/alps4.jpg 1600w\" sizes=\"(max-width: 1024px) 100vw, 1024px\" \/><\/p>\n<p>&nbsp;<\/p>\n<p><strong>Riu<\/strong> ha afegit <strong>\u201cun altre dels objectius d\u2019aquestes jornades \u00e9s fer cohesi\u00f3 de grup, un aspecte important per la nostra activitat, rescat a muntanya, on pensem que \u00e9s important el col\u2022lectiu, no les individualitats<\/strong>\u201d.<\/p>\n<p>&nbsp;<\/p>\n<p><img loading=\"lazy\" decoding=\"async\" class=\"aligncenter size-large wp-image-11997\" src=\"http:\/\/www.conselharan.org\/wp-content\/uploads\/2016\/05\/alps6-1024x689.jpg\" alt=\"alps6\" width=\"1024\" height=\"689\" srcset=\"https:\/\/www.conselharan.org\/wp-content\/uploads\/2016\/05\/alps6-1024x689.jpg 1024w, https:\/\/www.conselharan.org\/wp-content\/uploads\/2016\/05\/alps6-300x202.jpg 300w, https:\/\/www.conselharan.org\/wp-content\/uploads\/2016\/05\/alps6-768x516.jpg 768w, https:\/\/www.conselharan.org\/wp-content\/uploads\/2016\/05\/alps6.jpg 1600w\" sizes=\"(max-width: 1024px) 100vw, 1024px\" \/><\/p>\n<p>&nbsp;<\/p>\n<p>El s\u00edndic d\u2019Aran, <strong>Carlos Barrera<\/strong>, ha manifestat \u201c<strong>el Gov\u00e8rn d\u2019Aran sempre ha prioritzat la seguretat de les persones que fan activitat en l&#8217;entorn natural de la Val d\u2019Aran com un dels elements de la nostra destinaci\u00f3 tur\u00edstica d\u2019esqu\u00ed d&#8217;alta muntanya i per aix\u00f2 la formaci\u00f3 cont\u00ednua del Grup de Rescats de Muntanya dels Pompi\u00e8rs d\u2019Aran \u00e9s priorit\u00e0ria per assolir aquest objectiu de seguretat<\/strong>\u201d.<\/p>\n<p>&nbsp;<\/p>\n<p><img loading=\"lazy\" decoding=\"async\" class=\"aligncenter size-large wp-image-11991\" src=\"http:\/\/www.conselharan.org\/wp-content\/uploads\/2016\/05\/alps-1024x540.jpg\" alt=\"alps\" width=\"1024\" height=\"540\" srcset=\"https:\/\/www.conselharan.org\/wp-content\/uploads\/2016\/05\/alps-1024x540.jpg 1024w, https:\/\/www.conselharan.org\/wp-content\/uploads\/2016\/05\/alps-300x158.jpg 300w, https:\/\/www.conselharan.org\/wp-content\/uploads\/2016\/05\/alps-768x405.jpg 768w, https:\/\/www.conselharan.org\/wp-content\/uploads\/2016\/05\/alps.jpg 1600w\" sizes=\"(max-width: 1024px) 100vw, 1024px\" \/><\/p>\n<p>&nbsp;<\/p>\n<p>&nbsp;<\/p>\n<p>Vielha, 18 de maig de 2016<\/p>\n<p>&nbsp;<\/p>\n<p><em>Conselh Generau d&#8217;Aran: N\u00faria Sanjuan<\/em><\/p>\n<p><em>Font: Grup de Rescats de Muntanya dels Pompi\u00e8rs d\u2019Aran<\/em><\/p>\n ","protected":false},"excerpt":{"rendered":"<p>&nbsp; La setmana passada el Grup de Rescats de Muntanya dels Pompi\u00e8rs d\u2019Aran va realitzar unes jornades pr\u00e0ctiques als Alps amb muntanyes d&#8217;al\u00e7ades superiors als 4000m i amb varietat de terrenys, canals de neu, crestes t\u00e8cniques i a\u00e8ries, glaceres, on els Pompi\u00e8rs van treballar les seves t\u00e8cniques i habilitats en aquest tipus d&#8217;escenari, for\u00e7a semblant&#8230;<\/p>\n","protected":false},"author":2,"featured_media":11992,"comment_status":"closed","ping_status":"closed","sticky":false,"template":"","format":"standard","meta":{"footnotes":""},"categories":[53,36],"tags":[],"_links":{"self":[{"href":"https:\/\/www.conselharan.org\/ca\/wp-json\/wp\/v2\/posts\/12001"}],"collection":[{"href":"https:\/\/www.conselharan.org\/ca\/wp-json\/wp\/v2\/posts"}],"about":[{"href":"https:\/\/www.conselharan.org\/ca\/wp-json\/wp\/v2\/types\/post"}],"author":[{"embeddable":true,"href":"https:\/\/www.conselharan.org\/ca\/wp-json\/wp\/v2\/users\/2"}],"replies":[{"embeddable":true,"href":"https:\/\/www.conselharan.org\/ca\/wp-json\/wp\/v2\/comments?post=12001"}],"version-history":[{"count":1,"href":"https:\/\/www.conselharan.org\/ca\/wp-json\/wp\/v2\/posts\/12001\/revisions"}],"predecessor-version":[{"id":12002,"href":"https:\/\/www.conselharan.org\/ca\/wp-json\/wp\/v2\/posts\/12001\/revisions\/12002"}],"wp:featuredmedia":[{"embeddable":true,"href":"https:\/\/www.conselharan.org\/ca\/wp-json\/wp\/v2\/media\/11992"}],"wp:attachment":[{"href":"https:\/\/www.conselharan.org\/ca\/wp-json\/wp\/v2\/media?parent=12001"}],"wp:term":[{"taxonomy":"category","embeddable":true,"href":"https:\/\/www.conselharan.org\/ca\/wp-json\/wp\/v2\/categories?post=12001"},{"taxonomy":"post_tag","embeddable":true,"href":"https:\/\/www.conselharan.org\/ca\/wp-json\/wp\/v2\/tags?post=12001"}],"curies":[{"name":"wp","href":"https:\/\/api.w.org\/{rel}","templated":true}]}}