{"id":12019,"date":"2016-05-19T19:33:35","date_gmt":"2016-05-19T17:33:35","guid":{"rendered":"http:\/\/www.conselharan.org\/ca\/?p=12019"},"modified":"2016-05-19T19:33:35","modified_gmt":"2016-05-19T17:33:35","slug":"tot-a-punt-a-la-val-daran-per-rebre-la-9ena-etapa-del-tour-2016","status":"publish","type":"post","link":"https:\/\/www.conselharan.org\/ca\/tot-a-punt-a-la-val-daran-per-rebre-la-9ena-etapa-del-tour-2016\/","title":{"rendered":"Tot a punt a la Val d\u2019Aran per rebre la 9ena etapa del Tour 2016"},"content":{"rendered":"<h3>Federico Mart\u00edn Bahamontes, Miguel Indura\u00edn, Pedro Delgado i Oscar Pereiro ser\u00e0n a l\u2019homenatge de la Val d\u2019Aran als guanyadors del Tour el dia 27 de maig<\/h3>\n<h3>Aquesta tarda s\u2019ha presentat a Toulouse l\u2019etapa aranesa del Tour 2016 i el nou microsite dedicat al cicloturisme \u201cAran Total Bike\u201d<\/h3>\n<p>Vielha, 19 de maig de 2016.- El sindic d\u2019Aran <strong>Carlos Barrera<\/strong>, ha confirmat avui que el primer guanyador espanyol del Tour de Fran\u00e7a, <strong>Federico Mart\u00edn Bahamontes<\/strong>, assitir\u00e0 a l\u2019homenatge organitzat pel Conselh Generau d\u2019Aran \u00a0als guanyadors espanyols del Tour de Fran\u00e7a, en motiu dels actes organitzats a l\u2019entorn de la 9ena etapa del Tour 2016, que sortir\u00e0 de Vielha-Val d\u2019Aran el dia 10 de Juliol.<\/p>\n<p>Ser\u00e0 el proper divendres dia 27 de maig en un acte presidit pel sindic d\u2019Aran <strong>Carlos Barrera<\/strong>, que la Val d\u2019Aran retr\u00e0 homenatge a als set ciclistes espanyols que en alguna ocasi\u00f3 s\u2019han proclamat vencedors del Tour de Fran\u00e7a.<\/p>\n<p>Els set ciclistes espanyols guanyadors del Tour s\u00f3n\u00a0<strong>Federico Mart\u00edn Bahamontes<\/strong>, <strong>Luis Oca\u00f1a<\/strong>,\u00a0<strong>Pedro Delgado<\/strong>, <strong>Miguel Indur\u00e1in<\/strong>, <strong>\u00d3scar Pereiro<\/strong>,\u00a0<strong>Alberto Contador<\/strong>\u00a0y <strong>Carlos Sastre<\/strong>, que per ordre cronol\u00f2gic disposaran d\u2019un revolt.<\/p>\n<p>Els actes comen\u00e7aran a les 11h amb una recepci\u00f3 oficial a la seu del Conselh Generau d\u2019Aran.<\/p>\n<p>M\u00e9s tard a les 12h, ser\u00e0 quan al <strong>mirador del Portillon<\/strong> es far\u00e0 la inauguraci\u00f3 oficial d\u2019un mon\u00f2lit commemoratiu obra de David Garcia Ariza,\u00a0amb els noms dels ciclistes, que a la vegada tindran cadascun d\u2019ells una fita en cadascun dels set grans revolts de la vessant aranesa de la carretera del Portillon, amb el seu nom i la data de l\u2019edici\u00f3 en que es van proclamar guanyadors del Tour de Fran\u00e7a.<\/p>\n<p>L\u2019esdeveniment comptar\u00e0 amb la pres\u00e8ncia de\u00a0quatre\u00a0dels set ciclistes, Miguel Indur\u00e1in, Federico Mart\u00edn Bahamontes, Oscar Pereiro, i Pedro Delgado, a m\u00e9s de familiars del desaparegut Luis Oca\u00f1a. Carlos Sastre i Alberto Contador, han excusat la seva pres\u00e8ncia per motius laborals. Els actes acabaran amb una roda de premsa i la visita a les instal\u00b7lacions d\u2019Aran Park.<\/p>\n<p><a href=\"http:\/\/www.conselharan.org\/wp-content\/uploads\/2016\/05\/Monolitowweb.jpg\"><img loading=\"lazy\" decoding=\"async\" class=\"aligncenter size-full wp-image-12014\" src=\"http:\/\/www.conselharan.org\/wp-content\/uploads\/2016\/05\/Monolitowweb.jpg\" alt=\"Monolitowweb\" width=\"400\" height=\"466\" srcset=\"https:\/\/www.conselharan.org\/wp-content\/uploads\/2016\/05\/Monolitowweb.jpg 400w, https:\/\/www.conselharan.org\/wp-content\/uploads\/2016\/05\/Monolitowweb-258x300.jpg 258w\" sizes=\"(max-width: 400px) 100vw, 400px\" \/><\/a><\/p>\n<p>&nbsp;<\/p>\n<h3><strong>Presentaci\u00f3 de l\u2019etapa aranesa del Tour 2016 a Toulouse<\/strong><\/h3>\n<p>El\u00a0<strong>Conselh Generau d\u2019Aran<\/strong> ha presentat\u00a0aquesta tarda la\u00a09ena etapa del Tour de Fran\u00e7a 2016\u00a0que es disputar\u00e0 per terres araneses el diumenge 10 de juliol. La presentaci\u00f3 ha tingut lloc a l\u2019oficina de Turisme de Val d\u2019Aran i\u00a0Baqueira Beret\u00a0a Toulouse, i ha comptat amb la pres\u00e8ncia d\u2019<strong>Anna D\u00edaz<\/strong>, conselh\u00e8ra de Turisme i desenvolupament econ\u00f2mic i <strong>Jos\u00e9 Antonio Boya<\/strong>, conselh\u00e8r de Territori del Conselh Generau d\u2019Aran.<\/p>\n<p>Durant la presentaci\u00f3 a banda de donar a con\u00e8ixer els detalls organitzatius i els dispositius operatius previstos per a l\u2019etapa, s\u2019ha presentat el <strong>nou microsite\u00a0<a href=\"http:\/\/www.visitvaldaran.com\/ca\/btt-aran-total-bike\/\">Aran Total Bike<\/a><\/strong>, vinculat a la web de Torisme de Val d\u2019Aran. En aquest espai web, amb 84 seccions en quatre idiomes, es trobar\u00e0 centralitzada tota la informaci\u00f3 sobre BTT, cicloturisme, DH i enduro, amb rutes de diferents nivells i dificultats, esdeveniments ciclistes, not\u00edcies i empreses especialitzades de la Val d\u2019Aran.<\/p>\n<p>El diumenge 5 de juny, es celebrar\u00e0 una pedalada popular per a tots els aficionats al cicloturisme, i un concurs de dibuixos sobre el Tour de Fran\u00e7a en el que participaran els escolars de la Val d\u2019Aran.<\/p>\n<p>Amb un tra\u00e7at in\u00e8dit fins ara en la historia de la carrera, la 9ena etapa del Tour de Fran\u00e7a 2016 sortir\u00e0 de Vielha el proper 10 de juliol i tindr\u00e0 un recorregut de 184,5 Km passant per 5 ports de muntanya. L\u2019etapa aranesa \u00e9s una de les escollides per ser emesa \u00edntegrament en directe per televisi\u00f3.<\/p>\n ","protected":false},"excerpt":{"rendered":"<p>Federico Mart\u00edn Bahamontes, Miguel Indura\u00edn, Pedro Delgado i Oscar Pereiro ser\u00e0n a l\u2019homenatge de la Val d\u2019Aran als guanyadors del Tour el dia 27 de maig Aquesta tarda s\u2019ha presentat a Toulouse l\u2019etapa aranesa del Tour 2016 i el nou microsite dedicat al cicloturisme \u201cAran Total Bike\u201d Vielha, 19 de maig de 2016.- El sindic&#8230;<\/p>\n","protected":false},"author":2,"featured_media":12013,"comment_status":"closed","ping_status":"closed","sticky":false,"template":"","format":"standard","meta":{"footnotes":""},"categories":[53,36],"tags":[],"_links":{"self":[{"href":"https:\/\/www.conselharan.org\/ca\/wp-json\/wp\/v2\/posts\/12019"}],"collection":[{"href":"https:\/\/www.conselharan.org\/ca\/wp-json\/wp\/v2\/posts"}],"about":[{"href":"https:\/\/www.conselharan.org\/ca\/wp-json\/wp\/v2\/types\/post"}],"author":[{"embeddable":true,"href":"https:\/\/www.conselharan.org\/ca\/wp-json\/wp\/v2\/users\/2"}],"replies":[{"embeddable":true,"href":"https:\/\/www.conselharan.org\/ca\/wp-json\/wp\/v2\/comments?post=12019"}],"version-history":[{"count":1,"href":"https:\/\/www.conselharan.org\/ca\/wp-json\/wp\/v2\/posts\/12019\/revisions"}],"predecessor-version":[{"id":12020,"href":"https:\/\/www.conselharan.org\/ca\/wp-json\/wp\/v2\/posts\/12019\/revisions\/12020"}],"wp:featuredmedia":[{"embeddable":true,"href":"https:\/\/www.conselharan.org\/ca\/wp-json\/wp\/v2\/media\/12013"}],"wp:attachment":[{"href":"https:\/\/www.conselharan.org\/ca\/wp-json\/wp\/v2\/media?parent=12019"}],"wp:term":[{"taxonomy":"category","embeddable":true,"href":"https:\/\/www.conselharan.org\/ca\/wp-json\/wp\/v2\/categories?post=12019"},{"taxonomy":"post_tag","embeddable":true,"href":"https:\/\/www.conselharan.org\/ca\/wp-json\/wp\/v2\/tags?post=12019"}],"curies":[{"name":"wp","href":"https:\/\/api.w.org\/{rel}","templated":true}]}}