{"id":12034,"date":"2016-05-20T16:22:19","date_gmt":"2016-05-20T14:22:19","guid":{"rendered":"http:\/\/www.conselharan.org\/ca\/?p=12034"},"modified":"2016-05-20T16:22:33","modified_gmt":"2016-05-20T14:22:33","slug":"el-conselh-generau-daran-construeix-una-passarel%e2%80%a2la-a-salient","status":"publish","type":"post","link":"https:\/\/www.conselharan.org\/ca\/el-conselh-generau-daran-construeix-una-passarel%e2%80%a2la-a-salient\/","title":{"rendered":"El Conselh Generau d\u2019Aran construeix una passarel\u2022la a Salient"},"content":{"rendered":"<p><img loading=\"lazy\" decoding=\"async\" class=\"aligncenter size-full wp-image-12032\" src=\"http:\/\/www.conselharan.org\/wp-content\/uploads\/2016\/05\/2016-05-19-pas.-salient-1.jpg\" alt=\"2016 05 19 pas. salient (1)\" width=\"640\" height=\"384\" srcset=\"https:\/\/www.conselharan.org\/wp-content\/uploads\/2016\/05\/2016-05-19-pas.-salient-1.jpg 640w, https:\/\/www.conselharan.org\/wp-content\/uploads\/2016\/05\/2016-05-19-pas.-salient-1-300x180.jpg 300w\" sizes=\"(max-width: 640px) 100vw, 640px\" \/><\/p>\n<p>&nbsp;<\/p>\n<p>El Conselh Generau d\u2019Aran, a trav\u00e9s de l\u2019empresa Serveis Ambientals de la Val d\u2019Aran (<strong>SAVA S.L<\/strong>) ha constru\u00eft una passarel\u2022la a Salient, en el terme municipal de Vilac, per tal de millorar les condicions d\u2019acc\u00e9s peatonal que est\u00e0 dins la ruta 11 (vermella) del Centre BTT.<\/p>\n<p><strong>Jordi Gavald\u00e0<\/strong>, t\u00e8cnic del Conselh Generau d\u2019Aran, ha manifestat<strong> \u201cfins ara no es podia creuar el riu sense mullar-se els peus i era molt perill\u00f3s a la primavera. A partir d\u2019aquest any s\u2019ha fet una petita modificaci\u00f3 a l\u2019itinerari i ja es pot passar per a questa passarel\u2022la de forma que la ruta ja torna a estar del tot operativa\u201d.<\/strong><\/p>\n<p>El conselh\u00e8r d\u2019Agricultura, Ramaderia i Medi Natural del Conselh Generau d\u2019Aran,<strong> Jose Enrique Arr\u00f3<\/strong>, ha afegit \u201c<strong>amb la construcci\u00f3 d\u2019aquesta passarel\u2022la millorem la pista de Salient molt concorreguda pels ve\u00efns d\u2019Aran i pels visitants que la utilitzen com ruta per la pr\u00e0ctica de la BTT i el senderisme\u201d.<\/strong><\/p>\n<p>&nbsp;<\/p>\n<p>&nbsp;<\/p>\n<p>Vielha, 20 de maig de 2016<\/p>\n<p>&nbsp;<\/p>\n<p><em>Conselh Generau d&#8217;Aran: N\u00faria Sanjuan<\/em><\/p>\n ","protected":false},"excerpt":{"rendered":"<p>&nbsp; El Conselh Generau d\u2019Aran, a trav\u00e9s de l\u2019empresa Serveis Ambientals de la Val d\u2019Aran (SAVA S.L) ha constru\u00eft una passarel\u2022la a Salient, en el terme municipal de Vilac, per tal de millorar les condicions d\u2019acc\u00e9s peatonal que est\u00e0 dins la ruta 11 (vermella) del Centre BTT. Jordi Gavald\u00e0, t\u00e8cnic del Conselh Generau d\u2019Aran, ha&#8230;<\/p>\n","protected":false},"author":2,"featured_media":12032,"comment_status":"closed","ping_status":"closed","sticky":false,"template":"","format":"standard","meta":{"footnotes":""},"categories":[53],"tags":[],"_links":{"self":[{"href":"https:\/\/www.conselharan.org\/ca\/wp-json\/wp\/v2\/posts\/12034"}],"collection":[{"href":"https:\/\/www.conselharan.org\/ca\/wp-json\/wp\/v2\/posts"}],"about":[{"href":"https:\/\/www.conselharan.org\/ca\/wp-json\/wp\/v2\/types\/post"}],"author":[{"embeddable":true,"href":"https:\/\/www.conselharan.org\/ca\/wp-json\/wp\/v2\/users\/2"}],"replies":[{"embeddable":true,"href":"https:\/\/www.conselharan.org\/ca\/wp-json\/wp\/v2\/comments?post=12034"}],"version-history":[{"count":1,"href":"https:\/\/www.conselharan.org\/ca\/wp-json\/wp\/v2\/posts\/12034\/revisions"}],"predecessor-version":[{"id":12035,"href":"https:\/\/www.conselharan.org\/ca\/wp-json\/wp\/v2\/posts\/12034\/revisions\/12035"}],"wp:featuredmedia":[{"embeddable":true,"href":"https:\/\/www.conselharan.org\/ca\/wp-json\/wp\/v2\/media\/12032"}],"wp:attachment":[{"href":"https:\/\/www.conselharan.org\/ca\/wp-json\/wp\/v2\/media?parent=12034"}],"wp:term":[{"taxonomy":"category","embeddable":true,"href":"https:\/\/www.conselharan.org\/ca\/wp-json\/wp\/v2\/categories?post=12034"},{"taxonomy":"post_tag","embeddable":true,"href":"https:\/\/www.conselharan.org\/ca\/wp-json\/wp\/v2\/tags?post=12034"}],"curies":[{"name":"wp","href":"https:\/\/api.w.org\/{rel}","templated":true}]}}