{"id":12239,"date":"2016-06-03T14:13:49","date_gmt":"2016-06-03T12:13:49","guid":{"rendered":"http:\/\/www.conselharan.org\/ca\/?p=12239"},"modified":"2016-06-03T14:14:23","modified_gmt":"2016-06-03T12:14:23","slug":"el-govern-daran-invertira-100-000e-en-la-neteja-dels-camins-forestals-de-la-val-daran","status":"publish","type":"post","link":"https:\/\/www.conselharan.org\/ca\/el-govern-daran-invertira-100-000e-en-la-neteja-dels-camins-forestals-de-la-val-daran\/","title":{"rendered":"El Gov\u00e8rn d\u2019Aran invertir\u00e0 100.000\u20ac en la neteja dels camins forestals de la Val d\u2019Aran"},"content":{"rendered":"<p><strong>\u2022 La mesura del Gov\u00e8rn d\u2019Aran est\u00e0 adre\u00e7ada per garantir l&#8217;acc\u00e9s als paratges m\u00e9s emblem\u00e0tics de la Val d\u2019Aran<\/strong><\/p>\n<p>&nbsp;<\/p>\n<p><img loading=\"lazy\" decoding=\"async\" class=\"aligncenter size-large wp-image-12235\" src=\"http:\/\/www.conselharan.org\/wp-content\/uploads\/2016\/06\/2016-06-03-1-768x1024.jpg\" alt=\"2016 06 03 (1)\" width=\"768\" height=\"1024\" srcset=\"https:\/\/www.conselharan.org\/wp-content\/uploads\/2016\/06\/2016-06-03-1-768x1024.jpg 768w, https:\/\/www.conselharan.org\/wp-content\/uploads\/2016\/06\/2016-06-03-1-225x300.jpg 225w, https:\/\/www.conselharan.org\/wp-content\/uploads\/2016\/06\/2016-06-03-1.jpg 1200w\" sizes=\"(max-width: 768px) 100vw, 768px\" \/><\/p>\n<p>&nbsp;<\/p>\n<p>El Conselh Generau d\u2019Aran, a trav\u00e9s de la empresa Serveis Ambientals de la Val d\u2019Aran (<strong>SAVA, S.L<\/strong>.) desenvolupa un pla de neteja de camins forestals per les afectacions produ\u00efdes al llarg del passat hivern a la muntanya.<\/p>\n<p>Aquesta intervenci\u00f3 afecta a camins de tota la Val d&#8217;Aran (connexions entre pobles i rutes tur\u00edstiques pels dos costats,&#8230;) l&#8217;espai de l&#8217;actuaci\u00f3 s\u00f3n camins ve\u00efnals, pistes forestals i neteja de la vegetaci\u00f3 a les \u00e0rees recreatives.<\/p>\n<p>&nbsp;<\/p>\n<p><img loading=\"lazy\" decoding=\"async\" class=\"aligncenter size-large wp-image-12236\" src=\"http:\/\/www.conselharan.org\/wp-content\/uploads\/2016\/06\/2016-06-03-2-576x1024.jpg\" alt=\"2016 06 03 (2)\" width=\"576\" height=\"1024\" srcset=\"https:\/\/www.conselharan.org\/wp-content\/uploads\/2016\/06\/2016-06-03-2-576x1024.jpg 576w, https:\/\/www.conselharan.org\/wp-content\/uploads\/2016\/06\/2016-06-03-2-169x300.jpg 169w, https:\/\/www.conselharan.org\/wp-content\/uploads\/2016\/06\/2016-06-03-2-768x1365.jpg 768w, https:\/\/www.conselharan.org\/wp-content\/uploads\/2016\/06\/2016-06-03-2.jpg 900w\" sizes=\"(max-width: 576px) 100vw, 576px\" \/><\/p>\n<p>&nbsp;<\/p>\n<p>El conselh\u00e8r d\u2019Agricultura, Ramaderia i Medi Natural d\u2019Aran, J<strong>ose Enrique Arr\u00f3,<\/strong> ha explicat <strong>\u201camb aquest pla de neteja dels camins forestals volem garantir l&#8217;acc\u00e9s de les persones als paratges m\u00e9s concorreguts del nostre pa\u00eds\u201d.<\/strong><\/p>\n<p>El Gov\u00e8rn aran\u00e8s treballar\u00e0 en els camins amb retroexcavadores per la canalitzaci\u00f3 de l&#8217;aigua i l&#8217;extracci\u00f3 de material acumulat com rames i pedres. Els operaris treballaran en la neteja i desbrossament manual per tal de poder retirar petits enfonsaments produ\u00efts per la neu o el desgel.<\/p>\n<p>&nbsp;<\/p>\n<p>&nbsp;<\/p>\n<p>&nbsp;<\/p>\n<p>Vielha, 3 de juny de 2016<\/p>\n<p>&nbsp;<\/p>\n<p><em>Conselh Generau d&#8217;Aran: N\u00faria Sanjuan<\/em><\/p>\n ","protected":false},"excerpt":{"rendered":"<p>\u2022 La mesura del Gov\u00e8rn d\u2019Aran est\u00e0 adre\u00e7ada per garantir l&#8217;acc\u00e9s als paratges m\u00e9s emblem\u00e0tics de la Val d\u2019Aran &nbsp; &nbsp; El Conselh Generau d\u2019Aran, a trav\u00e9s de la empresa Serveis Ambientals de la Val d\u2019Aran (SAVA, S.L.) desenvolupa un pla de neteja de camins forestals per les afectacions produ\u00efdes al llarg del passat hivern&#8230;<\/p>\n","protected":false},"author":2,"featured_media":12235,"comment_status":"closed","ping_status":"closed","sticky":false,"template":"","format":"standard","meta":{"footnotes":""},"categories":[53,127],"tags":[],"_links":{"self":[{"href":"https:\/\/www.conselharan.org\/ca\/wp-json\/wp\/v2\/posts\/12239"}],"collection":[{"href":"https:\/\/www.conselharan.org\/ca\/wp-json\/wp\/v2\/posts"}],"about":[{"href":"https:\/\/www.conselharan.org\/ca\/wp-json\/wp\/v2\/types\/post"}],"author":[{"embeddable":true,"href":"https:\/\/www.conselharan.org\/ca\/wp-json\/wp\/v2\/users\/2"}],"replies":[{"embeddable":true,"href":"https:\/\/www.conselharan.org\/ca\/wp-json\/wp\/v2\/comments?post=12239"}],"version-history":[{"count":1,"href":"https:\/\/www.conselharan.org\/ca\/wp-json\/wp\/v2\/posts\/12239\/revisions"}],"predecessor-version":[{"id":12240,"href":"https:\/\/www.conselharan.org\/ca\/wp-json\/wp\/v2\/posts\/12239\/revisions\/12240"}],"wp:featuredmedia":[{"embeddable":true,"href":"https:\/\/www.conselharan.org\/ca\/wp-json\/wp\/v2\/media\/12235"}],"wp:attachment":[{"href":"https:\/\/www.conselharan.org\/ca\/wp-json\/wp\/v2\/media?parent=12239"}],"wp:term":[{"taxonomy":"category","embeddable":true,"href":"https:\/\/www.conselharan.org\/ca\/wp-json\/wp\/v2\/categories?post=12239"},{"taxonomy":"post_tag","embeddable":true,"href":"https:\/\/www.conselharan.org\/ca\/wp-json\/wp\/v2\/tags?post=12239"}],"curies":[{"name":"wp","href":"https:\/\/api.w.org\/{rel}","templated":true}]}}