{"id":12296,"date":"2016-06-06T10:33:32","date_gmt":"2016-06-06T08:33:32","guid":{"rendered":"http:\/\/www.conselharan.org\/ca\/?p=12296"},"modified":"2016-06-06T10:33:45","modified_gmt":"2016-06-06T08:33:45","slug":"el-les-guanyador-de-la-copa-federacio","status":"publish","type":"post","link":"https:\/\/www.conselharan.org\/ca\/el-les-guanyador-de-la-copa-federacio\/","title":{"rendered":"El Les guanyador de la Copa Federaci\u00f3"},"content":{"rendered":"<p><img loading=\"lazy\" decoding=\"async\" class=\"aligncenter size-full wp-image-12294\" src=\"http:\/\/www.conselharan.org\/wp-content\/uploads\/2016\/06\/copa-federaci\u00f3-LES.jpg\" alt=\"copa federaci\u00f3 LES\" width=\"500\" height=\"333\" srcset=\"https:\/\/www.conselharan.org\/wp-content\/uploads\/2016\/06\/copa-federaci\u00f3-LES.jpg 500w, https:\/\/www.conselharan.org\/wp-content\/uploads\/2016\/06\/copa-federaci\u00f3-LES-300x200.jpg 300w\" sizes=\"(max-width: 500px) 100vw, 500px\" \/><\/p>\n<p>&nbsp;<\/p>\n<p>L\u2019AF Les es va proclamar el dissabte, 4 de juny, a Torrefarrera campi\u00f3 de la Copa Federaci\u00f3 de Quarta Catalana al superar clarament (0-3) un Buts\u00e8nit al qual li va passar factura la participaci\u00f3 en la Copa Catalunya. Els aranesos, subcampions del grup 21, van rubricar aix\u00ed una gran temporada, guanyant c\u00f2modament el campi\u00f3 del grup 22 gr\u00e0cies a un hat-trick de Rub\u00e9n Rella, que es va erigir en el protagonista del partit.<\/p>\n<p>Despr\u00e9s d\u2019uns primers minuts de tempteig, el Les va comen\u00e7ar a crear perill i als 13 minuts va aconseguir avan\u00e7ar-se en el marcador amb la primera diana de Rella. Malgrat el gol en contra, el Buts\u00e8nit va tenir diverses ocasions, per\u00f2 no va aconseguir neutralitzar el gol inicial dels aranesos i al descans es va arribar amb el 0-1.<\/p>\n<p>Ja a la segona meitat, els campions van ser dominadors i van gaudir de les millors oportunitats. D\u2019aquesta forma, Rella va marcar el segon per al Les als 61 minuts, posant contra les cordes els de la Noguera. Ja als \u00faltims instants de la final, Rella va sentenciar amb el tercer gol per als aranesos.<\/p>\n<p>&nbsp;<\/p>\n<p>&nbsp;<\/p>\n<p>&nbsp;<\/p>\n<p>&nbsp;<\/p>\n<p>Vielha, 6 de juny de 2016<\/p>\n<p>&nbsp;<\/p>\n<p><em>Conselh Geenerau d&#8217;Aran: N\u00faria Sanjuan<\/em><\/p>\n ","protected":false},"excerpt":{"rendered":"<p>&nbsp; L\u2019AF Les es va proclamar el dissabte, 4 de juny, a Torrefarrera campi\u00f3 de la Copa Federaci\u00f3 de Quarta Catalana al superar clarament (0-3) un Buts\u00e8nit al qual li va passar factura la participaci\u00f3 en la Copa Catalunya. Els aranesos, subcampions del grup 21, van rubricar aix\u00ed una gran temporada, guanyant c\u00f2modament el campi\u00f3&#8230;<\/p>\n","protected":false},"author":2,"featured_media":12294,"comment_status":"closed","ping_status":"closed","sticky":false,"template":"","format":"standard","meta":{"footnotes":""},"categories":[33],"tags":[],"_links":{"self":[{"href":"https:\/\/www.conselharan.org\/ca\/wp-json\/wp\/v2\/posts\/12296"}],"collection":[{"href":"https:\/\/www.conselharan.org\/ca\/wp-json\/wp\/v2\/posts"}],"about":[{"href":"https:\/\/www.conselharan.org\/ca\/wp-json\/wp\/v2\/types\/post"}],"author":[{"embeddable":true,"href":"https:\/\/www.conselharan.org\/ca\/wp-json\/wp\/v2\/users\/2"}],"replies":[{"embeddable":true,"href":"https:\/\/www.conselharan.org\/ca\/wp-json\/wp\/v2\/comments?post=12296"}],"version-history":[{"count":1,"href":"https:\/\/www.conselharan.org\/ca\/wp-json\/wp\/v2\/posts\/12296\/revisions"}],"predecessor-version":[{"id":12297,"href":"https:\/\/www.conselharan.org\/ca\/wp-json\/wp\/v2\/posts\/12296\/revisions\/12297"}],"wp:featuredmedia":[{"embeddable":true,"href":"https:\/\/www.conselharan.org\/ca\/wp-json\/wp\/v2\/media\/12294"}],"wp:attachment":[{"href":"https:\/\/www.conselharan.org\/ca\/wp-json\/wp\/v2\/media?parent=12296"}],"wp:term":[{"taxonomy":"category","embeddable":true,"href":"https:\/\/www.conselharan.org\/ca\/wp-json\/wp\/v2\/categories?post=12296"},{"taxonomy":"post_tag","embeddable":true,"href":"https:\/\/www.conselharan.org\/ca\/wp-json\/wp\/v2\/tags?post=12296"}],"curies":[{"name":"wp","href":"https:\/\/api.w.org\/{rel}","templated":true}]}}