{"id":12322,"date":"2016-06-08T10:04:54","date_gmt":"2016-06-08T08:04:54","guid":{"rendered":"http:\/\/www.conselharan.org\/ca\/?p=12322"},"modified":"2016-06-08T10:24:42","modified_gmt":"2016-06-08T08:24:42","slug":"actes-hesta-daran-2016-25e-aniversari-de-la-restitucio-del-conselh-generau-daran","status":"publish","type":"post","link":"https:\/\/www.conselharan.org\/ca\/actes-hesta-daran-2016-25e-aniversari-de-la-restitucio-del-conselh-generau-daran\/","title":{"rendered":"ACTES H\u00c8STA D&#8217;ARAN 2016- 25\u00e8 ANIVERSARI DE LA RESTITUCI\u00d3 DEL CONSELH GENERAU D&#8217;ARAN"},"content":{"rendered":"<p><strong>Aquest dissabte, 11 de juny, tindr\u00e0 lloc l&#8217;entrega dels premis dels concursos literaris 26\u00e8 Mn. Cond\u00f2 Sambeat i 16\u00e8 Aran de Literatura, del 9\u00e8 concurs de Dibuix a l&#8217;Escola, 4\u00e8 Concurs de C\u00f2mic i del 9\u00e8 Festival de Teatre a l&#8217;Escola.<\/strong><\/p>\n<p><strong>El dimecres, dia 15 de juny, al Parlament de Catalunya tindr\u00e0 lloc l\u2019acte commemoratiu del 25\u00e8 aniversari de la restituci\u00f3 del Conselh Generau d\u2019Aran.<\/strong><\/p>\n<p><strong>El divendres, 17 de juny, H\u00e8sta d&#8217;Aran- 25\u00e8 Aniversari de la restituci\u00f3 del Conselh Generau d&#8217;Aran.<\/strong><\/p>\n<p>&nbsp;<\/p>\n<p><img loading=\"lazy\" decoding=\"async\" class=\"aligncenter size-large wp-image-12320\" src=\"http:\/\/www.conselharan.org\/wp-content\/uploads\/2016\/06\/tarja-hesta-2016-25-aniversari-702x1024.jpg\" alt=\"tarja hesta 2016 25 aniversari\" width=\"702\" height=\"1024\" srcset=\"https:\/\/www.conselharan.org\/wp-content\/uploads\/2016\/06\/tarja-hesta-2016-25-aniversari-702x1024.jpg 702w, https:\/\/www.conselharan.org\/wp-content\/uploads\/2016\/06\/tarja-hesta-2016-25-aniversari-206x300.jpg 206w, https:\/\/www.conselharan.org\/wp-content\/uploads\/2016\/06\/tarja-hesta-2016-25-aniversari-768x1120.jpg 768w\" sizes=\"(max-width: 702px) 100vw, 702px\" \/><\/p>\n<p>&nbsp;<\/p>\n<p><strong>PROGRAMA D&#8217;ACTES INCLOSOS DINS DE LA H\u00c8STA D&#8217;ARAN 2016:<\/strong><\/p>\n<p>&nbsp;<\/p>\n<p><strong>\u2022<em> DISSABTE, 11 DE JUNY:<\/em><\/strong><\/p>\n<p><strong>19h00<\/strong> Entrega dels premis dels concursos. <strong>Lloc:<\/strong> Era Audiovisuau (Vielha)<\/p>\n<p>26\u00e8 Mn. Cond\u00f2 Sambeat<br \/>\n16 \u00e8 Aran de Literatura<br \/>\n9\u00e8 Concurs de Dibuix a l&#8217;Escola<br \/>\n4\u00e8 Concurs de C\u00f2mic<br \/>\n9\u00e8 Festival de Teatre a l&#8217;Escola<\/p>\n<p>&nbsp;<\/p>\n<ul>\n<li><em><strong>DIMECRES, 15 DE JUNY:<\/strong><\/em><\/li>\n<\/ul>\n<p><strong>16h00<\/strong> Acte commemoratiu del 25\u00e8 Aniversari de la restituci\u00f3 del Conselh General d&#8217;Aran. <strong>Lloc<\/strong>: Palau del Parlament (Parc de la Ciutadella. Barcelona)<\/p>\n<p><strong>*Si voleu assistir a l&#8217;acte, cal formalitzar l&#8217;acreditaci\u00f3 en el Conselh Generau d&#8217;Aran, Tel. 973 64 18 01, demanant per Luisa Est\u00e9vez o per mail: <a href=\"mailto:l.estevez@aran.org\" target=\"_blank\">l.estevez@aran.org<\/a><\/strong>.<\/p>\n<p>&nbsp;<\/p>\n<p><em><strong>\u2022 DIVENDRES, 17 DE JUNY:<\/strong><\/em><\/p>\n<p><strong>11h00<\/strong> Recepci\u00f3 del s\u00edndic d&#8217;Aran, Carlos Barrera, a totes les autoritats i convidats en la seu del Conselh Generau d&#8217;Aran (Vielha)<\/p>\n<p><strong>11h30<\/strong> Desfilada de pendons duts pels representants de cada ter\u00e7\u00f3 fins al santuari de Nostra Senyora de Mijaran<\/p>\n<p><strong>12h00<\/strong> Missa solemne celebrada en el Santuari de Nostra Senyora de Mijaran<\/p>\n<p><strong>13h00<\/strong> Acte institucional de la H\u00e8sta d&#8217;Aran. Lloc: Ro\u00efnes de l&#8217;antic Santuari de Mijaran.<\/p>\n<p>&#8211; Hissada de bandera<br \/>\n&#8211; Parlaments d&#8217;autoritats<br \/>\n&#8211; Balls aranesos<\/p>\n<p>Tot seguit se servir\u00e0 un refrigeri per tots els assistents.<\/p>\n<p>&nbsp;<\/p>\n<p>&nbsp;<\/p>\n<p>&nbsp;<\/p>\n<p>Vielha, 8 de juny de 2016<\/p>\n<p>&nbsp;<\/p>\n<p><em>Conselh Generau d&#8217;Aran: N\u00faria Sanjuan<\/em><\/p>\n<p>&nbsp;<\/p>\n ","protected":false},"excerpt":{"rendered":"<p>Aquest dissabte, 11 de juny, tindr\u00e0 lloc l&#8217;entrega dels premis dels concursos literaris 26\u00e8 Mn. Cond\u00f2 Sambeat i 16\u00e8 Aran de Literatura, del 9\u00e8 concurs de Dibuix a l&#8217;Escola, 4\u00e8 Concurs de C\u00f2mic i del 9\u00e8 Festival de Teatre a l&#8217;Escola. El dimecres, dia 15 de juny, al Parlament de Catalunya tindr\u00e0 lloc l\u2019acte commemoratiu&#8230;<\/p>\n","protected":false},"author":2,"featured_media":12320,"comment_status":"closed","ping_status":"closed","sticky":false,"template":"","format":"standard","meta":{"footnotes":""},"categories":[53],"tags":[],"_links":{"self":[{"href":"https:\/\/www.conselharan.org\/ca\/wp-json\/wp\/v2\/posts\/12322"}],"collection":[{"href":"https:\/\/www.conselharan.org\/ca\/wp-json\/wp\/v2\/posts"}],"about":[{"href":"https:\/\/www.conselharan.org\/ca\/wp-json\/wp\/v2\/types\/post"}],"author":[{"embeddable":true,"href":"https:\/\/www.conselharan.org\/ca\/wp-json\/wp\/v2\/users\/2"}],"replies":[{"embeddable":true,"href":"https:\/\/www.conselharan.org\/ca\/wp-json\/wp\/v2\/comments?post=12322"}],"version-history":[{"count":1,"href":"https:\/\/www.conselharan.org\/ca\/wp-json\/wp\/v2\/posts\/12322\/revisions"}],"predecessor-version":[{"id":12323,"href":"https:\/\/www.conselharan.org\/ca\/wp-json\/wp\/v2\/posts\/12322\/revisions\/12323"}],"wp:featuredmedia":[{"embeddable":true,"href":"https:\/\/www.conselharan.org\/ca\/wp-json\/wp\/v2\/media\/12320"}],"wp:attachment":[{"href":"https:\/\/www.conselharan.org\/ca\/wp-json\/wp\/v2\/media?parent=12322"}],"wp:term":[{"taxonomy":"category","embeddable":true,"href":"https:\/\/www.conselharan.org\/ca\/wp-json\/wp\/v2\/categories?post=12322"},{"taxonomy":"post_tag","embeddable":true,"href":"https:\/\/www.conselharan.org\/ca\/wp-json\/wp\/v2\/tags?post=12322"}],"curies":[{"name":"wp","href":"https:\/\/api.w.org\/{rel}","templated":true}]}}