{"id":12330,"date":"2016-06-08T18:26:01","date_gmt":"2016-06-08T16:26:01","guid":{"rendered":"http:\/\/www.conselharan.org\/ca\/?p=12330"},"modified":"2016-06-08T18:26:01","modified_gmt":"2016-06-08T16:26:01","slug":"curs-de-comerc-electronic-i-botiga-virtual-organitzat-per-el-conselh-generau-daran","status":"publish","type":"post","link":"https:\/\/www.conselharan.org\/ca\/curs-de-comerc-electronic-i-botiga-virtual-organitzat-per-el-conselh-generau-daran\/","title":{"rendered":"Curs de Comer\u00e7 electr\u00f2nic i Botiga Virtual organitzat per el Conselh Generau d\u2019Aran"},"content":{"rendered":"<p>Vielha, 7 de juny de 2016.- El <strong>Conselh Generau d\u2019Aran<\/strong> a trav\u00e9s <strong>del CEI Val d\u2019Aran (Centre d\u2019Empreses Innovadores)<\/strong>, en col\u00b7laboraci\u00f3 amb la<strong> Fundaci\u00f3 COELL<\/strong>, organitza el curs <strong>Comer\u00e7 electr\u00f2nic i Botiga Virtual, <\/strong>que es realitzar\u00e0 durant els mesos de juny i juliol. El curs s\u2019adre\u00e7a a professionals i comerciants que vulguin aprendre noves t\u00e8cniques digitals per millorar el rendiment del seu negoci o la seva activitat professional.<\/p>\n<p>L\u2019objectiu del curs, \u00e9s apropar les diferents formes de comercialitzaci\u00f3 electr\u00f2nica, dominant els par\u00e0metres per a la venda en internet, i valorar la incid\u00e8ncia que t\u00e9 el comer\u00e7 electr\u00f2nic per a l&#8217;economia global i el desenvolupament empresarial. El curs es basar\u00e0 en les seg\u00fcents q\u00fcestions:<\/p>\n<ol>\n<li><strong>Consideracions generals<br \/>\n<\/strong>2. <strong>Internet i l&#8217;empresa<br \/>\n<\/strong>3. <strong>Conceptes relacionats<\/strong><\/li>\n<\/ol>\n<p>Programaci\u00f3:<\/p>\n<p><strong>Dominis 2.5 hores<\/strong><\/p>\n<ul>\n<li>Qu\u00e8 \u00e9s un domini?<\/li>\n<li>Per a qu\u00e8 serveix un domini?<\/li>\n<li>Qu\u00e8 \u00e9s un DNS?<\/li>\n<li>Exercicis pr\u00e0ctics<\/li>\n<\/ul>\n<p>&nbsp;<\/p>\n<p><strong>Allotjament per a un domini 2.5 hores<\/strong><\/p>\n<ul>\n<li>Qu\u00e8 \u00e9s l\u2019allotjament per a un domini?<\/li>\n<li>Aspectes a tenir en compte a l\u2019hora de contractar un allotjament per a un domini<\/li>\n<li>Com configurar el nostre espai per a la Web, Blog, Botiga Virtual<\/li>\n<li>Com crear compte de correu<\/li>\n<li>Com configurar un compte FTP per enviar i descarregar informaci\u00f3 al servidor d\u2019allotjament<\/li>\n<li>Qu\u00e8 \u00e9s una basa de dades i com crear-la?<\/li>\n<li>Aspectes t\u00e8cnics del servidor<\/li>\n<li>Exercicis pr\u00e0ctics<\/li>\n<\/ul>\n<p>&nbsp;<\/p>\n<p><strong>Correu electr\u00f2nic al nostre ordinador 5 hores <\/strong><\/p>\n<ul>\n<li>Qu\u00e8 \u00e9s un gestor de correu?<\/li>\n<li>Obtenir i instal\u00b7lar el gestor de correu<\/li>\n<li>Com configurar comptes de correu<\/li>\n<li>Configurar la nostra llibreta de direccions (sincronitzada amb Google Contacts)<\/li>\n<li>Preparar una firma atractiva amb el logotip de l\u2019empresa i enlla\u00e7os a la web<\/li>\n<li>Exercicis pr\u00e0ctics<\/li>\n<\/ul>\n<p>&nbsp;<\/p>\n<p><strong>Sincronitzaci\u00f3 d\u2019arxius 5 hores<\/strong><\/p>\n<ul>\n<li>Com podem sincronitzar arxius en ordinadors diferents ?<\/li>\n<li>Com podem obtenir i instal\u00b7lar\u00a0 el programa de sincronitzaci\u00f3 d\u2019arxius i carpetes<\/li>\n<li>Configuraci\u00f3 del programa en un o varis ordinadors<\/li>\n<li>Visualitzaci\u00f3 de com es sincronitzen els arxius en varis\u00a0 dispositius<\/li>\n<li>Exercicis pr\u00e0ctics<\/li>\n<\/ul>\n<p>&nbsp;<\/p>\n<p><strong>El nostre primer Blog (WordPress) 5 hores<\/strong><\/p>\n<ul>\n<li>Qu\u00e8 \u00e9s un Blog?<\/li>\n<li>Com obtenir i instal\u00b7lar un Blog<\/li>\n<li>Com configurar un Blog<\/li>\n<li>Com publicar un Blog a Internet<\/li>\n<li>El nostre primer post o article<\/li>\n<li>Exercicis pr\u00e0ctics<\/li>\n<\/ul>\n<p>&nbsp;<\/p>\n<p><strong>La teva botiga virtual (PrestaShop) 5 hores<\/strong><\/p>\n<ul>\n<li>Per a qu\u00e8 ens pot ajudar una botiga virtual<\/li>\n<li>Com obtenir i instal\u00b7lar una botiga virtual<\/li>\n<li>Com configurar totes les opcions de la botiga aix\u00ed com:<\/li>\n<\/ul>\n<ul>\n<li>Pujar articles<\/li>\n<li>Afegir preus<\/li>\n<li>M\u00e8todes de pagament<\/li>\n<li>Impostos<\/li>\n<li>Ports<\/li>\n<\/ul>\n<ul>\n<li>Com publicar la botiga virtual a Internet<\/li>\n<li>Exercicis pr\u00e0ctics<\/li>\n<\/ul>\n<p>&nbsp;<\/p>\n<p><strong>T\u00e8cnica de Marketing Online (petita introducci\u00f3 al SEO\/SEM) 5 hores<\/strong><\/p>\n<ul>\n<li>Consells de com publicar el teu negoci a Internet<\/li>\n<li>Com generar anuncis en Google Adwords<\/li>\n<li>Com enviar correus electr\u00f2nics als teus subscriptors Mailing<\/li>\n<li>Claus per a posicionar el teu negoci als principals buscadors<\/li>\n<\/ul>\n<p>&nbsp;<\/p>\n<p>El curs s\u2019esdevindr\u00e0 en les seg\u00fcents dates i horaris:<\/p>\n<p><strong>Dies: <\/strong>13, 14, 20, 21 de juny i 11,12 de juliol<\/p>\n<p><strong>Data Fi<\/strong>: 25 de juliol del 2016<\/p>\n<p><strong>Durada<\/strong>: 30 hores<\/p>\n<p><strong>Horari:<\/strong> dilluns de 9:00 a 14:00 h<\/p>\n<p><strong>Lloc:<\/strong> CEI Val d\u2019Aran (Casau)<\/p>\n<p>Les persones interessades a realitzar el curs, es poden posar en contacte mitjan\u00e7ant el Telf. 973 232 166 o via \u00a0email : <a href=\"mailto:sroig@coell.org\"><strong>mjfarre@coell.org<\/strong><\/a><\/p>\n<p>&nbsp;<\/p>\n ","protected":false},"excerpt":{"rendered":"<p>Vielha, 7 de juny de 2016.- El Conselh Generau d\u2019Aran a trav\u00e9s del CEI Val d\u2019Aran (Centre d\u2019Empreses Innovadores), en col\u00b7laboraci\u00f3 amb la Fundaci\u00f3 COELL, organitza el curs Comer\u00e7 electr\u00f2nic i Botiga Virtual, que es realitzar\u00e0 durant els mesos de juny i juliol. El curs s\u2019adre\u00e7a a professionals i comerciants que vulguin aprendre noves t\u00e8cniques&#8230;<\/p>\n","protected":false},"author":2,"featured_media":12328,"comment_status":"closed","ping_status":"closed","sticky":false,"template":"","format":"standard","meta":{"footnotes":""},"categories":[33],"tags":[],"_links":{"self":[{"href":"https:\/\/www.conselharan.org\/ca\/wp-json\/wp\/v2\/posts\/12330"}],"collection":[{"href":"https:\/\/www.conselharan.org\/ca\/wp-json\/wp\/v2\/posts"}],"about":[{"href":"https:\/\/www.conselharan.org\/ca\/wp-json\/wp\/v2\/types\/post"}],"author":[{"embeddable":true,"href":"https:\/\/www.conselharan.org\/ca\/wp-json\/wp\/v2\/users\/2"}],"replies":[{"embeddable":true,"href":"https:\/\/www.conselharan.org\/ca\/wp-json\/wp\/v2\/comments?post=12330"}],"version-history":[{"count":1,"href":"https:\/\/www.conselharan.org\/ca\/wp-json\/wp\/v2\/posts\/12330\/revisions"}],"predecessor-version":[{"id":12331,"href":"https:\/\/www.conselharan.org\/ca\/wp-json\/wp\/v2\/posts\/12330\/revisions\/12331"}],"wp:featuredmedia":[{"embeddable":true,"href":"https:\/\/www.conselharan.org\/ca\/wp-json\/wp\/v2\/media\/12328"}],"wp:attachment":[{"href":"https:\/\/www.conselharan.org\/ca\/wp-json\/wp\/v2\/media?parent=12330"}],"wp:term":[{"taxonomy":"category","embeddable":true,"href":"https:\/\/www.conselharan.org\/ca\/wp-json\/wp\/v2\/categories?post=12330"},{"taxonomy":"post_tag","embeddable":true,"href":"https:\/\/www.conselharan.org\/ca\/wp-json\/wp\/v2\/tags?post=12330"}],"curies":[{"name":"wp","href":"https:\/\/api.w.org\/{rel}","templated":true}]}}