{"id":12351,"date":"2016-06-10T14:17:20","date_gmt":"2016-06-10T12:17:20","guid":{"rendered":"http:\/\/www.conselharan.org\/ca\/?p=12351"},"modified":"2016-06-10T14:17:28","modified_gmt":"2016-06-10T12:17:28","slug":"una-ossa-amb-dos-cadells-al-municipi-del-naut-aran","status":"publish","type":"post","link":"https:\/\/www.conselharan.org\/ca\/una-ossa-amb-dos-cadells-al-municipi-del-naut-aran\/","title":{"rendered":"Una \u00f3ssa amb dos cadells al municipi del Naut Aran"},"content":{"rendered":"<p>\u2022<strong> Respecte a l\u2019\u00f3ssa trobada morta el passat mes de maig, noves anal\u00edtiques han perm\u00e8s corroborar que es tractava efectivament d\u2019una femella i que presentava lesions cerebrals fruit d\u2019un fort cop ocasionat per la mateixa caiguda que li va causar la mort, caiguda que es va produir despr\u00e9s de ser atacada per un altre animal, presumptament un \u00f3s mascle.<\/strong><\/p>\n<p><strong>\u2022 Goiat, l\u2019\u00f3s alliberat al Pallars en el marc del programa Piroslife el passat dilluns dia 6 de juny, s\u2019ha localitzat avui al municipi de Naut Aran, en una zona propera a la frontera<\/strong>.<\/p>\n<p>&nbsp;<\/p>\n<p><img loading=\"lazy\" decoding=\"async\" class=\"aligncenter size-full wp-image-12347\" src=\"http:\/\/www.conselharan.org\/wp-content\/uploads\/2016\/06\/ossa-cad\u00e8ths.jpg\" alt=\"ossa-cad\u00e8ths\" width=\"906\" height=\"637\" srcset=\"https:\/\/www.conselharan.org\/wp-content\/uploads\/2016\/06\/ossa-cad\u00e8ths.jpg 906w, https:\/\/www.conselharan.org\/wp-content\/uploads\/2016\/06\/ossa-cad\u00e8ths-300x211.jpg 300w, https:\/\/www.conselharan.org\/wp-content\/uploads\/2016\/06\/ossa-cad\u00e8ths-768x540.jpg 768w\" sizes=\"(max-width: 906px) 100vw, 906px\" \/><\/p>\n<p>&nbsp;<\/p>\n<p>Durant les darreres setmanes s\u2019ha localitzat una \u00f3ssa amb dos cadells d\u00b4enguany al municipi de Naut Aran. L\u2019\u00f3ssa, que presenta un comportament esquiu i discret, es troba en un indret de molt dif\u00edcil acc\u00e9s, per intentar evitar qualsevol interacci\u00f3 amb cap mascle durant l\u2019\u00e8poca de zel. La troballa va anar c\u00e0rrec de l\u2019<strong>equip de seguiment de l\u2019\u00f3s bru de DEPANA<\/strong>, que ha fet el control i observaci\u00f3 aquests dies, en col\u2022laboraci\u00f3 i sota la supervisi\u00f3 del <strong>Conselh Generau d\u2019Aran<\/strong>, qui <strong>agraeix la col\u2022laboraci\u00f3 ciutadana<\/strong>, com va passar amb l\u2019\u00f3ssa trobada morta el passat 16 de maig.<\/p>\n<p>&nbsp;<\/p>\n<p><img loading=\"lazy\" decoding=\"async\" class=\"aligncenter size-full wp-image-12349\" src=\"http:\/\/www.conselharan.org\/wp-content\/uploads\/2016\/06\/ossa-cad\u00e8ths3.jpg\" alt=\"ossa-cad\u00e8ths3\" width=\"906\" height=\"645\" srcset=\"https:\/\/www.conselharan.org\/wp-content\/uploads\/2016\/06\/ossa-cad\u00e8ths3.jpg 906w, https:\/\/www.conselharan.org\/wp-content\/uploads\/2016\/06\/ossa-cad\u00e8ths3-300x214.jpg 300w, https:\/\/www.conselharan.org\/wp-content\/uploads\/2016\/06\/ossa-cad\u00e8ths3-768x547.jpg 768w\" sizes=\"(max-width: 906px) 100vw, 906px\" \/><\/p>\n<p>&nbsp;<\/p>\n<p>Respecte a l\u2019\u00f3ssa trobada morta, noves anal\u00edtiques han perm\u00e8s corroborar que es tractava efectivament d\u2019una femella i que presentava lesions cerebrals fruit d\u2019un fort cop ocasionat per la mateixa caiguda que li va causar la mort, caiguda que es va produir despr\u00e9s de ser atacada per un altre animal, presumptament un \u00f3s mascle. Els primers resultats de l\u2019an\u00e0lisi gen\u00e8tica, sense ser concloents, semblen apuntar que l\u2019\u00f3ssa morta podria tractar-se d\u2019una cria del 2014 de Fadeta i Pyros, per tant, seria la germana de l\u2019\u00f3ssa Aub\u00e8rta.<\/p>\n<p>&nbsp;<\/p>\n<p><img loading=\"lazy\" decoding=\"async\" class=\"aligncenter size-full wp-image-12348\" src=\"http:\/\/www.conselharan.org\/wp-content\/uploads\/2016\/06\/ossa-cad\u00e8ths2.jpg\" alt=\"ossa-cad\u00e8ths2\" width=\"541\" height=\"666\" srcset=\"https:\/\/www.conselharan.org\/wp-content\/uploads\/2016\/06\/ossa-cad\u00e8ths2.jpg 541w, https:\/\/www.conselharan.org\/wp-content\/uploads\/2016\/06\/ossa-cad\u00e8ths2-244x300.jpg 244w\" sizes=\"(max-width: 541px) 100vw, 541px\" \/><\/p>\n<p>&nbsp;<\/p>\n<p>D\u2019altra banda, s\u2019informa tamb\u00e9 que el mascle Goiat, alliberat al Pallars en el marc del programa <strong>Piroslife<\/strong> el passat dilluns dia 6 de juny, s\u2019ha localitzat avui al municipi de Naut Aran, en una zona propera a la frontera. S&#8217;ha localitzat gr\u00e0cies al collar GPS i radiotransmissors.<\/p>\n<p>&nbsp;<\/p>\n<p>&nbsp;<\/p>\n<p>&nbsp;<\/p>\n<p>Vielha, 10 de juny de 2016<\/p>\n<p>&nbsp;<\/p>\n<p><em>Conselh Generau d&#8217;Aran: N\u00faria Sanjuan<\/em><\/p>\n<p><em>Imatges: Les imatges de la fam\u00edlia d\u00b4\u00f3ssos s\u00f3n propietat d\u00b4Oriol Alamany\/Depana i cedides exclusivament per la difussi\u00f3 d\u00b4aquesta not\u00edcia<\/em><\/p>\n ","protected":false},"excerpt":{"rendered":"<p>\u2022 Respecte a l\u2019\u00f3ssa trobada morta el passat mes de maig, noves anal\u00edtiques han perm\u00e8s corroborar que es tractava efectivament d\u2019una femella i que presentava lesions cerebrals fruit d\u2019un fort cop ocasionat per la mateixa caiguda que li va causar la mort, caiguda que es va produir despr\u00e9s de ser atacada per un altre animal,&#8230;<\/p>\n","protected":false},"author":2,"featured_media":12349,"comment_status":"closed","ping_status":"closed","sticky":false,"template":"","format":"standard","meta":{"footnotes":""},"categories":[128,127,33],"tags":[],"_links":{"self":[{"href":"https:\/\/www.conselharan.org\/ca\/wp-json\/wp\/v2\/posts\/12351"}],"collection":[{"href":"https:\/\/www.conselharan.org\/ca\/wp-json\/wp\/v2\/posts"}],"about":[{"href":"https:\/\/www.conselharan.org\/ca\/wp-json\/wp\/v2\/types\/post"}],"author":[{"embeddable":true,"href":"https:\/\/www.conselharan.org\/ca\/wp-json\/wp\/v2\/users\/2"}],"replies":[{"embeddable":true,"href":"https:\/\/www.conselharan.org\/ca\/wp-json\/wp\/v2\/comments?post=12351"}],"version-history":[{"count":1,"href":"https:\/\/www.conselharan.org\/ca\/wp-json\/wp\/v2\/posts\/12351\/revisions"}],"predecessor-version":[{"id":12352,"href":"https:\/\/www.conselharan.org\/ca\/wp-json\/wp\/v2\/posts\/12351\/revisions\/12352"}],"wp:featuredmedia":[{"embeddable":true,"href":"https:\/\/www.conselharan.org\/ca\/wp-json\/wp\/v2\/media\/12349"}],"wp:attachment":[{"href":"https:\/\/www.conselharan.org\/ca\/wp-json\/wp\/v2\/media?parent=12351"}],"wp:term":[{"taxonomy":"category","embeddable":true,"href":"https:\/\/www.conselharan.org\/ca\/wp-json\/wp\/v2\/categories?post=12351"},{"taxonomy":"post_tag","embeddable":true,"href":"https:\/\/www.conselharan.org\/ca\/wp-json\/wp\/v2\/tags?post=12351"}],"curies":[{"name":"wp","href":"https:\/\/api.w.org\/{rel}","templated":true}]}}