{"id":12360,"date":"2016-06-11T09:34:04","date_gmt":"2016-06-11T07:34:04","guid":{"rendered":"http:\/\/www.conselharan.org\/ca\/?p=12360"},"modified":"2016-06-11T09:34:04","modified_gmt":"2016-06-11T07:34:04","slug":"la-val-daran-prepara-el-primer-sant-joan-despres-de-la-declaracio-de-la-unesco","status":"publish","type":"post","link":"https:\/\/www.conselharan.org\/ca\/la-val-daran-prepara-el-primer-sant-joan-despres-de-la-declaracio-de-la-unesco\/","title":{"rendered":"La Val d\u2019Aran prepara el primer Sant Joan despr\u00e9s de la declaraci\u00f3 de la UNESCO"},"content":{"rendered":"<p><strong>La crema deth Haro de Les i Arties la nit de Sant Joan \u00e9s <\/strong><strong>una proposta excel\u00b7lent per fer una escapada de cap de setmana a la Val d\u2019Aran<\/strong><\/p>\n<p>Vielha, 10 de juny de 2016.- La nit de Sant Joan, <strong>a\u00a0Les\u00a0se celebra la Crema deth Haro<\/strong>, que consisteix a cremar un tronc d\u2019avet d\u2019uns dotze metres d\u2019al\u00e7ada que est\u00e0 plantat a la pla\u00e7a de la vila i ballar danses araneses al seu voltant, i a\u00a0<strong>Arties\u00a0<\/strong>es beneeix el tronc i s&#8217;arrossega per tot el poble, mentre els joves hi salten per sobre durant tot el recorregut.<\/p>\n<p><a href=\"http:\/\/www.conselharan.org\/wp-content\/uploads\/2016\/06\/Desktop.jpg\"><img loading=\"lazy\" decoding=\"async\" class=\"aligncenter size-large wp-image-12358\" src=\"http:\/\/www.conselharan.org\/wp-content\/uploads\/2016\/06\/Desktop-1024x353.jpg\" alt=\"Desktop\" width=\"1024\" height=\"353\" srcset=\"https:\/\/www.conselharan.org\/wp-content\/uploads\/2016\/06\/Desktop-1024x353.jpg 1024w, https:\/\/www.conselharan.org\/wp-content\/uploads\/2016\/06\/Desktop-300x103.jpg 300w, https:\/\/www.conselharan.org\/wp-content\/uploads\/2016\/06\/Desktop-768x264.jpg 768w\" sizes=\"(max-width: 1024px) 100vw, 1024px\" \/><\/a><\/p>\n<p>La celebraci\u00f3 t\u00e9 un origen ancestral, \u00edntimament lligat als cicles agraris i solars. Es relaciona amb els ritus primitius de regeneraci\u00f3 de la vida natural, de fecunditat i d\u2019agra\u00efment als d\u00e9us per l\u2019\u00e8xit de les collites i l&#8217;arribada del bon temps. Arrencar el foc (s\u00edmbol del sol) de la muntanya i portar-lo al poble servia per a purificar els camps i els boscos i per a protegir la poblaci\u00f3, perqu\u00e8 la preservava dels mals esperits.<\/p>\n<p><strong>Les festes del foc dels Pirineus<\/strong> <strong>van ser<\/strong> <strong>declarades com a\u00a0Patrimoni Immaterial de la Humanitat\u00a0per la\u00a0UNESCO<\/strong>, el mes de desembre de 2015, a \u00a0l\u2019assemblea anual celebrada a Namibia (Africa). Entre aquestes hi ha\u00a0les festes del foc de la Val d\u2019Aran, Eth Haro de Les i Arties.<\/p>\n<p>A final del mateix mes de desembre de l\u2019any passat, a partir d\u2019una proposta del\u00a0<strong>sindic d\u2019Aran Carlos Barrera<\/strong>,\u00a0<strong>el ple del<\/strong>\u00a0<strong>Conselh Generau d\u2019Aran<\/strong>, <strong>va acordar<\/strong>\u00a0<strong>impulsar la<\/strong>\u00a0<strong>creaci\u00f3 d\u2019un<\/strong>\u00a0<strong>circuit amb projecci\u00f3 internacional per potenciar el conjunt de tots els territoris on es celebren les festes del foc del solstici d\u2019estiu dels Pirineus<\/strong><strong>, per<\/strong> <strong>donar un<\/strong>\u00a0<strong>suport especial a la promoci\u00f3 espec\u00edfica de les festes del\u00a0 foc de la Val d\u2019Aran que es celebren a Les i Arties<\/strong>,<strong> i \u00a0a la vegada posar en valor aquesta realitat cultural i patrimonial de la Val d\u2019Aran.<\/strong><\/p>\n<p>L\u2019historiador <strong>J\u00e8p<\/strong> <strong>de<\/strong> <strong>Montoya<\/strong>, explica que en el cas concret de la Val d\u2019Aran, des de el <strong>Conselh Generau d\u2019Aran<\/strong> i els ajuntaments, s\u2019ha treballat per a la conservaci\u00f3 de les festes del foc a\u00a0Les i Arties, i per qu\u00e8 la gent pugui saber com es fan aquestes festes i la crema dels Haros, les dates en que es celebren, quina indument\u00e0ria porten els qui hi participen o quines son les m\u00fasiques i balls que incorporen. Montoya, recorda que en el seu moment hi havia d\u2019altres pobles que celebraven festes del foc per\u00f2 que en l\u2019actualitat les han perdudes. A la Val d\u2019Aran \u00e9s el cas de\u00a0Betren\u00a0on hi feien un Haro i on hi ha un carrer dedicat al mateix, i tamb\u00e9 Es B\u00f2rdes,\u00a0Canejan\u00a0o\u00a0Gar\u00f2s.<\/p>\n<p>La crema deth Haro de Les i Arties, la nit de Sant Joan \u00e9s un moment excel\u00b7lent per fer una escapada de cap de setmana a la Val d\u2019Aran. La festa que marca el punt de partida de l\u2019amplia oferta d\u2019activitats d\u2019estiu que ofereix la Val d\u2019Aran. Una oferta que creix, cada cop m\u00e9s variada, en esports d&#8217;aventura i senderisme, turisme cultural, de natura i gastron\u00f2mic, aix\u00ed com de rutes a cavall, cicloturisme i BTT.<\/p>\n ","protected":false},"excerpt":{"rendered":"<p>La crema deth Haro de Les i Arties la nit de Sant Joan \u00e9s una proposta excel\u00b7lent per fer una escapada de cap de setmana a la Val d\u2019Aran Vielha, 10 de juny de 2016.- La nit de Sant Joan, a\u00a0Les\u00a0se celebra la Crema deth Haro, que consisteix a cremar un tronc d\u2019avet d\u2019uns dotze&#8230;<\/p>\n","protected":false},"author":2,"featured_media":12357,"comment_status":"closed","ping_status":"closed","sticky":false,"template":"","format":"standard","meta":{"footnotes":""},"categories":[33],"tags":[],"_links":{"self":[{"href":"https:\/\/www.conselharan.org\/ca\/wp-json\/wp\/v2\/posts\/12360"}],"collection":[{"href":"https:\/\/www.conselharan.org\/ca\/wp-json\/wp\/v2\/posts"}],"about":[{"href":"https:\/\/www.conselharan.org\/ca\/wp-json\/wp\/v2\/types\/post"}],"author":[{"embeddable":true,"href":"https:\/\/www.conselharan.org\/ca\/wp-json\/wp\/v2\/users\/2"}],"replies":[{"embeddable":true,"href":"https:\/\/www.conselharan.org\/ca\/wp-json\/wp\/v2\/comments?post=12360"}],"version-history":[{"count":1,"href":"https:\/\/www.conselharan.org\/ca\/wp-json\/wp\/v2\/posts\/12360\/revisions"}],"predecessor-version":[{"id":12361,"href":"https:\/\/www.conselharan.org\/ca\/wp-json\/wp\/v2\/posts\/12360\/revisions\/12361"}],"wp:featuredmedia":[{"embeddable":true,"href":"https:\/\/www.conselharan.org\/ca\/wp-json\/wp\/v2\/media\/12357"}],"wp:attachment":[{"href":"https:\/\/www.conselharan.org\/ca\/wp-json\/wp\/v2\/media?parent=12360"}],"wp:term":[{"taxonomy":"category","embeddable":true,"href":"https:\/\/www.conselharan.org\/ca\/wp-json\/wp\/v2\/categories?post=12360"},{"taxonomy":"post_tag","embeddable":true,"href":"https:\/\/www.conselharan.org\/ca\/wp-json\/wp\/v2\/tags?post=12360"}],"curies":[{"name":"wp","href":"https:\/\/api.w.org\/{rel}","templated":true}]}}