{"id":12422,"date":"2016-06-14T14:56:23","date_gmt":"2016-06-14T12:56:23","guid":{"rendered":"http:\/\/www.conselharan.org\/ca\/?p=12422"},"modified":"2016-06-14T14:57:10","modified_gmt":"2016-06-14T12:57:10","slug":"la-val-daran-es-prepara-per-rebre-la-sortida-de-la-novena-etapa-del-tour-de-france","status":"publish","type":"post","link":"https:\/\/www.conselharan.org\/ca\/la-val-daran-es-prepara-per-rebre-la-sortida-de-la-novena-etapa-del-tour-de-france\/","title":{"rendered":"La Val d\u2019Aran es prepara per rebre la sortida  de la novena etapa del Tour de France"},"content":{"rendered":"<p>\u2022 <strong>El 10 de juliol la Val d\u2019Aran acollir\u00e0 la sortida de la novena etapa del Tour de France 2016 (Vielha- Arcal\u00eds).<\/strong><\/p>\n<p>&nbsp;<\/p>\n<p><img loading=\"lazy\" decoding=\"async\" class=\"aligncenter size-large wp-image-12420\" src=\"http:\/\/www.conselharan.org\/wp-content\/uploads\/2016\/06\/DSC_0391-1024x506.jpg\" alt=\"DSC_0391\" width=\"1024\" height=\"506\" srcset=\"https:\/\/www.conselharan.org\/wp-content\/uploads\/2016\/06\/DSC_0391-1024x506.jpg 1024w, https:\/\/www.conselharan.org\/wp-content\/uploads\/2016\/06\/DSC_0391-300x148.jpg 300w, https:\/\/www.conselharan.org\/wp-content\/uploads\/2016\/06\/DSC_0391-768x379.jpg 768w\" sizes=\"(max-width: 1024px) 100vw, 1024px\" \/><\/p>\n<p>&nbsp;<\/p>\n<p>La seu del Conselh Generau d\u2019Aran ha acollit aquest mat\u00ed una reuni\u00f3 de seguretat i coordinaci\u00f3 en la sortida de la novena etapa del Tour de France del 10 de juliol amb sortida de Vielha i arribada a Arcalis (Andorra) amb 184.5 Km i 5 ports de muntanya.<\/p>\n<p>La reuni\u00f3 ha estat presidida pel conselh\u00e8r de Territori d\u2019Aran, <strong>Jose Antonio Boya<\/strong>, i per l\u2019alcalde de Vielha e Mijaran,<strong> Juan Antonio Serrano,<\/strong> amb la pres\u00e8ncia del director dels Serveis Territorials d\u2019Interior a l&#8217;Alt Pirineu i Aran, <strong>Josep Palau<\/strong>, a m\u00e9s de representants dels Pompi\u00e8rs d\u2019Aran, dels Mossos d\u2019Esquadra, t\u00e8cnics de Protecci\u00f3 Civil i del SEM.<\/p>\n<p>El conselh\u00e8r de Territori d\u2019Aran, <strong>Jose Antonio Boya<\/strong>, ha manifestat<strong> \u201cen la reuni\u00f3 d\u2019avui s\u2019han concretat tots els aspectes de viabilitat i seguretat per la sortida del Tour de France el 10 de juliol, hem de garantir la m\u00e0xima efici\u00e8ncia i seguretat en aquest esdeveniment tant important\u201d.<\/strong><\/p>\n<p>&nbsp;<\/p>\n<p>&nbsp;<\/p>\n<p>&nbsp;<\/p>\n<p>Vielha, 14 de juny de 2016<\/p>\n<p>&nbsp;<\/p>\n<p><em>Conselh Generau d&#8217;Aran: N\u00faria Sanjuan<\/em><\/p>\n ","protected":false},"excerpt":{"rendered":"<p>\u2022 El 10 de juliol la Val d\u2019Aran acollir\u00e0 la sortida de la novena etapa del Tour de France 2016 (Vielha- Arcal\u00eds). &nbsp; &nbsp; La seu del Conselh Generau d\u2019Aran ha acollit aquest mat\u00ed una reuni\u00f3 de seguretat i coordinaci\u00f3 en la sortida de la novena etapa del Tour de France del 10 de juliol&#8230;<\/p>\n","protected":false},"author":2,"featured_media":12420,"comment_status":"closed","ping_status":"closed","sticky":false,"template":"","format":"standard","meta":{"footnotes":""},"categories":[33],"tags":[],"_links":{"self":[{"href":"https:\/\/www.conselharan.org\/ca\/wp-json\/wp\/v2\/posts\/12422"}],"collection":[{"href":"https:\/\/www.conselharan.org\/ca\/wp-json\/wp\/v2\/posts"}],"about":[{"href":"https:\/\/www.conselharan.org\/ca\/wp-json\/wp\/v2\/types\/post"}],"author":[{"embeddable":true,"href":"https:\/\/www.conselharan.org\/ca\/wp-json\/wp\/v2\/users\/2"}],"replies":[{"embeddable":true,"href":"https:\/\/www.conselharan.org\/ca\/wp-json\/wp\/v2\/comments?post=12422"}],"version-history":[{"count":1,"href":"https:\/\/www.conselharan.org\/ca\/wp-json\/wp\/v2\/posts\/12422\/revisions"}],"predecessor-version":[{"id":12423,"href":"https:\/\/www.conselharan.org\/ca\/wp-json\/wp\/v2\/posts\/12422\/revisions\/12423"}],"wp:featuredmedia":[{"embeddable":true,"href":"https:\/\/www.conselharan.org\/ca\/wp-json\/wp\/v2\/media\/12420"}],"wp:attachment":[{"href":"https:\/\/www.conselharan.org\/ca\/wp-json\/wp\/v2\/media?parent=12422"}],"wp:term":[{"taxonomy":"category","embeddable":true,"href":"https:\/\/www.conselharan.org\/ca\/wp-json\/wp\/v2\/categories?post=12422"},{"taxonomy":"post_tag","embeddable":true,"href":"https:\/\/www.conselharan.org\/ca\/wp-json\/wp\/v2\/tags?post=12422"}],"curies":[{"name":"wp","href":"https:\/\/api.w.org\/{rel}","templated":true}]}}