{"id":12532,"date":"2016-06-16T16:04:23","date_gmt":"2016-06-16T14:04:23","guid":{"rendered":"http:\/\/www.conselharan.org\/ca\/?p=12532"},"modified":"2016-06-16T16:06:15","modified_gmt":"2016-06-16T14:06:15","slug":"el-sindic-daran-a-lentrevista-del-diumenge-del-324","status":"publish","type":"post","link":"https:\/\/www.conselharan.org\/ca\/el-sindic-daran-a-lentrevista-del-diumenge-del-324\/","title":{"rendered":"El s\u00edndic d&#8217;Aran a &#8220;L&#8217;entrevista del diumenge&#8221; del 3\/24"},"content":{"rendered":"<ul>\n<li><strong>Aquest diumenge, 19 de juny, a partir de les 11h00, al canal 3\/24, Ramon Pellicer, entrevistar\u00e0 en directe al s\u00edndic d&#8217;Aran, Carlos Barrera, a &#8220;L&#8217;entrevista del diumenge&#8221;.<\/strong><\/li>\n<\/ul>\n<p><img loading=\"lazy\" decoding=\"async\" class=\"aligncenter size-full wp-image-12530\" src=\"http:\/\/www.conselharan.org\/wp-content\/uploads\/2016\/06\/entrevista-diumenge.jpg\" alt=\"entrevista diumenge\" width=\"670\" height=\"378\" srcset=\"https:\/\/www.conselharan.org\/wp-content\/uploads\/2016\/06\/entrevista-diumenge.jpg 670w, https:\/\/www.conselharan.org\/wp-content\/uploads\/2016\/06\/entrevista-diumenge-300x169.jpg 300w\" sizes=\"(max-width: 670px) 100vw, 670px\" \/><\/p>\n<p>&nbsp;<\/p>\n<p>Un dels objectius del 3\/24, a m\u00e9s d&#8217;oferir la informaci\u00f3 a l&#8217;instant, \u00e9s aprofundir en els fets i en el que passa. &#8220;<strong>L&#8217;entrevista del diumenge&#8221;<\/strong> \u00e9s una conversa d&#8217;una mitja hora de durada, en directe, amb un cap d&#8217;opini\u00f3 de l&#8217;\u00e0mbit social, pol\u00edtic, econ\u00f2mic o cultural, sobre els principals afers de l&#8217;actualitat. Un espai per anar m\u00e9s enll\u00e0 del titular.<\/p>\n<p>&#8220;L&#8217;entrevista del diumenge&#8221;, condu\u00efda per <strong>Ramon Pellicer<\/strong>, permetr\u00e0 entre d&#8217;altres temes, valorar aquests 25 anys de la restituci\u00f3 del Conselh Generau d&#8217;Aran amb el s\u00edndic d&#8217;Aran, <strong>Carlos Barrera<\/strong>.<\/p>\n<p>&nbsp;<\/p>\n<p>&nbsp;<\/p>\n<p>&nbsp;<\/p>\n<p>Vielha, 16 de juny de 2016<\/p>\n<p>&nbsp;<\/p>\n<p><em>Conselh Generau d&#8217;Aran: N\u00faria Sanjuan<\/em><\/p>\n ","protected":false},"excerpt":{"rendered":"<p>Aquest diumenge, 19 de juny, a partir de les 11h00, al canal 3\/24, Ramon Pellicer, entrevistar\u00e0 en directe al s\u00edndic d&#8217;Aran, Carlos Barrera, a &#8220;L&#8217;entrevista del diumenge&#8221;. &nbsp; Un dels objectius del 3\/24, a m\u00e9s d&#8217;oferir la informaci\u00f3 a l&#8217;instant, \u00e9s aprofundir en els fets i en el que passa. &#8220;L&#8217;entrevista del diumenge&#8221; \u00e9s una&#8230;<\/p>\n","protected":false},"author":2,"featured_media":12530,"comment_status":"closed","ping_status":"closed","sticky":false,"template":"","format":"standard","meta":{"footnotes":""},"categories":[53],"tags":[],"_links":{"self":[{"href":"https:\/\/www.conselharan.org\/ca\/wp-json\/wp\/v2\/posts\/12532"}],"collection":[{"href":"https:\/\/www.conselharan.org\/ca\/wp-json\/wp\/v2\/posts"}],"about":[{"href":"https:\/\/www.conselharan.org\/ca\/wp-json\/wp\/v2\/types\/post"}],"author":[{"embeddable":true,"href":"https:\/\/www.conselharan.org\/ca\/wp-json\/wp\/v2\/users\/2"}],"replies":[{"embeddable":true,"href":"https:\/\/www.conselharan.org\/ca\/wp-json\/wp\/v2\/comments?post=12532"}],"version-history":[{"count":1,"href":"https:\/\/www.conselharan.org\/ca\/wp-json\/wp\/v2\/posts\/12532\/revisions"}],"predecessor-version":[{"id":12533,"href":"https:\/\/www.conselharan.org\/ca\/wp-json\/wp\/v2\/posts\/12532\/revisions\/12533"}],"wp:featuredmedia":[{"embeddable":true,"href":"https:\/\/www.conselharan.org\/ca\/wp-json\/wp\/v2\/media\/12530"}],"wp:attachment":[{"href":"https:\/\/www.conselharan.org\/ca\/wp-json\/wp\/v2\/media?parent=12532"}],"wp:term":[{"taxonomy":"category","embeddable":true,"href":"https:\/\/www.conselharan.org\/ca\/wp-json\/wp\/v2\/categories?post=12532"},{"taxonomy":"post_tag","embeddable":true,"href":"https:\/\/www.conselharan.org\/ca\/wp-json\/wp\/v2\/tags?post=12532"}],"curies":[{"name":"wp","href":"https:\/\/api.w.org\/{rel}","templated":true}]}}