{"id":12542,"date":"2016-06-17T16:39:48","date_gmt":"2016-06-17T14:39:48","guid":{"rendered":"http:\/\/www.conselharan.org\/ca\/?p=12542"},"modified":"2016-06-17T16:39:48","modified_gmt":"2016-06-17T14:39:48","slug":"el-conselh-generau-daran-reformara-i-ampliara-el-refugi-de-lartiga-de-lin","status":"publish","type":"post","link":"https:\/\/www.conselharan.org\/ca\/el-conselh-generau-daran-reformara-i-ampliara-el-refugi-de-lartiga-de-lin\/","title":{"rendered":"El Conselh Generau d\u2019Aran reformar\u00e0 i ampliar\u00e0 el refugi de l\u2019Artiga de Lin"},"content":{"rendered":"<p>Vielha, 17 de juny de 2016.- El <strong>Conselh Generau d\u2019Aran<\/strong> ha fet p\u00fablica la licitaci\u00f3 del projecte de reforma i ampliaci\u00f3 del refugi de de la Artiga de Lin.<\/p>\n<p><strong>El<\/strong> <strong>Gov\u00e8rn d\u2019Aran destinar\u00e0 a la reforma un pressupost de 262.000 euros<\/strong>, i est\u00e0 previst que les obres es realitzin aquest estiu. Aquesta reforma i ampliaci\u00f3 del refugi, permetr\u00e0 reconvertir aquest equipament que forma part de la xarxa de refugis que posseeix i gestiona el Conselh Generau d\u2019Aran, millorant-ne l\u2019accessibilitat i funcionalitat que permeti si s\u2019escau la seva explotaci\u00f3 en regim de concessi\u00f3 i la seva rendibilitat. Amb l\u2019ampliaci\u00f3 el refugi passar\u00e0 a tenir capacitat per a 25 persones.<\/p>\n<p><a href=\"http:\/\/www.conselharan.org\/wp-content\/uploads\/2016\/06\/ArtigaLin160605-018.jpg\"><img loading=\"lazy\" decoding=\"async\" class=\"aligncenter size-full wp-image-12540\" src=\"http:\/\/www.conselharan.org\/wp-content\/uploads\/2016\/06\/ArtigaLin160605-018.jpg\" alt=\"ArtigaLin160605 018\" width=\"600\" height=\"450\" srcset=\"https:\/\/www.conselharan.org\/wp-content\/uploads\/2016\/06\/ArtigaLin160605-018.jpg 600w, https:\/\/www.conselharan.org\/wp-content\/uploads\/2016\/06\/ArtigaLin160605-018-300x225.jpg 300w\" sizes=\"(max-width: 600px) 100vw, 600px\" \/><\/a><\/p>\n<p>Una de les millores destacables d\u2019aquesta actuaci\u00f3 de reforma, \u00e9s que la coberta incorporar\u00e0 sistemes de captaci\u00f3 d\u2019energia solar fotovoltaica.<\/p>\n<p>La reforma i ampliaci\u00f3 del refugi de l\u2019Artiga de Lin, est\u00e0 relacionada amb el projecte de potenciaci\u00f3 d\u2019aquest indret \u00fanic a la Val d\u2019Aran i per potenciar a la vegada la ruta aranesa de l\u2019Aneto, en la que el Gov\u00e8rn d\u2019Aran ja hi ha fet altres actuacions, com \u00e9s la instal\u00b7laci\u00f3 l\u2019any passat d\u2019un cable d\u2019acer per la part de Coll de Toro, millorant els camins tradicionals del pas cap a Benasque, com son el mateix cam\u00ed de Coll de Toro i el del Port de la Picada.<\/p>\n<p>Una altra de les accions que es desenvolupar\u00e0 aquest estiu ser\u00e0 el pla pilot sobre la regulaci\u00f3 de la circulaci\u00f3 amb vehicles a l&#8217;Artiga de Lin. Per aquest motiu des del 22 de juliol i fins al 11 de setembre, l&#8217;acc\u00e9s pels Uelhs deth\u00a0Joeu\u00a0i per l&#8217;Artiga de Lin, ser\u00e0 amb un servei de transport que habilitar\u00e0 el Conselh Generau d\u2019Aran i que anir\u00e0 des de l\u2019aparcament\u00a0de l&#8217;Ermita fins al Pla de l&#8217;Artiga de Lin, o b\u00e9 amb els vehicles autoritzats. L&#8217;objectiu d&#8217;aquesta mesura \u00e9s que els clients que visiten aquest espai tant emblem\u00e0tic de la Val d\u2019Aran puguin gaudir-lo en la seva totalitat. Tamb\u00e9 se situar\u00e0 un punt d&#8217;informaci\u00f3 en aquesta zona.<\/p>\n<p>Foto: Lleidatur.com<\/p>\n ","protected":false},"excerpt":{"rendered":"<p>Vielha, 17 de juny de 2016.- El Conselh Generau d\u2019Aran ha fet p\u00fablica la licitaci\u00f3 del projecte de reforma i ampliaci\u00f3 del refugi de de la Artiga de Lin. El Gov\u00e8rn d\u2019Aran destinar\u00e0 a la reforma un pressupost de 262.000 euros, i est\u00e0 previst que les obres es realitzin aquest estiu. Aquesta reforma i ampliaci\u00f3&#8230;<\/p>\n","protected":false},"author":2,"featured_media":12540,"comment_status":"closed","ping_status":"closed","sticky":false,"template":"","format":"standard","meta":{"footnotes":""},"categories":[53],"tags":[],"_links":{"self":[{"href":"https:\/\/www.conselharan.org\/ca\/wp-json\/wp\/v2\/posts\/12542"}],"collection":[{"href":"https:\/\/www.conselharan.org\/ca\/wp-json\/wp\/v2\/posts"}],"about":[{"href":"https:\/\/www.conselharan.org\/ca\/wp-json\/wp\/v2\/types\/post"}],"author":[{"embeddable":true,"href":"https:\/\/www.conselharan.org\/ca\/wp-json\/wp\/v2\/users\/2"}],"replies":[{"embeddable":true,"href":"https:\/\/www.conselharan.org\/ca\/wp-json\/wp\/v2\/comments?post=12542"}],"version-history":[{"count":1,"href":"https:\/\/www.conselharan.org\/ca\/wp-json\/wp\/v2\/posts\/12542\/revisions"}],"predecessor-version":[{"id":12543,"href":"https:\/\/www.conselharan.org\/ca\/wp-json\/wp\/v2\/posts\/12542\/revisions\/12543"}],"wp:featuredmedia":[{"embeddable":true,"href":"https:\/\/www.conselharan.org\/ca\/wp-json\/wp\/v2\/media\/12540"}],"wp:attachment":[{"href":"https:\/\/www.conselharan.org\/ca\/wp-json\/wp\/v2\/media?parent=12542"}],"wp:term":[{"taxonomy":"category","embeddable":true,"href":"https:\/\/www.conselharan.org\/ca\/wp-json\/wp\/v2\/categories?post=12542"},{"taxonomy":"post_tag","embeddable":true,"href":"https:\/\/www.conselharan.org\/ca\/wp-json\/wp\/v2\/tags?post=12542"}],"curies":[{"name":"wp","href":"https:\/\/api.w.org\/{rel}","templated":true}]}}