{"id":12564,"date":"2016-06-17T18:34:04","date_gmt":"2016-06-17T16:34:04","guid":{"rendered":"http:\/\/www.conselharan.org\/ca\/?p=12564"},"modified":"2016-06-17T18:48:56","modified_gmt":"2016-06-17T16:48:56","slug":"el-sindic-daran-carlos-barrera-i-el-mhp-carles-puigdemont-presideixen-els-actes-de-la-festa-daran-en-el-25-aniversari-de-la-reinstauracio-del-conselh-generau-daran","status":"publish","type":"post","link":"https:\/\/www.conselharan.org\/ca\/el-sindic-daran-carlos-barrera-i-el-mhp-carles-puigdemont-presideixen-els-actes-de-la-festa-daran-en-el-25-aniversari-de-la-reinstauracio-del-conselh-generau-daran\/","title":{"rendered":"El sindic d\u2019Aran Carlos Barrera i el MHP Carles Puigdemont presideixen els actes de la Festa d\u2019Aran en el 25 aniversari de la reinstauraci\u00f3 del Conselh Generau d\u2019Aran"},"content":{"rendered":"<p><strong>El 17 de juny de 1991 es van celebrar les primeres eleccions al Conselh Generau d\u2019Aran. D\u2019acord amb el que establia l\u2019article 11 de la Llei 16\/1990, Aran es divideix en sis circumscripcions, que es corresponen amb els seus ter\u00e7ons hist\u00f2rics.<\/strong><\/p>\n<p><strong>El nombre de conselh\u00e8rs i conselh\u00e8res a elegir en cadascun dels ter\u00e7ons \u00e9s el seg\u00fcent: Puj\u00f2lo: dos membres; Arties e Gar\u00f2s: dos membres; Casti\u00e8ro: quatre membres; Marcatosa: un membre; Lairissa: un membre e Quate L\u00f2cs: tres membres<\/strong>.<\/p>\n<p><strong>L\u2019any 1313 el rei Jaume II va atorgar als aranesos el conjunt de privilegis anomenat Era Querim\u00f2nia, veritable Carta Magna d\u2019Aran, ratificada per tots els reis fins a Ferran VII.<\/strong><\/p>\n<p><a href=\"http:\/\/www.conselharan.org\/wp-content\/uploads\/2016\/06\/20160617_GKMPH_0053.jpg\"><img loading=\"lazy\" decoding=\"async\" class=\"aligncenter size-large wp-image-12550\" src=\"http:\/\/www.conselharan.org\/wp-content\/uploads\/2016\/06\/20160617_GKMPH_0053-693x1024.jpg\" alt=\"20160617_GKMPH_0053\" width=\"693\" height=\"1024\" srcset=\"https:\/\/www.conselharan.org\/wp-content\/uploads\/2016\/06\/20160617_GKMPH_0053-693x1024.jpg 693w, https:\/\/www.conselharan.org\/wp-content\/uploads\/2016\/06\/20160617_GKMPH_0053-203x300.jpg 203w, https:\/\/www.conselharan.org\/wp-content\/uploads\/2016\/06\/20160617_GKMPH_0053-768x1136.jpg 768w\" sizes=\"(max-width: 693px) 100vw, 693px\" \/><\/a><\/p>\n<p>Vielha, 17 de juny de 2016.- El <strong>sindic d\u2019Aran, Carlos Barrera<\/strong> i el <strong>president de la Generalitat, Carles Puigdemont<\/strong> han presidit aquest mat\u00ed els actes commemoratius del <strong>25 aniversari de la reinstauraci\u00f3 del Conselh Generau d\u2019Aran<\/strong>, dins de la celebraci\u00f3 de la Festa d\u2019Aran, on es conmemora la recuperaci\u00f3 dels drets i privilegis de la Val d\u2019Aran. L\u2019acte ha comen\u00e7at amb la desfilada dels \u201cpendons\u201d duts pels representants de cada \u201cter\u00e7on\u201d fins al Santuari de Nostra Senyora de Mijaran, amb una missa celebrada per l\u2019Arquebisbe d\u2019Urgell, <strong>Mons. Joan-Enric Vives<\/strong>. Al finalitzar, ha tingut lloc l\u2019acte institucional de la festa d\u2019Aran a les ru\u00efnes del santuari, on s\u2019ha hissat la bandera aranesa amb l\u2019himne d\u2019Aran\u00a0<em>(Montanhes Araneses).<\/em><\/p>\n<p>La Festa d\u2019Aran ha comptat amb la pres\u00e8ncia de tots els conselh\u00e8rs del Ple del Conselh Generau d\u2019Aran, dels alcaldes i presidents pedanis de la Val d\u2019Aran, de la H. consellera de Governaci\u00f3, Meritxell Borr\u00e0s, de la delegada del Govern de la Generalitat a l\u2019Alt Pirineu i Aran, Rosa Amor\u00f3s, del director general de pol\u00edtiques de Muntanya, Albert Alins, i d\u2019un nombr\u00f3s grup de conselh\u00e8rs i conselh\u00e8res del Conselh Generau d\u2019Aran al llarg d\u2019aquests 25 anys.<\/p>\n<p><a href=\"http:\/\/www.conselharan.org\/wp-content\/uploads\/2016\/06\/20160617_GKMPH_0360.jpg\"><img loading=\"lazy\" decoding=\"async\" class=\"size-large wp-image-12556\" src=\"http:\/\/www.conselharan.org\/wp-content\/uploads\/2016\/06\/20160617_GKMPH_0360-1024x683.jpg\" alt=\"Carlos Barrera Sindico de Aran parlamentos oficiales, Carles Puigdemonet President de la Generalitat; Hesta d'Aran - Festa d'Aran, Vielha - Val d'Aran; 17\/06\/2016; Gorka Martinez - gkmph;\" width=\"1024\" height=\"683\" srcset=\"https:\/\/www.conselharan.org\/wp-content\/uploads\/2016\/06\/20160617_GKMPH_0360-1024x683.jpg 1024w, https:\/\/www.conselharan.org\/wp-content\/uploads\/2016\/06\/20160617_GKMPH_0360-300x200.jpg 300w, https:\/\/www.conselharan.org\/wp-content\/uploads\/2016\/06\/20160617_GKMPH_0360-768x512.jpg 768w\" sizes=\"(max-width: 1024px) 100vw, 1024px\" \/><\/a><\/p>\n<p>Durant la seva intervenci\u00f3 <strong>el sindic d\u2019Aran, Carlos Barrera, ha volgut tenir un reconeixement especial per tots els aranesos i araneses, no nom\u00e9s els pol\u00edtics, que durant aquests 25 anys, han treballat pels drets hist\u00f2rics i per avan\u00e7ar en la defensa de la identitat i singularitat de la cultura i de la llengua de la Val d\u2019Aran. Barrera, <\/strong>ha volgut<strong> \u201cagrair la pres\u00e8ncia del president de la Generalitat, Carles Puigdemont, aix\u00ed com tamb\u00e9 de la consellera de Governaci\u00f3, Meritxell Borr\u00e0s, que a m\u00e9s, \u00e9s la presidenta de la comissi\u00f3 bilateral Generalitat-Conselh Generau d\u2019Aran, la seva participaci\u00f3 en aquesta Festa d\u2019Aran especial de commemoraci\u00f3 dels 25 anys de reinstauraci\u00f3 del Conselh Generau d\u2019Aran\u201d. <\/strong><\/p>\n<p>El sindic d\u2019Aran <strong>Carlos Barrera<\/strong>, ha demanat davant del nombr\u00f3s p\u00fablic assistent al president de la Generalitat, <strong>\u201cel seu suport per poder desplegar la Llei d\u2019Aran en plenitud, i la predisposici\u00f3 dels departaments de la Generalitat per treballar amb el Ple del Conselh Generau d\u2019Aran per prioritzar el trasp\u00e0s de compet\u00e8ncies al Gov\u00e8rn d\u2019Aran i poder iniciar el desplegament abans de final d\u2019any de la part pol\u00edtica m\u00e9s important de la Llei de r\u00e8gim especial d\u2019Aran\u201d.<\/strong><\/p>\n<p><a href=\"http:\/\/www.conselharan.org\/wp-content\/uploads\/2016\/06\/20160617_GKMPH_0433-1.jpg\"><img loading=\"lazy\" decoding=\"async\" class=\"size-large wp-image-12557\" src=\"http:\/\/www.conselharan.org\/wp-content\/uploads\/2016\/06\/20160617_GKMPH_0433-1-1024x683.jpg\" alt=\"Carles Puigdemonet President de la Generalitat; Hesta d'Aran - Festa d'Aran, Vielha - Val d'Aran; 17\/06\/2016; Gorka Martinez - gkmph;\" width=\"1024\" height=\"683\" srcset=\"https:\/\/www.conselharan.org\/wp-content\/uploads\/2016\/06\/20160617_GKMPH_0433-1-1024x683.jpg 1024w, https:\/\/www.conselharan.org\/wp-content\/uploads\/2016\/06\/20160617_GKMPH_0433-1-300x200.jpg 300w, https:\/\/www.conselharan.org\/wp-content\/uploads\/2016\/06\/20160617_GKMPH_0433-1-768x512.jpg 768w\" sizes=\"(max-width: 1024px) 100vw, 1024px\" \/><\/a><\/p>\n<p>Per la seva banda, el president de la Generalitat, <strong>Carles Puigdemont<\/strong>, ha manifestat, el\u00a0<strong>\u201ccomprom\u00eds\u201d <\/strong>expl\u00edcit del Govern de Catalunya amb el desplegament de la Llei de r\u00e8gim especial d&#8217;Aran.<\/p>\n<p>\u201c<strong>El comprom\u00eds pol\u00edtic sobre el desplegament ha de ser intacte i el m\u00e0xim d&#8217;ambici\u00f3s\u201d<\/strong>, ha declarat el president,\u00a0<strong>\u201cd&#8217;acord amb la pot\u00e8ncia del comprom\u00eds dels que la vam aprovar, ja que es va fer per unanimitat, sense vots en contra, i aix\u00f2 \u00e9s molt important\u201d. <\/strong>Aquest fet implica\u00a0<strong>\u201cque no ens podem adormir ni ser gasius en el seu desplegament, sin\u00f3 que hem de ser ambiciosos<\/strong>\u201d, ha remarcat Puigdemont, que ha afirmat que, per tal que el desplegament sigui efectiu,\u00a0<strong>\u201ccal que hi hagi eines efectives com els pressupostos i el sistema de finan\u00e7ament\u201d<\/strong>.<\/p>\n<p>En aquest sentit, el president ha constatat els problemes actuals del sistema de finan\u00e7ament de Catalunya i ha reiterat que<strong>\u00a0<\/strong>\u201cno t\u00e9 possibilitats de resoldre&#8217;s fins que Catalunya no pugui disposar de les seves pr\u00f2pies eines, eines d&#8217;Estat, per poder assumir els compromisos que t\u00e9 amb el conjunt del pa\u00eds, especialment amb els col\u00b7lectius m\u00e9s vulnerables, els que necessiten m\u00e9s equilibri i cohesi\u00f3 territorials i aquells que viuen en territoris mes desafavorits per raons geogr\u00e0fiques i socioecon\u00f2miques\u201d. Malgrat aquesta mancan\u00e7a, Puigdemont ha reiterat davant el sindic d&#8217;Aran, Carlos Barrera, que<strong> \u201cel Govern acompanyar\u00e0 el Conselh Generau d&#8217;Aran i els esfor\u00e7os que fan tots els municipis\u201d\u00a0i vetllar\u00e0 per un desplegament efectiu de la llei.<\/strong><\/p>\n<p>Els actes commemoratius del 25 aniversari de la reinstauraci\u00f3 del Conselh Generau d\u2019Aran en la Festa d\u2019Aran d\u2019enguany han acabat amb balls aranesos.<\/p>\n<p><a href=\"http:\/\/www.conselharan.org\/wp-content\/uploads\/2016\/06\/20160617_GKMPH_0613.jpg\"><img loading=\"lazy\" decoding=\"async\" class=\"size-large wp-image-12559\" src=\"http:\/\/www.conselharan.org\/wp-content\/uploads\/2016\/06\/20160617_GKMPH_0613-683x1024.jpg\" alt=\"Carles Puigdemonet President de la Generalitat bailando danzas tradicionales; Hesta d'Aran - Festa d'Aran, Vielha - Val d'Aran; 17\/06\/2016; Gorka Martinez - gkmph;\" width=\"683\" height=\"1024\" srcset=\"https:\/\/www.conselharan.org\/wp-content\/uploads\/2016\/06\/20160617_GKMPH_0613-683x1024.jpg 683w, https:\/\/www.conselharan.org\/wp-content\/uploads\/2016\/06\/20160617_GKMPH_0613-200x300.jpg 200w, https:\/\/www.conselharan.org\/wp-content\/uploads\/2016\/06\/20160617_GKMPH_0613-768x1152.jpg 768w\" sizes=\"(max-width: 683px) 100vw, 683px\" \/><\/a><\/p>\n<p><a href=\"http:\/\/www.conselharan.org\/wp-content\/uploads\/2016\/06\/20160617_GKMPH_0738.jpg\"><img loading=\"lazy\" decoding=\"async\" class=\"size-large wp-image-12558\" src=\"http:\/\/www.conselharan.org\/wp-content\/uploads\/2016\/06\/20160617_GKMPH_0738-1024x683.jpg\" alt=\"Carles Puigdemoent, Carlos Barrera, Meritxell Borras, Conselhers d'Aran; Hesta d'Aran - Festa d'Aran, Vielha - Val d'Aran; 17\/06\/2016; Gorka Martinez - gkmph;\" width=\"1024\" height=\"683\" srcset=\"https:\/\/www.conselharan.org\/wp-content\/uploads\/2016\/06\/20160617_GKMPH_0738-1024x683.jpg 1024w, https:\/\/www.conselharan.org\/wp-content\/uploads\/2016\/06\/20160617_GKMPH_0738-300x200.jpg 300w, https:\/\/www.conselharan.org\/wp-content\/uploads\/2016\/06\/20160617_GKMPH_0738-768x512.jpg 768w\" sizes=\"(max-width: 1024px) 100vw, 1024px\" \/><\/a><\/p>\n<p>Audio Carles Puigdemont<\/p>\n<!--[if lt IE 9]><script>document.createElement('audio');<\/script><![endif]-->\n<audio class=\"wp-audio-shortcode\" id=\"audio-12564-1\" preload=\"none\" style=\"width: 100%;\" controls=\"controls\"><source type=\"audio\/wav\" src=\"http:\/\/www.conselharan.org\/wp-content\/uploads\/2016\/06\/DECLES-PRESIDENT-HESTA-DARAN1.wav?_=1\" \/><a href=\"http:\/\/www.conselharan.org\/wp-content\/uploads\/2016\/06\/DECLES-PRESIDENT-HESTA-DARAN1.wav\">http:\/\/www.conselharan.org\/wp-content\/uploads\/2016\/06\/DECLES-PRESIDENT-HESTA-DARAN1.wav<\/a><\/audio>\n<p>Audio Carlos Barrera<\/p>\n<audio class=\"wp-audio-shortcode\" id=\"audio-12564-2\" preload=\"none\" style=\"width: 100%;\" controls=\"controls\"><source type=\"audio\/wav\" src=\"http:\/\/www.conselharan.org\/wp-content\/uploads\/2016\/06\/DECLES-SINDIC-HESTA-DARAN1.wav?_=2\" \/><a href=\"http:\/\/www.conselharan.org\/wp-content\/uploads\/2016\/06\/DECLES-SINDIC-HESTA-DARAN1.wav\">http:\/\/www.conselharan.org\/wp-content\/uploads\/2016\/06\/DECLES-SINDIC-HESTA-DARAN1.wav<\/a><\/audio>\n ","protected":false},"excerpt":{"rendered":"<p>El 17 de juny de 1991 es van celebrar les primeres eleccions al Conselh Generau d\u2019Aran. D\u2019acord amb el que establia l\u2019article 11 de la Llei 16\/1990, Aran es divideix en sis circumscripcions, que es corresponen amb els seus ter\u00e7ons hist\u00f2rics. El nombre de conselh\u00e8rs i conselh\u00e8res a elegir en cadascun dels ter\u00e7ons \u00e9s el&#8230;<\/p>\n","protected":false},"author":2,"featured_media":12554,"comment_status":"closed","ping_status":"closed","sticky":false,"template":"","format":"standard","meta":{"footnotes":""},"categories":[53,36],"tags":[],"_links":{"self":[{"href":"https:\/\/www.conselharan.org\/ca\/wp-json\/wp\/v2\/posts\/12564"}],"collection":[{"href":"https:\/\/www.conselharan.org\/ca\/wp-json\/wp\/v2\/posts"}],"about":[{"href":"https:\/\/www.conselharan.org\/ca\/wp-json\/wp\/v2\/types\/post"}],"author":[{"embeddable":true,"href":"https:\/\/www.conselharan.org\/ca\/wp-json\/wp\/v2\/users\/2"}],"replies":[{"embeddable":true,"href":"https:\/\/www.conselharan.org\/ca\/wp-json\/wp\/v2\/comments?post=12564"}],"version-history":[{"count":2,"href":"https:\/\/www.conselharan.org\/ca\/wp-json\/wp\/v2\/posts\/12564\/revisions"}],"predecessor-version":[{"id":12571,"href":"https:\/\/www.conselharan.org\/ca\/wp-json\/wp\/v2\/posts\/12564\/revisions\/12571"}],"wp:featuredmedia":[{"embeddable":true,"href":"https:\/\/www.conselharan.org\/ca\/wp-json\/wp\/v2\/media\/12554"}],"wp:attachment":[{"href":"https:\/\/www.conselharan.org\/ca\/wp-json\/wp\/v2\/media?parent=12564"}],"wp:term":[{"taxonomy":"category","embeddable":true,"href":"https:\/\/www.conselharan.org\/ca\/wp-json\/wp\/v2\/categories?post=12564"},{"taxonomy":"post_tag","embeddable":true,"href":"https:\/\/www.conselharan.org\/ca\/wp-json\/wp\/v2\/tags?post=12564"}],"curies":[{"name":"wp","href":"https:\/\/api.w.org\/{rel}","templated":true}]}}