{"id":12589,"date":"2016-06-20T20:28:29","date_gmt":"2016-06-20T18:28:29","guid":{"rendered":"http:\/\/www.conselharan.org\/ca\/?p=12589"},"modified":"2016-06-22T17:57:18","modified_gmt":"2016-06-22T15:57:18","slug":"el-ple-del-conselh-generau-daran-aprova-els-pressupostos-del-2016","status":"publish","type":"post","link":"https:\/\/www.conselharan.org\/ca\/el-ple-del-conselh-generau-daran-aprova-els-pressupostos-del-2016\/","title":{"rendered":"El Ple del Conselh Generau d\u2019Aran aprova els pressupostos del 2016"},"content":{"rendered":"<p>Vielha, 20 de juny de 2016.- El Ple del Conselh Generau d\u2019Aran ha aprovat avui per 7 vots a favor de CDA i l\u2019abstenci\u00f3 d\u2019UA-PSC i del PRAG el pressupost inicial corresponent a l\u2019any 2016 per un import de 27.106.976 \u20ac.<\/p>\n<p>Els pressupostos aprovats avui, inclouen un increment de 500.000 \u20ac per el Servici Aran\u00e9s de Ben\u00e9ster e Salut (SABS), i una partida de 400.000 \u20ac destinada al pagament del 75% que quedava pendent de la paga extra del personal del Conselh Generau d\u2019Aran de l\u2019any 2012.<\/p>\n<p><a href=\"http:\/\/www.conselharan.org\/wp-content\/uploads\/2016\/06\/IMG_6533.jpg\"><img loading=\"lazy\" decoding=\"async\" class=\"aligncenter size-large wp-image-12586\" src=\"http:\/\/www.conselharan.org\/wp-content\/uploads\/2016\/06\/IMG_6533-1024x607.jpg\" alt=\"IMG_6533\" width=\"1024\" height=\"607\" srcset=\"https:\/\/www.conselharan.org\/wp-content\/uploads\/2016\/06\/IMG_6533-1024x607.jpg 1024w, https:\/\/www.conselharan.org\/wp-content\/uploads\/2016\/06\/IMG_6533-300x178.jpg 300w, https:\/\/www.conselharan.org\/wp-content\/uploads\/2016\/06\/IMG_6533-768x455.jpg 768w\" sizes=\"(max-width: 1024px) 100vw, 1024px\" \/><\/a><\/p>\n<p>El sindic d\u2019Aran, <strong>Carlos Barrera<\/strong>, ha explicat que <strong>\u201camb aquest pressupost, el Conselh Generau d\u2019Aran dona cobertura a totes les responsabilitats assolides pel trasp\u00e0s de compet\u00e8ncies, prestant tots els serveis que fins ara ha vingut prestant als ciutadans\u201d.<\/strong> Barrera, ha afegit que <strong>\u201cel m\u00e9s important de tot \u00e9s que el Gov\u00e8rn d\u2019Aran, pugui garantir la prestaci\u00f3 de tots els serveis del Conselh Generau d\u2019Aran amb la mateixa qualitat que es va fer l\u2019any 2015, i poder tirar endavant projectes com el de la nova Resid\u00e8ncia Geri\u00e0trica de la Val d\u2019Aran, i negociar amb la Generalitat de Catalunya entre 20 i 25 places consorciades en aquest projecte de legislatura\u201d<\/strong>. Pel que fa al primer objectiu del Gov\u00e8rn d\u2019Aran ha dit Barrera<strong>, \u201c\u00e9s treballar per la prestaci\u00f3 dels serveis de Sanitat i benestar de les persones, sense deixar de banda tots els altres \u00e0mbits com el turisme, les infraestructures, la cultura o les emerg\u00e8ncies, que ens mantenen com a dest\u00ed tur\u00edstic de qualitat i permeten millorar l\u2019economia del pa\u00eds\u201d<\/strong>.<\/p>\n<p>En la sessi\u00f3 d\u2019avui, el Ple del Conselh Generau d\u2019Aran, <strong>ha aprovat per unanimitat una<\/strong> <strong>moci\u00f3 de suport a la ramaderia de muntanya i a l\u2019agropastoralisme, davant de la constataci\u00f3 del malestar entre els ramaders d\u2019alta muntanya, per la reintroducci\u00f3 d\u2019un nou \u00f3s mascle al Pirineu catal\u00e0.<\/strong><\/p>\n<p>El Ple del Conselh Generau, ha aprovat demanar al departament d\u2019Agricultura, Ramaderia, Pesca i Alimentaci\u00f3 de la Generalitat de Catalunya, al Ministerio de Agricultura, Alimentaci\u00f3n y Medio Ambiente (MAGRAMA) i a les institucions europees, que reforcin les pol\u00edtiques de suport a les explotacions ramaderes d\u2019alta muntanya i que modifiquin l\u2019actual PAC en favor d\u2019un major suport a les activitats agropastorals, per establir mesures que n\u2019evitin la desaparici\u00f3.<\/p>\n<p>Tamb\u00e9 s\u2019ha acordat demanar la delimitaci\u00f3 de l\u2019espai denominat \u201cEspai \u00d3s\u201d, on es puguin aplicar mesures espec\u00edfiques de suport a la ramaderia extensiva de muntanya, aix\u00ed com la realitzaci\u00f3 d\u2019un estudi per determinar el nombre d\u2019exemplars d\u2019\u00f3s que pot suportar el Pirineu, sense posar en risc la seguretat de les persones i el manteniment del sector ramader. Tamb\u00e9 es sol\u00b7licita a la Generalitat de Catalunya, que es facilitin els tr\u00e0mits administratius per agilitzar les indemnitzacions per atacs de fauna salvatge al Pirineu catal\u00e0, creant una Taula T\u00e8cnica amb representants del sector ramader, que revisi els expedients d\u2019atacs de fauna salvatge protegida.<\/p>\n ","protected":false},"excerpt":{"rendered":"<p>Vielha, 20 de juny de 2016.- El Ple del Conselh Generau d\u2019Aran ha aprovat avui per 7 vots a favor de CDA i l\u2019abstenci\u00f3 d\u2019UA-PSC i del PRAG el pressupost inicial corresponent a l\u2019any 2016 per un import de 27.106.976 \u20ac. Els pressupostos aprovats avui, inclouen un increment de 500.000 \u20ac per el Servici Aran\u00e9s&#8230;<\/p>\n","protected":false},"author":2,"featured_media":12586,"comment_status":"closed","ping_status":"closed","sticky":false,"template":"","format":"standard","meta":{"footnotes":""},"categories":[53,36],"tags":[],"_links":{"self":[{"href":"https:\/\/www.conselharan.org\/ca\/wp-json\/wp\/v2\/posts\/12589"}],"collection":[{"href":"https:\/\/www.conselharan.org\/ca\/wp-json\/wp\/v2\/posts"}],"about":[{"href":"https:\/\/www.conselharan.org\/ca\/wp-json\/wp\/v2\/types\/post"}],"author":[{"embeddable":true,"href":"https:\/\/www.conselharan.org\/ca\/wp-json\/wp\/v2\/users\/2"}],"replies":[{"embeddable":true,"href":"https:\/\/www.conselharan.org\/ca\/wp-json\/wp\/v2\/comments?post=12589"}],"version-history":[{"count":1,"href":"https:\/\/www.conselharan.org\/ca\/wp-json\/wp\/v2\/posts\/12589\/revisions"}],"predecessor-version":[{"id":12590,"href":"https:\/\/www.conselharan.org\/ca\/wp-json\/wp\/v2\/posts\/12589\/revisions\/12590"}],"wp:featuredmedia":[{"embeddable":true,"href":"https:\/\/www.conselharan.org\/ca\/wp-json\/wp\/v2\/media\/12586"}],"wp:attachment":[{"href":"https:\/\/www.conselharan.org\/ca\/wp-json\/wp\/v2\/media?parent=12589"}],"wp:term":[{"taxonomy":"category","embeddable":true,"href":"https:\/\/www.conselharan.org\/ca\/wp-json\/wp\/v2\/categories?post=12589"},{"taxonomy":"post_tag","embeddable":true,"href":"https:\/\/www.conselharan.org\/ca\/wp-json\/wp\/v2\/tags?post=12589"}],"curies":[{"name":"wp","href":"https:\/\/api.w.org\/{rel}","templated":true}]}}