{"id":12599,"date":"2016-06-21T15:27:51","date_gmt":"2016-06-21T13:27:51","guid":{"rendered":"http:\/\/www.conselharan.org\/ca\/?p=12599"},"modified":"2016-06-21T15:32:33","modified_gmt":"2016-06-21T13:32:33","slug":"la-val-daran-acollira-una-prova-de-la-copa-del-mon-desqui-de-muntanya-els-dies-8-i-9-dabril-de-2017","status":"publish","type":"post","link":"https:\/\/www.conselharan.org\/ca\/la-val-daran-acollira-una-prova-de-la-copa-del-mon-desqui-de-muntanya-els-dies-8-i-9-dabril-de-2017\/","title":{"rendered":"La Val d\u2019Aran acollir\u00e0 una prova de la Copa del M\u00f3n d\u2019Esqu\u00ed de Muntanya els dies 8 i 9 d\u2019abril de 2017"},"content":{"rendered":"<p><strong>El Conselh Generau d\u2019Aran aporta 30.000 \u20ac a l\u2019organitzaci\u00f3 de la cursa que dur\u00e0 el nom de Val d\u2019Aran 2017 ISMF World Cup<\/strong><\/p>\n<p>Vielha, 21 de juny de 2016.- \u00a0La Val d\u2019Aran acollir\u00e0 una prova de la Copa del M\u00f3n d\u2019Esqu\u00ed\u00a0de Muntanya els dies 8 i 9 d\u2019abril de 2017. El nom oficial de la cursa ser\u00e0 Val d\u2019Aran 2017 ISMF World Cup, i la seu de l\u2019organitzaci\u00f3 seran les poblacions de Vielha i Naut Aran.<\/p>\n<p><a href=\"http:\/\/www.conselharan.org\/wp-content\/uploads\/2016\/06\/Sortida-FEEC-Millet-624x466.jpg\"><img loading=\"lazy\" decoding=\"async\" class=\"aligncenter size-full wp-image-12596\" src=\"http:\/\/www.conselharan.org\/wp-content\/uploads\/2016\/06\/Sortida-FEEC-Millet-624x466.jpg\" alt=\"Sortida-FEEC-Millet-624x466\" width=\"624\" height=\"466\" srcset=\"https:\/\/www.conselharan.org\/wp-content\/uploads\/2016\/06\/Sortida-FEEC-Millet-624x466.jpg 624w, https:\/\/www.conselharan.org\/wp-content\/uploads\/2016\/06\/Sortida-FEEC-Millet-624x466-300x224.jpg 300w\" sizes=\"(max-width: 624px) 100vw, 624px\" \/><\/a><\/p>\n<p>Aquesta cursa ser\u00e0 una de les cinc puntuables per la Copa del M\u00f3n de la International Ski Mountainering Federation. El dissabte 8 d\u2019abril es disputar\u00e0 la prova individual, i el diumenge 9 d\u2019abril, la cursa vertical, dins de la prova Era Pujada. Paral\u00b7lelament es celebraran les proves open i Copa Catalana d\u2019Esqu\u00ed de Muntanya de la FEEC.<\/p>\n<p>La competici\u00f3 organitzada pel Centre Excursionista de Catalunya (CEC) i el CE d\u2019Aran, es disputar\u00e0 a l\u2019entorn de l\u2019estaci\u00f3 d\u2019esqu\u00ed de Baqueira Beret,\u00a0i tindr\u00e0 el suport de la Federaci\u00f3 d\u2019Entitats Excursionistes de Catalunya (FEEC) i la\u00a0FEDME.<\/p>\n<p>Els millors esquiadors i esquiadores de muntanya del m\u00f3n, amb el vigent guanyador de la copa, el catal\u00e0 <strong>Kilian\u00a0Jornet<\/strong>, es trobaran a la Val\u00a0d\u2019Aran, al que s\u2019afegiran noms com els dels italians\u00a0Michele\u00a0Boscacci,\u00a0Roberto\u00a0Antonioli, l\u2019alemany Anton\u00a0Palzer, el franc\u00e8s William Bon\u00a0Mardion, o els catalans Oriol Cardona i Marc Pinsach, que seran alguns dels atractius a tenir en compte en categoria masculina.<\/p>\n<p>A la categoria femenina m\u00e9s enll\u00e0 de les catalanes\u00a0Claudia\u00a0Gal\u00edcia, Marta Garcia, Laura Orgu\u00e9 i Mireia Mir\u00f3, destaca l\u2019actual n\u00famero 1 del m\u00f3n, la francesa\u00a0Laetitia\u00a0Roux, la tamb\u00e9 francesa\u00a0Axelle\u00a0Mollaret\u00a0i la italiana\u00a0Katia\u00a0Tomatis.<\/p>\n<p>El vicesindic d\u2019Aran i conselh\u00e8r d\u2019esports<strong>, Lu\u00eds Carlos Medina<\/strong>, ha assenyalat que <strong>\u201cla inclusi\u00f3 de la Val d\u2019Aran al calendari de la ISMF World Cup 2017, suposa un pas m\u00e9s en la consolidaci\u00f3 de la Val d\u2019Aran com a destinaci\u00f3 esportiva de proves d\u2019alt nivell internacional, a m\u00e9s de la consolidaci\u00f3 com a seu de refer\u00e8ncia per a proves d\u2019esqu\u00ed de muntanya\u201d<\/strong>. Medina ha volgut <strong>\u201cdestacar una vegada m\u00e9s la predisposici\u00f3 de Baqueira Beret a l\u2019hora de donar suport a les iniciatives esportives del Gov\u00e8rn d\u2019Aran\u201d<\/strong>.<\/p>\n<p>L\u2019ISMF es va reunir el passat cap de setmana a Portugal, on s\u2019ha celebrat l\u2019assemblea anual. A l\u2019assemblea s\u2019ha decidit el calendari de la pr\u00f2xima temporada, on s\u2019inclou la prova aranesa.<\/p>\n<p>&nbsp;<\/p>\n<p>Foto: FEEC<\/p>\n ","protected":false},"excerpt":{"rendered":"<p>El Conselh Generau d\u2019Aran aporta 30.000 \u20ac a l\u2019organitzaci\u00f3 de la cursa que dur\u00e0 el nom de Val d\u2019Aran 2017 ISMF World Cup Vielha, 21 de juny de 2016.- \u00a0La Val d\u2019Aran acollir\u00e0 una prova de la Copa del M\u00f3n d\u2019Esqu\u00ed\u00a0de Muntanya els dies 8 i 9 d\u2019abril de 2017. El nom oficial de la&#8230;<\/p>\n","protected":false},"author":2,"featured_media":12596,"comment_status":"closed","ping_status":"closed","sticky":false,"template":"","format":"standard","meta":{"footnotes":""},"categories":[33],"tags":[],"_links":{"self":[{"href":"https:\/\/www.conselharan.org\/ca\/wp-json\/wp\/v2\/posts\/12599"}],"collection":[{"href":"https:\/\/www.conselharan.org\/ca\/wp-json\/wp\/v2\/posts"}],"about":[{"href":"https:\/\/www.conselharan.org\/ca\/wp-json\/wp\/v2\/types\/post"}],"author":[{"embeddable":true,"href":"https:\/\/www.conselharan.org\/ca\/wp-json\/wp\/v2\/users\/2"}],"replies":[{"embeddable":true,"href":"https:\/\/www.conselharan.org\/ca\/wp-json\/wp\/v2\/comments?post=12599"}],"version-history":[{"count":2,"href":"https:\/\/www.conselharan.org\/ca\/wp-json\/wp\/v2\/posts\/12599\/revisions"}],"predecessor-version":[{"id":12604,"href":"https:\/\/www.conselharan.org\/ca\/wp-json\/wp\/v2\/posts\/12599\/revisions\/12604"}],"wp:featuredmedia":[{"embeddable":true,"href":"https:\/\/www.conselharan.org\/ca\/wp-json\/wp\/v2\/media\/12596"}],"wp:attachment":[{"href":"https:\/\/www.conselharan.org\/ca\/wp-json\/wp\/v2\/media?parent=12599"}],"wp:term":[{"taxonomy":"category","embeddable":true,"href":"https:\/\/www.conselharan.org\/ca\/wp-json\/wp\/v2\/categories?post=12599"},{"taxonomy":"post_tag","embeddable":true,"href":"https:\/\/www.conselharan.org\/ca\/wp-json\/wp\/v2\/tags?post=12599"}],"curies":[{"name":"wp","href":"https:\/\/api.w.org\/{rel}","templated":true}]}}