{"id":12729,"date":"2016-07-01T11:58:39","date_gmt":"2016-07-01T09:58:39","guid":{"rendered":"http:\/\/www.conselharan.org\/ca\/?p=12729"},"modified":"2016-07-01T11:58:39","modified_gmt":"2016-07-01T09:58:39","slug":"laranes-ton-consul-vivar-entrenara-amb-els-millors-patinadors-del-mon-al-canada","status":"publish","type":"post","link":"https:\/\/www.conselharan.org\/ca\/laranes-ton-consul-vivar-entrenara-amb-els-millors-patinadors-del-mon-al-canada\/","title":{"rendered":"L\u2019aran\u00e8s, T\u00f2n C\u00f3nsul Vivar, entrenar\u00e0 amb els millors patinadors del m\u00f3n al Canad\u00e0"},"content":{"rendered":"<ul>\n<li><strong>A Canad\u00e0, es troben els principals campions espanyols de patinatge art\u00edstic sobre gel: Javier Fern\u00e1ndez (bicampi\u00f3 del m\u00f3n), Javier Raya, Sonia Lafuente, Celia Robledo e Luis Fenero<\/strong>.<\/li>\n<\/ul>\n<p>&nbsp;<\/p>\n<p><img loading=\"lazy\" decoding=\"async\" class=\"aligncenter size-large wp-image-12725\" src=\"http:\/\/www.conselharan.org\/wp-content\/uploads\/2016\/07\/CANAD\u00c0-BRUNO-MARCOTTE-Y-T\u00d2N-C\u00d3NSUL-768x1024.jpg\" alt=\"CANAD\u00c0-BRUNO MARCOTTE Y T\u00d2N C\u00d3NSUL\" width=\"768\" height=\"1024\" srcset=\"https:\/\/www.conselharan.org\/wp-content\/uploads\/2016\/07\/CANAD\u00c0-BRUNO-MARCOTTE-Y-T\u00d2N-C\u00d3NSUL-768x1024.jpg 768w, https:\/\/www.conselharan.org\/wp-content\/uploads\/2016\/07\/CANAD\u00c0-BRUNO-MARCOTTE-Y-T\u00d2N-C\u00d3NSUL-225x300.jpg 225w\" sizes=\"(max-width: 768px) 100vw, 768px\" \/><\/p>\n<p><em>\u00a0 \u00a0T\u00f2n C\u00f3nsul amb el seu entrenador, Bruno Marcotte.<\/em><\/p>\n<p>&nbsp;<\/p>\n<p>El patinador aran\u00e8s de 18 anys, <strong>T\u00f2n C\u00f3nsul Vivar<\/strong>, jove promesa de l&#8217;elit del patinatge art\u00edstic sobre gel, marxar\u00e0 el proper 7 de juliol a Canad\u00e0 (Montreal) on comen\u00e7ar\u00e0 la seva carrera professional sota les ordres de<strong> Bruno Marcotte<\/strong>, que actualment t\u00e9 en el seu equip a la parella campiona del m\u00f3n 2016, formada per Meagan Duhamel i Eric Radford.<\/p>\n<p>Bruno Marcotte, \u00e9s considerat com un dels millors entrenadors de parelles del m\u00f3n, la parella del patinador aran\u00e8s \u00e9s la canadenca, Alexane Bouillon, de 13 anys.<\/p>\n<p><strong>T\u00f2n C\u00f3nsul<\/strong>, ha manifestat <strong>\u201ccontinuar\u00e9 treballant a nivell individual i l&#8217;objectiu \u00e9s aconseguir al desembre el campionat d\u2019Espanya a Vielha. El treball que realitzem \u00e9s a llarg termini, Alexane i jo encara som joves, nom\u00e9s cal veure que els campions del m\u00f3n Meagan Duhamel i Eric Radford tenen m\u00e9s 30 anys\u201d.<\/strong><\/p>\n<p>T\u00f2n, encara \u00e9s j\u00fanior i ha estat els dos \u00faltims anys subcampi\u00f3 d\u2019Espanya, el seu entrenador, Bruno Marcotte, li ha explicat que al gener de 2017 ser\u00e0 el moment d\u2019aconseguir punts per poder anar al Mundial de la Xina (mar\u00e7 de 2017).<\/p>\n<p>El patinador del <strong>FC Barcelona<\/strong>, T\u00f2n C\u00f3nsul, tamb\u00e9 continuar\u00e0 la seva formaci\u00f3 acad\u00e8mica i estudiar\u00e0 Administraci\u00f3 i Direcci\u00f3 d\u2019Empreses a dist\u00e0ncia en la Universitat de La Rioja.<\/p>\n<p>&nbsp;<\/p>\n<p><img loading=\"lazy\" decoding=\"async\" class=\"aligncenter size-full wp-image-12726\" src=\"http:\/\/www.conselharan.org\/wp-content\/uploads\/2016\/07\/T\u00d2N-1.jpg\" alt=\"T\u00d2N 1\" width=\"637\" height=\"699\" srcset=\"https:\/\/www.conselharan.org\/wp-content\/uploads\/2016\/07\/T\u00d2N-1.jpg 637w, https:\/\/www.conselharan.org\/wp-content\/uploads\/2016\/07\/T\u00d2N-1-273x300.jpg 273w\" sizes=\"(max-width: 637px) 100vw, 637px\" \/><\/p>\n<p>&nbsp;<\/p>\n<p>T\u00f2n C\u00f3nsul Vivar, de 18 anys, becat pel<strong> Consell Catal\u00e0 de l\u2019Esport<\/strong>, ha residit des del 2013 en la resid\u00e8ncia Blume (Barcelona) on entrenava individual di\u00e0riament amb el FCB al costat del seu entrenador, Patrick Capmartin.<\/p>\n<p>T\u00f2n, va signar un conveni amb el <strong>Conselh Generau d\u2019Aran<\/strong> i<strong> Foment Torisme Val d\u2019Aran<\/strong> per promoure la destinaci\u00f3 tur\u00edstica esportiva Val d\u2019Aran pel m\u00f3n, representada en la imatge i en els valors del jove patinador, i de l&#8217;equip que forma part, mitjan\u00e7ant el patrocini institucional.<\/p>\n<p>En paraules del vicesindic d&#8217;Aran i conselh\u00e8r d&#8217;Esports, <strong>Luis Carlos Medina \u201c\u00e9s un orgull veure com el treball i esfor\u00e7 de T\u00f2n es veuen recompensats i que marxi cap a Canad\u00e0 significa que tenim al nostre jove esportista amb l&#8217;elit mundial de patinatge. \u00c9s una satisfacci\u00f3 per la seva fam\u00edlia i per tots els que estem al seu costat donant-li el nostre suport veure com arranca la seva carrera professional al m\u00e9s alt nivell esportiu. Li desitgem molta sort en aquesta nova etapa, que gaudeixi de l&#8217;experi\u00e8ncia i que torni a visitar-nos aviat!\u201d.<\/strong><\/p>\n<p>&nbsp;<\/p>\n<p>&nbsp;<\/p>\n<p>&nbsp;<\/p>\n<p>Vielha, 1 de juliol de 2016<\/p>\n<p>&nbsp;<\/p>\n<p><em>Conselh Generau d&#8217;Aran: N\u00faria Sanjuan<\/em><\/p>\n ","protected":false},"excerpt":{"rendered":"<p>A Canad\u00e0, es troben els principals campions espanyols de patinatge art\u00edstic sobre gel: Javier Fern\u00e1ndez (bicampi\u00f3 del m\u00f3n), Javier Raya, Sonia Lafuente, Celia Robledo e Luis Fenero. &nbsp; \u00a0 \u00a0T\u00f2n C\u00f3nsul amb el seu entrenador, Bruno Marcotte. &nbsp; El patinador aran\u00e8s de 18 anys, T\u00f2n C\u00f3nsul Vivar, jove promesa de l&#8217;elit del patinatge art\u00edstic sobre&#8230;<\/p>\n","protected":false},"author":2,"featured_media":12728,"comment_status":"closed","ping_status":"closed","sticky":false,"template":"","format":"standard","meta":{"footnotes":""},"categories":[33],"tags":[],"_links":{"self":[{"href":"https:\/\/www.conselharan.org\/ca\/wp-json\/wp\/v2\/posts\/12729"}],"collection":[{"href":"https:\/\/www.conselharan.org\/ca\/wp-json\/wp\/v2\/posts"}],"about":[{"href":"https:\/\/www.conselharan.org\/ca\/wp-json\/wp\/v2\/types\/post"}],"author":[{"embeddable":true,"href":"https:\/\/www.conselharan.org\/ca\/wp-json\/wp\/v2\/users\/2"}],"replies":[{"embeddable":true,"href":"https:\/\/www.conselharan.org\/ca\/wp-json\/wp\/v2\/comments?post=12729"}],"version-history":[{"count":1,"href":"https:\/\/www.conselharan.org\/ca\/wp-json\/wp\/v2\/posts\/12729\/revisions"}],"predecessor-version":[{"id":12730,"href":"https:\/\/www.conselharan.org\/ca\/wp-json\/wp\/v2\/posts\/12729\/revisions\/12730"}],"wp:featuredmedia":[{"embeddable":true,"href":"https:\/\/www.conselharan.org\/ca\/wp-json\/wp\/v2\/media\/12728"}],"wp:attachment":[{"href":"https:\/\/www.conselharan.org\/ca\/wp-json\/wp\/v2\/media?parent=12729"}],"wp:term":[{"taxonomy":"category","embeddable":true,"href":"https:\/\/www.conselharan.org\/ca\/wp-json\/wp\/v2\/categories?post=12729"},{"taxonomy":"post_tag","embeddable":true,"href":"https:\/\/www.conselharan.org\/ca\/wp-json\/wp\/v2\/tags?post=12729"}],"curies":[{"name":"wp","href":"https:\/\/api.w.org\/{rel}","templated":true}]}}