{"id":12743,"date":"2016-07-01T13:58:32","date_gmt":"2016-07-01T11:58:32","guid":{"rendered":"http:\/\/www.conselharan.org\/ca\/?p=12743"},"modified":"2016-07-01T13:58:32","modified_gmt":"2016-07-01T11:58:32","slug":"afectacions-en-el-transport-intern-de-la-val-daran-amb-motiu-de-la-sortida-de-la-9a-etapa-del-tour-de-france-des-de-vielha","status":"publish","type":"post","link":"https:\/\/www.conselharan.org\/ca\/afectacions-en-el-transport-intern-de-la-val-daran-amb-motiu-de-la-sortida-de-la-9a-etapa-del-tour-de-france-des-de-vielha\/","title":{"rendered":"Afectacions en el transport intern de la Val d\u2019Aran amb motiu de la sortida de la 9a etapa del Tour de France des de Vielha"},"content":{"rendered":"<p><img loading=\"lazy\" decoding=\"async\" class=\"aligncenter size-large wp-image-12741\" src=\"http:\/\/www.conselharan.org\/wp-content\/uploads\/2016\/07\/LE-TOUR-CONSELH-VA-1024x422.jpg\" alt=\"LE TOUR + CONSELH + VA\" width=\"1024\" height=\"422\" srcset=\"https:\/\/www.conselharan.org\/wp-content\/uploads\/2016\/07\/LE-TOUR-CONSELH-VA-1024x422.jpg 1024w, https:\/\/www.conselharan.org\/wp-content\/uploads\/2016\/07\/LE-TOUR-CONSELH-VA-300x124.jpg 300w, https:\/\/www.conselharan.org\/wp-content\/uploads\/2016\/07\/LE-TOUR-CONSELH-VA-768x316.jpg 768w\" sizes=\"(max-width: 1024px) 100vw, 1024px\" \/><\/p>\n<p>&nbsp;<\/p>\n<p>La 9a etapa del Tour de France, sortir\u00e0 el dia 10 de juliol de Vielha i finalitzar\u00e0 a Arcal\u00eds (Andorra), motiu pel qual l&#8217;Av. Casti\u00e8ro i Av. Pas d\u2019Arr\u00f3 de Vielha romandran tancades a la circulaci\u00f3 de vehicles entre les 09h00 i les 14h00.<\/p>\n<p>Aquesta circumst\u00e0ncia afectar\u00e0 a les comunicacions en el transport p\u00fablic entre la capital aranesa i Baqueira per l&#8217;Av. Casti\u00e8ro i la carretera C-28.<\/p>\n<p>Les afectacions que tindr\u00e0 el servei de transport intern de la Val d\u2019Aran seran les seg\u00fcents:<\/p>\n<p>&nbsp;<\/p>\n<ul>\n<li><strong>De 09h00 a 14h00 no haur\u00e0 servei de transport intern<\/strong> entre Vielha i Baqueira per Av. Casti\u00e8ro, Av. Pas d\u2019Arr\u00f3 i carretera C-28.<\/li>\n<\/ul>\n<p>&nbsp;<\/p>\n<ul>\n<li><strong>Quedaran anul\u2022lats els serveis:<\/strong><\/li>\n<\/ul>\n<p><em>Vielha \u2013 Baqueira:<\/em><\/p>\n<p>Sortides Vielha a les 09h00, 10h00, 11h00 e 13h00<\/p>\n<p><em>Baqueira- Vielha:<\/em><\/p>\n<p>Sortides de Baqueira a les 09h30, 11h30, 12h30 i 13h30<\/p>\n<ul>\n<li>Els serveis que venen del Baix Aran en aquest horari finalitzaran i iniciaran els seus serveis des de la parada situada en Av. Alcalde Calbet\u00f3 Barra (cine)<\/li>\n<li>Els serveis entre Pontaut i Vielha no patiran cancel\u2022lacions, per\u00f2 podrien veure&#8217;s afectats en la seva puntualitat si s\u2019increment\u00e9s el tr\u00e0nsit en la carretera N-230.<\/li>\n<li>El servei de sortida de Les a les 10h30, es refor\u00e7ar\u00e0 amb altre vehicle en cas de ser necessari.<\/li>\n<\/ul>\n<p>Horaris:<\/p>\n<p><img loading=\"lazy\" decoding=\"async\" class=\"aligncenter size-full wp-image-12740\" src=\"http:\/\/www.conselharan.org\/wp-content\/uploads\/2016\/07\/Diapositiva1.jpg\" alt=\"Diapositiva1\" width=\"960\" height=\"720\" srcset=\"https:\/\/www.conselharan.org\/wp-content\/uploads\/2016\/07\/Diapositiva1.jpg 960w, https:\/\/www.conselharan.org\/wp-content\/uploads\/2016\/07\/Diapositiva1-300x225.jpg 300w, https:\/\/www.conselharan.org\/wp-content\/uploads\/2016\/07\/Diapositiva1-768x576.jpg 768w\" sizes=\"(max-width: 960px) 100vw, 960px\" \/><\/p>\n<p>Vielha, 1 de juliol de 2016<\/p>\n<p>&nbsp;<\/p>\n<p><em>Conselh Generau d&#8217;Aran: N\u00faria Sanjuan<\/em><\/p>\n ","protected":false},"excerpt":{"rendered":"<p>&nbsp; La 9a etapa del Tour de France, sortir\u00e0 el dia 10 de juliol de Vielha i finalitzar\u00e0 a Arcal\u00eds (Andorra), motiu pel qual l&#8217;Av. Casti\u00e8ro i Av. Pas d\u2019Arr\u00f3 de Vielha romandran tancades a la circulaci\u00f3 de vehicles entre les 09h00 i les 14h00. Aquesta circumst\u00e0ncia afectar\u00e0 a les comunicacions en el transport p\u00fablic&#8230;<\/p>\n","protected":false},"author":2,"featured_media":12741,"comment_status":"closed","ping_status":"closed","sticky":false,"template":"","format":"standard","meta":{"footnotes":""},"categories":[53],"tags":[],"_links":{"self":[{"href":"https:\/\/www.conselharan.org\/ca\/wp-json\/wp\/v2\/posts\/12743"}],"collection":[{"href":"https:\/\/www.conselharan.org\/ca\/wp-json\/wp\/v2\/posts"}],"about":[{"href":"https:\/\/www.conselharan.org\/ca\/wp-json\/wp\/v2\/types\/post"}],"author":[{"embeddable":true,"href":"https:\/\/www.conselharan.org\/ca\/wp-json\/wp\/v2\/users\/2"}],"replies":[{"embeddable":true,"href":"https:\/\/www.conselharan.org\/ca\/wp-json\/wp\/v2\/comments?post=12743"}],"version-history":[{"count":1,"href":"https:\/\/www.conselharan.org\/ca\/wp-json\/wp\/v2\/posts\/12743\/revisions"}],"predecessor-version":[{"id":12744,"href":"https:\/\/www.conselharan.org\/ca\/wp-json\/wp\/v2\/posts\/12743\/revisions\/12744"}],"wp:featuredmedia":[{"embeddable":true,"href":"https:\/\/www.conselharan.org\/ca\/wp-json\/wp\/v2\/media\/12741"}],"wp:attachment":[{"href":"https:\/\/www.conselharan.org\/ca\/wp-json\/wp\/v2\/media?parent=12743"}],"wp:term":[{"taxonomy":"category","embeddable":true,"href":"https:\/\/www.conselharan.org\/ca\/wp-json\/wp\/v2\/categories?post=12743"},{"taxonomy":"post_tag","embeddable":true,"href":"https:\/\/www.conselharan.org\/ca\/wp-json\/wp\/v2\/tags?post=12743"}],"curies":[{"name":"wp","href":"https:\/\/api.w.org\/{rel}","templated":true}]}}