{"id":12749,"date":"2016-07-01T14:14:01","date_gmt":"2016-07-01T12:14:01","guid":{"rendered":"http:\/\/www.conselharan.org\/ca\/?p=12749"},"modified":"2016-07-01T14:14:01","modified_gmt":"2016-07-01T12:14:01","slug":"inauguracio-de-lexposicio-istoria-grafica-daran-a-sant-joan-darties","status":"publish","type":"post","link":"https:\/\/www.conselharan.org\/ca\/inauguracio-de-lexposicio-istoria-grafica-daran-a-sant-joan-darties\/","title":{"rendered":"Inauguraci\u00f3 de l\u2019exposici\u00f3 \u201cIst\u00f2ria grafica d\u2019Aran\u201d a Sant Joan d\u2019Arties"},"content":{"rendered":"<p>Vielha, 1 de juliol de 2016.- Des d\u2019avui i fins el el d\u00eda 7 de gener de 2017, es pot veure a l\u2019esgl\u00e9sia de Sant Joan d\u2019Arties l\u2019exposici\u00f3 <strong>\u201cIst\u00f2ria grafica d\u2019Aran\u201d<\/strong>, amb un recull in\u00e8dit de fotografies que repassen els fets quotidians, familiars i socials de la Val d\u2019Aran al llarg del temps que es pot recollir a trav\u00e9s de la mem\u00f2ria fotogr\u00e0fica.<\/p>\n<p><a href=\"http:\/\/www.conselharan.org\/wp-content\/uploads\/2016\/07\/IMG_7172.jpg\"><img loading=\"lazy\" decoding=\"async\" class=\"aligncenter size-large wp-image-12739\" src=\"http:\/\/www.conselharan.org\/wp-content\/uploads\/2016\/07\/IMG_7172-1024x635.jpg\" alt=\"IMG_7172\" width=\"1024\" height=\"635\" srcset=\"https:\/\/www.conselharan.org\/wp-content\/uploads\/2016\/07\/IMG_7172-1024x635.jpg 1024w, https:\/\/www.conselharan.org\/wp-content\/uploads\/2016\/07\/IMG_7172-300x186.jpg 300w, https:\/\/www.conselharan.org\/wp-content\/uploads\/2016\/07\/IMG_7172-768x476.jpg 768w\" sizes=\"(max-width: 1024px) 100vw, 1024px\" \/><\/a><\/p>\n<p>L\u2019exposici\u00f3 organitzada per la Fundaci\u00f3 Mus\u00e8u Etnologic dera Val d\u2019Aran, amb la col\u00b7laboraci\u00f3 del Conselh Generau d\u2019Aran, Mus\u00e8us dera Val d\u2019Aran i l\u2019Arxiu Generau d\u2019Aran, ha comportat dos anys de feina pels organitzadors de rep\u00e0s i de tria de les fotografies.<\/p>\n<p>A l\u2019exposici\u00f3 que va ser presentada ahir per <strong>R\u00f2sa Maria Salgueiro<\/strong>, presidenta de la Fundaci\u00f3 i per <strong>Lu\u00eds Carlos Medina<\/strong>, vicesindic d\u2019Aran,\u00a0 s\u2019hi exposen 130 fotografies que van des de l\u2019any 1900 fins arribar als nostres dies, dividides en set apartats diferents que reflecteixen i donen a con\u00e8ixer una part de la mem\u00f2ria col\u00b7lectiva de la Val d\u2019Aran.<\/p>\n<p>L\u2019exposici\u00f3 es podr\u00e0 visitar a Sant Joan d\u2019Arties des d\u2019avui <strong>1 de juliol fins al 7 de gener de 2017, de dilluns a dissabte de 17 a 20h; i de l\u2019onze de juliol a l\u2019onze de setembre, en horari d\u2019estiu de 17 a 21h.<\/strong><\/p>\n<p><a href=\"http:\/\/www.conselharan.org\/wp-content\/uploads\/2016\/07\/IMG_7144.jpg\"><img loading=\"lazy\" decoding=\"async\" class=\"aligncenter size-large wp-image-12738\" src=\"http:\/\/www.conselharan.org\/wp-content\/uploads\/2016\/07\/IMG_7144-1024x616.jpg\" alt=\"IMG_7144\" width=\"1024\" height=\"616\" srcset=\"https:\/\/www.conselharan.org\/wp-content\/uploads\/2016\/07\/IMG_7144-1024x616.jpg 1024w, https:\/\/www.conselharan.org\/wp-content\/uploads\/2016\/07\/IMG_7144-300x180.jpg 300w, https:\/\/www.conselharan.org\/wp-content\/uploads\/2016\/07\/IMG_7144-768x462.jpg 768w\" sizes=\"(max-width: 1024px) 100vw, 1024px\" \/><\/a><a href=\"http:\/\/www.conselharan.org\/wp-content\/uploads\/2016\/07\/13495149_1130061327058540_5185554350671733850_n.jpg\"><img loading=\"lazy\" decoding=\"async\" class=\"aligncenter size-full wp-image-12746\" src=\"http:\/\/www.conselharan.org\/wp-content\/uploads\/2016\/07\/13495149_1130061327058540_5185554350671733850_n.jpg\" alt=\"13495149_1130061327058540_5185554350671733850_n\" width=\"279\" height=\"395\" srcset=\"https:\/\/www.conselharan.org\/wp-content\/uploads\/2016\/07\/13495149_1130061327058540_5185554350671733850_n.jpg 279w, https:\/\/www.conselharan.org\/wp-content\/uploads\/2016\/07\/13495149_1130061327058540_5185554350671733850_n-212x300.jpg 212w\" sizes=\"(max-width: 279px) 100vw, 279px\" \/><\/a><\/p>\n ","protected":false},"excerpt":{"rendered":"<p>Vielha, 1 de juliol de 2016.- Des d\u2019avui i fins el el d\u00eda 7 de gener de 2017, es pot veure a l\u2019esgl\u00e9sia de Sant Joan d\u2019Arties l\u2019exposici\u00f3 \u201cIst\u00f2ria grafica d\u2019Aran\u201d, amb un recull in\u00e8dit de fotografies que repassen els fets quotidians, familiars i socials de la Val d\u2019Aran al llarg del temps que es&#8230;<\/p>\n","protected":false},"author":2,"featured_media":12739,"comment_status":"closed","ping_status":"closed","sticky":false,"template":"","format":"standard","meta":{"footnotes":""},"categories":[33],"tags":[],"_links":{"self":[{"href":"https:\/\/www.conselharan.org\/ca\/wp-json\/wp\/v2\/posts\/12749"}],"collection":[{"href":"https:\/\/www.conselharan.org\/ca\/wp-json\/wp\/v2\/posts"}],"about":[{"href":"https:\/\/www.conselharan.org\/ca\/wp-json\/wp\/v2\/types\/post"}],"author":[{"embeddable":true,"href":"https:\/\/www.conselharan.org\/ca\/wp-json\/wp\/v2\/users\/2"}],"replies":[{"embeddable":true,"href":"https:\/\/www.conselharan.org\/ca\/wp-json\/wp\/v2\/comments?post=12749"}],"version-history":[{"count":2,"href":"https:\/\/www.conselharan.org\/ca\/wp-json\/wp\/v2\/posts\/12749\/revisions"}],"predecessor-version":[{"id":12751,"href":"https:\/\/www.conselharan.org\/ca\/wp-json\/wp\/v2\/posts\/12749\/revisions\/12751"}],"wp:featuredmedia":[{"embeddable":true,"href":"https:\/\/www.conselharan.org\/ca\/wp-json\/wp\/v2\/media\/12739"}],"wp:attachment":[{"href":"https:\/\/www.conselharan.org\/ca\/wp-json\/wp\/v2\/media?parent=12749"}],"wp:term":[{"taxonomy":"category","embeddable":true,"href":"https:\/\/www.conselharan.org\/ca\/wp-json\/wp\/v2\/categories?post=12749"},{"taxonomy":"post_tag","embeddable":true,"href":"https:\/\/www.conselharan.org\/ca\/wp-json\/wp\/v2\/tags?post=12749"}],"curies":[{"name":"wp","href":"https:\/\/api.w.org\/{rel}","templated":true}]}}