{"id":12769,"date":"2016-07-01T15:41:40","date_gmt":"2016-07-01T13:41:40","guid":{"rendered":"http:\/\/www.conselharan.org\/ca\/eth-govern-daran-arrecep-era-transpirenaica-sociau-solidaria\/"},"modified":"2016-07-01T15:42:49","modified_gmt":"2016-07-01T13:42:49","slug":"eth-govern-daran-arrecep-era-transpirenaica-sociau-solidaria","status":"publish","type":"post","link":"https:\/\/www.conselharan.org\/ca\/eth-govern-daran-arrecep-era-transpirenaica-sociau-solidaria\/","title":{"rendered":"Eth Gov\u00e8rn d\u2019Aran arrecep era \u201cTranspirenaica Sociau Solid\u00e0ria\u201d"},"content":{"rendered":"<p><img loading=\"lazy\" decoding=\"async\" class=\"aligncenter size-large wp-image-12766\" src=\"http:\/\/www.conselharan.org\/wp-content\/uploads\/2016\/07\/DSC_0433-1024x904.jpg\" alt=\"DSC_0433\" width=\"1024\" height=\"904\" srcset=\"https:\/\/www.conselharan.org\/wp-content\/uploads\/2016\/07\/DSC_0433-1024x904.jpg 1024w, https:\/\/www.conselharan.org\/wp-content\/uploads\/2016\/07\/DSC_0433-300x265.jpg 300w, https:\/\/www.conselharan.org\/wp-content\/uploads\/2016\/07\/DSC_0433-768x678.jpg 768w, https:\/\/www.conselharan.org\/wp-content\/uploads\/2016\/07\/DSC_0433.jpg 1708w\" sizes=\"(max-width: 1024px) 100vw, 1024px\" \/><\/p>\n<p>&nbsp;<\/p>\n<p>Eth sindic d\u2019Aran, <strong>Carlos Barrera,<\/strong> amassa damb eth vicesindic d\u2019Aran e conselh\u00e8r d\u2019Esp\u00f2rts, <strong>Luis Carlos Medina<\/strong>, an arrecebut as organizadors dera Transpirenaica Solid\u00e0ria.<\/p>\n<p>Era \u201c<em>TRAVESIA 2016. Marcha por la Inclusi\u00f3n: Migraciones, Refugiados y Hospitalidad\u201d<\/em> comenc\u00e8c eth passat dia 11 de junh en Cabo Higuer (Hondarribia) e finalizar\u00e0 eth 23 de junhs\u00e8ga en Cap de Creus- Cadaqu\u00e9s (Girona) damb 800km en 42 dies, en tot rec\u00f3rrer es Piren\u00e8us, damb 42 etapes.<\/p>\n<p>&nbsp;<\/p>\n<p>Vielha, 1 de junhs\u00e8ga de 2016<\/p>\n<p>&nbsp;<\/p>\n<p><em>Conselh Generau d&#8217;Aran: N\u00faria Sanjuan<\/em><\/p>\n ","protected":false},"excerpt":{"rendered":"<p>&nbsp; Eth sindic d\u2019Aran, Carlos Barrera, amassa damb eth vicesindic d\u2019Aran e conselh\u00e8r d\u2019Esp\u00f2rts, Luis Carlos Medina, an arrecebut as organizadors dera Transpirenaica Solid\u00e0ria. Era \u201cTRAVESIA 2016. Marcha por la Inclusi\u00f3n: Migraciones, Refugiados y Hospitalidad\u201d comenc\u00e8c eth passat dia 11 de junh en Cabo Higuer (Hondarribia) e finalizar\u00e0 eth 23 de junhs\u00e8ga en Cap de&#8230;<\/p>\n","protected":false},"author":2,"featured_media":12766,"comment_status":"closed","ping_status":"closed","sticky":false,"template":"","format":"standard","meta":{"footnotes":""},"categories":[53],"tags":[],"_links":{"self":[{"href":"https:\/\/www.conselharan.org\/ca\/wp-json\/wp\/v2\/posts\/12769"}],"collection":[{"href":"https:\/\/www.conselharan.org\/ca\/wp-json\/wp\/v2\/posts"}],"about":[{"href":"https:\/\/www.conselharan.org\/ca\/wp-json\/wp\/v2\/types\/post"}],"author":[{"embeddable":true,"href":"https:\/\/www.conselharan.org\/ca\/wp-json\/wp\/v2\/users\/2"}],"replies":[{"embeddable":true,"href":"https:\/\/www.conselharan.org\/ca\/wp-json\/wp\/v2\/comments?post=12769"}],"version-history":[{"count":1,"href":"https:\/\/www.conselharan.org\/ca\/wp-json\/wp\/v2\/posts\/12769\/revisions"}],"predecessor-version":[{"id":12771,"href":"https:\/\/www.conselharan.org\/ca\/wp-json\/wp\/v2\/posts\/12769\/revisions\/12771"}],"wp:featuredmedia":[{"embeddable":true,"href":"https:\/\/www.conselharan.org\/ca\/wp-json\/wp\/v2\/media\/12766"}],"wp:attachment":[{"href":"https:\/\/www.conselharan.org\/ca\/wp-json\/wp\/v2\/media?parent=12769"}],"wp:term":[{"taxonomy":"category","embeddable":true,"href":"https:\/\/www.conselharan.org\/ca\/wp-json\/wp\/v2\/categories?post=12769"},{"taxonomy":"post_tag","embeddable":true,"href":"https:\/\/www.conselharan.org\/ca\/wp-json\/wp\/v2\/tags?post=12769"}],"curies":[{"name":"wp","href":"https:\/\/api.w.org\/{rel}","templated":true}]}}