{"id":12793,"date":"2016-07-06T15:44:51","date_gmt":"2016-07-06T13:44:51","guid":{"rendered":"http:\/\/www.conselharan.org\/ca\/?p=12793"},"modified":"2016-07-06T15:45:03","modified_gmt":"2016-07-06T13:45:03","slug":"bons-resultats-dels-nedadors-del-cava-swim-team-en-la-5a-marnaton-edreams-sant-feliu-de-guixols-en-aigues-obertes","status":"publish","type":"post","link":"https:\/\/www.conselharan.org\/ca\/bons-resultats-dels-nedadors-del-cava-swim-team-en-la-5a-marnaton-edreams-sant-feliu-de-guixols-en-aigues-obertes\/","title":{"rendered":"Bons resultats dels nedadors del CAVA SWIM TEAM en la 5a MARNATON eDreams Sant Feliu de Gu\u00edxols en aig\u00fces obertes"},"content":{"rendered":"<p><strong>\u2022 M\u00e9s de 700 nedadors van gaudir el passat dissabte, 2 de juliol, de les aig\u00fces cristal\u2022lines i de la gran riquesa marina de la Costa Brava.<\/strong><\/p>\n<p>&nbsp;<\/p>\n<p><img loading=\"lazy\" decoding=\"async\" class=\"aligncenter size-full wp-image-12786\" src=\"http:\/\/www.conselharan.org\/wp-content\/uploads\/2016\/07\/cava.jpg\" alt=\"cava\" width=\"960\" height=\"720\" srcset=\"https:\/\/www.conselharan.org\/wp-content\/uploads\/2016\/07\/cava.jpg 960w, https:\/\/www.conselharan.org\/wp-content\/uploads\/2016\/07\/cava-300x225.jpg 300w, https:\/\/www.conselharan.org\/wp-content\/uploads\/2016\/07\/cava-768x576.jpg 768w\" sizes=\"(max-width: 960px) 100vw, 960px\" \/><\/p>\n<p>&nbsp;<\/p>\n<p>El passat dissabte, 2 de juliol, va tenir lloc la <strong>5a MARNATON eDreams Sant Feliu de Gu\u00edxols,<\/strong> tercera prova del calendari de reptes en mar obert de la V Copa MARNATON eDreams. Un mar perfecte va ser l&#8217;escenari ideal per projectar un recorregut m\u00e9s pegat a la costa i permetre als 700 nedadors de les 2 travessies nedar prop de les roques, en unes aig\u00fces cristal\u2022lines i observant la gran riquesa marina d&#8217;aquest incre\u00efble entorn de la Costa Brava. Una travessia que va comptar amb la participaci\u00f3 del club aran\u00e8s de nataci\u00f3: <strong>CAVA SWIM TEAM.<\/strong><\/p>\n<p>&nbsp;<\/p>\n<p><img loading=\"lazy\" decoding=\"async\" class=\"aligncenter size-full wp-image-12791\" src=\"http:\/\/www.conselharan.org\/wp-content\/uploads\/2016\/07\/cava5.jpg\" alt=\"cava5\" width=\"920\" height=\"697\" srcset=\"https:\/\/www.conselharan.org\/wp-content\/uploads\/2016\/07\/cava5.jpg 920w, https:\/\/www.conselharan.org\/wp-content\/uploads\/2016\/07\/cava5-300x227.jpg 300w, https:\/\/www.conselharan.org\/wp-content\/uploads\/2016\/07\/cava5-768x582.jpg 768w\" sizes=\"(max-width: 920px) 100vw, 920px\" \/><\/p>\n<p>&nbsp;<\/p>\n<p><strong>Jana Ros<\/strong>, va finalitzar 8a en 1.500m, mentre que en 6.000m <strong>Montse Cuixart,<\/strong> va finalitzar 4a i <strong>Harold Pi<\/strong>, 11\u00e8.<\/p>\n<p><img loading=\"lazy\" decoding=\"async\" class=\"aligncenter size-full wp-image-12788\" src=\"http:\/\/www.conselharan.org\/wp-content\/uploads\/2016\/07\/cava2.jpg\" alt=\"cava2\" width=\"960\" height=\"540\" srcset=\"https:\/\/www.conselharan.org\/wp-content\/uploads\/2016\/07\/cava2.jpg 960w, https:\/\/www.conselharan.org\/wp-content\/uploads\/2016\/07\/cava2-300x169.jpg 300w, https:\/\/www.conselharan.org\/wp-content\/uploads\/2016\/07\/cava2-768x432.jpg 768w\" sizes=\"(max-width: 960px) 100vw, 960px\" \/><\/p>\n<p>&nbsp;<\/p>\n<p>La MARNATON Kids, va ser tot un \u00e8xit de participaci\u00f3 amb 70 nens i nenes que van gaudir nedant en el mar.<\/p>\n<p>&nbsp;<\/p>\n<p><img loading=\"lazy\" decoding=\"async\" class=\"aligncenter size-full wp-image-12787\" src=\"http:\/\/www.conselharan.org\/wp-content\/uploads\/2016\/07\/cava1.jpg\" alt=\"cava1\" width=\"960\" height=\"540\" srcset=\"https:\/\/www.conselharan.org\/wp-content\/uploads\/2016\/07\/cava1.jpg 960w, https:\/\/www.conselharan.org\/wp-content\/uploads\/2016\/07\/cava1-300x169.jpg 300w, https:\/\/www.conselharan.org\/wp-content\/uploads\/2016\/07\/cava1-768x432.jpg 768w\" sizes=\"(max-width: 960px) 100vw, 960px\" \/><\/p>\n<p><img loading=\"lazy\" decoding=\"async\" class=\"aligncenter size-full wp-image-12789\" src=\"http:\/\/www.conselharan.org\/wp-content\/uploads\/2016\/07\/cava3.jpg\" alt=\"cava3\" width=\"960\" height=\"540\" srcset=\"https:\/\/www.conselharan.org\/wp-content\/uploads\/2016\/07\/cava3.jpg 960w, https:\/\/www.conselharan.org\/wp-content\/uploads\/2016\/07\/cava3-300x169.jpg 300w, https:\/\/www.conselharan.org\/wp-content\/uploads\/2016\/07\/cava3-768x432.jpg 768w\" sizes=\"(max-width: 960px) 100vw, 960px\" \/><\/p>\n<p><img loading=\"lazy\" decoding=\"async\" class=\"aligncenter size-full wp-image-12790\" src=\"http:\/\/www.conselharan.org\/wp-content\/uploads\/2016\/07\/cava4.jpg\" alt=\"cava4\" width=\"714\" height=\"900\" srcset=\"https:\/\/www.conselharan.org\/wp-content\/uploads\/2016\/07\/cava4.jpg 714w, https:\/\/www.conselharan.org\/wp-content\/uploads\/2016\/07\/cava4-238x300.jpg 238w\" sizes=\"(max-width: 714px) 100vw, 714px\" \/><\/p>\n<p>&nbsp;<\/p>\n<p>A l&#8217;arribada, tots els nedadors van gaudir de la ja tradicional Butifarrada. L&#8217;ocasi\u00f3 perfecta per reposar forces i finalitzar la jornada tots junts.<\/p>\n<p>&nbsp;<\/p>\n<p>&nbsp;<\/p>\n<p>&nbsp;<\/p>\n<p>Vielha, 6 de juliol de 2016<\/p>\n<p>&nbsp;<\/p>\n<p><em>Conselh Generau d&#8217;Aran: N\u00faria Sanjuan<\/em><\/p>\n<p><em>Font i Fotos: CAVA SWIM TEAM i MARNATON<\/em><\/p>\n ","protected":false},"excerpt":{"rendered":"<p>\u2022 M\u00e9s de 700 nedadors van gaudir el passat dissabte, 2 de juliol, de les aig\u00fces cristal\u2022lines i de la gran riquesa marina de la Costa Brava. &nbsp; &nbsp; El passat dissabte, 2 de juliol, va tenir lloc la 5a MARNATON eDreams Sant Feliu de Gu\u00edxols, tercera prova del calendari de reptes en mar obert&#8230;<\/p>\n","protected":false},"author":2,"featured_media":12786,"comment_status":"closed","ping_status":"closed","sticky":false,"template":"","format":"standard","meta":{"footnotes":""},"categories":[33],"tags":[],"_links":{"self":[{"href":"https:\/\/www.conselharan.org\/ca\/wp-json\/wp\/v2\/posts\/12793"}],"collection":[{"href":"https:\/\/www.conselharan.org\/ca\/wp-json\/wp\/v2\/posts"}],"about":[{"href":"https:\/\/www.conselharan.org\/ca\/wp-json\/wp\/v2\/types\/post"}],"author":[{"embeddable":true,"href":"https:\/\/www.conselharan.org\/ca\/wp-json\/wp\/v2\/users\/2"}],"replies":[{"embeddable":true,"href":"https:\/\/www.conselharan.org\/ca\/wp-json\/wp\/v2\/comments?post=12793"}],"version-history":[{"count":1,"href":"https:\/\/www.conselharan.org\/ca\/wp-json\/wp\/v2\/posts\/12793\/revisions"}],"predecessor-version":[{"id":12794,"href":"https:\/\/www.conselharan.org\/ca\/wp-json\/wp\/v2\/posts\/12793\/revisions\/12794"}],"wp:featuredmedia":[{"embeddable":true,"href":"https:\/\/www.conselharan.org\/ca\/wp-json\/wp\/v2\/media\/12786"}],"wp:attachment":[{"href":"https:\/\/www.conselharan.org\/ca\/wp-json\/wp\/v2\/media?parent=12793"}],"wp:term":[{"taxonomy":"category","embeddable":true,"href":"https:\/\/www.conselharan.org\/ca\/wp-json\/wp\/v2\/categories?post=12793"},{"taxonomy":"post_tag","embeddable":true,"href":"https:\/\/www.conselharan.org\/ca\/wp-json\/wp\/v2\/tags?post=12793"}],"curies":[{"name":"wp","href":"https:\/\/api.w.org\/{rel}","templated":true}]}}