{"id":12811,"date":"2016-07-07T18:26:18","date_gmt":"2016-07-07T16:26:18","guid":{"rendered":"http:\/\/www.conselharan.org\/ca\/?p=12811"},"modified":"2016-07-07T18:26:18","modified_gmt":"2016-07-07T16:26:18","slug":"presentat-loperatiu-de-letapa-aranesa-del-tour","status":"publish","type":"post","link":"https:\/\/www.conselharan.org\/ca\/presentat-loperatiu-de-letapa-aranesa-del-tour\/","title":{"rendered":"Presentat l\u2019operatiu de l\u2019etapa aranesa del Tour"},"content":{"rendered":"<p>Vielha, 7 de juliol de 2016.- L\u2019operatiu de la <strong>9\u00e8na etapa del Tour de Fran\u00e7a que sortir\u00e0 de Vielha-Val d\u2019Aran el proper diumenge ales 12h<\/strong>, ha estat presentat aquest mat\u00ed a la seu del Conselh Generau d\u2019Aran.<\/p>\n<p>La presentaci\u00f3 dels diferents dispositius ha anat a c\u00e0rrec de <strong>Lu\u00eds Carlos Medina<\/strong>, vicesindic d\u2019Aran i conselh\u00e8r d\u2019Esports; <strong>Jos\u00e9 Antonio Boya<\/strong>, conselh\u00e8r de Territ\u00f2ri ; i <strong>Anna D\u00edaz<\/strong>, conselh\u00e8ra de Turisme i Desenvolupament Econ\u00f2mic del Conselh Generau d\u2019Aran.<\/p>\n<p><a href=\"http:\/\/www.conselharan.org\/wp-content\/uploads\/2016\/07\/IMG_7595.jpg\"><img loading=\"lazy\" decoding=\"async\" class=\"aligncenter size-large wp-image-12808\" src=\"http:\/\/www.conselharan.org\/wp-content\/uploads\/2016\/07\/IMG_7595-1024x756.jpg\" alt=\"IMG_7595\" width=\"1024\" height=\"756\" srcset=\"https:\/\/www.conselharan.org\/wp-content\/uploads\/2016\/07\/IMG_7595-1024x756.jpg 1024w, https:\/\/www.conselharan.org\/wp-content\/uploads\/2016\/07\/IMG_7595-300x222.jpg 300w, https:\/\/www.conselharan.org\/wp-content\/uploads\/2016\/07\/IMG_7595-768x567.jpg 768w, https:\/\/www.conselharan.org\/wp-content\/uploads\/2016\/07\/IMG_7595.jpg 1200w\" sizes=\"(max-width: 1024px) 100vw, 1024px\" \/><\/a><\/p>\n<p><strong>El Tour de Fran\u00e7a \u00e9s la tercera competici\u00f3 esportiva m\u00e9s seguida arreu del m\u00f3n, despr\u00e8s dels Jocs Ol\u00edmpics d\u2019estiu i del Mundial de futbol, retransmesa a m\u00e9s de 170 pa\u00efsos i amb un gran nombre de seguidors en directe.<\/strong><\/p>\n<p>El vicesindic d\u2019Aran, <strong>Lu\u00eds Carlos Medina<\/strong>, ha valorat molt positivament l\u2019esfor\u00e7 que s\u2019ha fet des de el Conselh Generau d\u2019Aran, amb la implicaci\u00f3 de tots els seus departaments i tamb\u00e9 la col\u00b7laboraci\u00f3 de les diferents institucions araneses per fer realitat aquest projecte, que ha dit, en coneixerem la seva repercussi\u00f3 en els propers anys, com va passar en el seu moment amb el final d\u2019etapa al Pla de Beret de l\u2019edici\u00f3 del Tour del 2006. <strong>\u201cSense el 2006, avui no seriem aqu\u00ed parlant de l\u2019etapa que acollir\u00e0 la Val d\u2019Aran el proper diumenge\u201d<\/strong>, ha dit.<\/p>\n<p>Pel que fa a l\u2019impacte tur\u00edstic i econ\u00f2mic, la conselh\u00e8ra de Turisme, <strong>Anna D\u00edaz<\/strong>, ha assegurat que un dels \u00e8xits d\u2019organitzar l\u2019etapa del Tour a la Val d\u2019Aran, \u00e9s poder <strong>lligar la marca tur\u00edstica Val d\u2019Aran a la del Tour de Fran\u00e7a<\/strong>, amb el que aix\u00f2 representa d\u2019impacte en promoci\u00f3. D\u00edaz, ha volgut destacar que despr\u00e8s de l\u2019esqu\u00ed, l\u2019activitat ciclista \u00e9s un producte estrella per a la Val d\u2019Aran, essent l\u2019activitat m\u00e9s demandada fora de la temporada d\u2019hivern. Fins i tot <strong>hi ha gent que programa les seves vacances en funci\u00f3 de les etapes del Tour de Fran\u00e7a<\/strong>, ha assegurat.<\/p>\n<p>En quant a l\u2019ocupaci\u00f3 hotelera, Diaz ha explicat que per <strong>aquest cap de<\/strong> <strong>setmana la Val d\u2019Aran pot oferir unes 12.000 places<\/strong>, entre hotels i c\u00e0mpings, i que ja estan totes ocupades. Fins i tot a les comarques ve\u00efnes tampoc hi ha places lliures pel cap de setmana del Tour a la Val d\u2019Aran.<\/p>\n<p>En quant a l\u2019operatiu log\u00edstic i de seguretat, <strong>Jos\u00e9 Antonio Boya<\/strong>, ha explicat que l\u2019organitzaci\u00f3 de l\u2019etapa mobilitzar\u00e0 aquest cap de setmana <strong>664 Mossos d\u2019Esquadra<\/strong>, que treballaran de manera coordinada amb els <strong>70 Gendarmes<\/strong> que acompanyen la cursa, a m\u00e9s dels <strong>50 vigilants de seguretat<\/strong> que treballen a les ordres de l\u2019organitzaci\u00f3 del Tour de Fran\u00e7a. Boya, ha explicat que l\u2019organitzaci\u00f3 i els equips de la cursa, ja mobilitzen per ells mateixos, <strong>1.200 vehicles i 2.500 persones<\/strong>.<\/p>\n<p>El Conselh\u00e8r de Territ\u00f2ri, ha volgut agrair la feina feta en col\u00b7laboraci\u00f3 amb l\u2019<strong>Ajuntament de Naut Aran<\/strong>, l\u2019<strong>Ajuntament de Vielha e Mijaran<\/strong>, aix\u00ed com la de la <strong>Diputaci\u00f3 de Lleida, Baqueira Beret<\/strong>, <strong>Ag\u00e8ncia Catalana de Turisme<\/strong>, i la <strong>Secretaria General de l\u2019Esport de la Generalitat de Catalunya.<\/strong><\/p>\n<p>Per Jos\u00e9 Antonio Boya, amb l\u2019etapa del Tour de diumenge, no nom\u00e9s hi guanya la Val d\u2019Aran sin\u00f3 tot el Pirineu, i ha volgut destacar la participaci\u00f3 en l\u2019operatiu dels <strong>Voluntaris d\u2019Aran<\/strong>, sense la participaci\u00f3 dels quals tot hauria estat m\u00e9s dif\u00edcil de tirar endavant, ha dit.<\/p>\n<p>Finalment els tres responsables del Conselh Generau d\u2019Aran, han postat en valor, que <strong>\u201cl\u2019organitzaci\u00f3 d\u2019un esdeveniment esportiu de primer ordre mundial com \u00e9s el Tour de Fran\u00e7a, \u00e9s un gran aparador per mostrar totes les capacitats de la Val d\u2019Aran, tant en l\u2019aspecte tur\u00edstic i organitzatiu, com les capacitats a nivell sanitari, d\u2019emerg\u00e8ncies i empresarial\u201d<\/strong>.<\/p>\n ","protected":false},"excerpt":{"rendered":"<p>Vielha, 7 de juliol de 2016.- L\u2019operatiu de la 9\u00e8na etapa del Tour de Fran\u00e7a que sortir\u00e0 de Vielha-Val d\u2019Aran el proper diumenge ales 12h, ha estat presentat aquest mat\u00ed a la seu del Conselh Generau d\u2019Aran. La presentaci\u00f3 dels diferents dispositius ha anat a c\u00e0rrec de Lu\u00eds Carlos Medina, vicesindic d\u2019Aran i conselh\u00e8r d\u2019Esports;&#8230;<\/p>\n","protected":false},"author":2,"featured_media":12808,"comment_status":"closed","ping_status":"closed","sticky":false,"template":"","format":"standard","meta":{"footnotes":""},"categories":[53,36],"tags":[],"_links":{"self":[{"href":"https:\/\/www.conselharan.org\/ca\/wp-json\/wp\/v2\/posts\/12811"}],"collection":[{"href":"https:\/\/www.conselharan.org\/ca\/wp-json\/wp\/v2\/posts"}],"about":[{"href":"https:\/\/www.conselharan.org\/ca\/wp-json\/wp\/v2\/types\/post"}],"author":[{"embeddable":true,"href":"https:\/\/www.conselharan.org\/ca\/wp-json\/wp\/v2\/users\/2"}],"replies":[{"embeddable":true,"href":"https:\/\/www.conselharan.org\/ca\/wp-json\/wp\/v2\/comments?post=12811"}],"version-history":[{"count":1,"href":"https:\/\/www.conselharan.org\/ca\/wp-json\/wp\/v2\/posts\/12811\/revisions"}],"predecessor-version":[{"id":12812,"href":"https:\/\/www.conselharan.org\/ca\/wp-json\/wp\/v2\/posts\/12811\/revisions\/12812"}],"wp:featuredmedia":[{"embeddable":true,"href":"https:\/\/www.conselharan.org\/ca\/wp-json\/wp\/v2\/media\/12808"}],"wp:attachment":[{"href":"https:\/\/www.conselharan.org\/ca\/wp-json\/wp\/v2\/media?parent=12811"}],"wp:term":[{"taxonomy":"category","embeddable":true,"href":"https:\/\/www.conselharan.org\/ca\/wp-json\/wp\/v2\/categories?post=12811"},{"taxonomy":"post_tag","embeddable":true,"href":"https:\/\/www.conselharan.org\/ca\/wp-json\/wp\/v2\/tags?post=12811"}],"curies":[{"name":"wp","href":"https:\/\/api.w.org\/{rel}","templated":true}]}}