{"id":12820,"date":"2016-07-08T10:42:02","date_gmt":"2016-07-08T08:42:02","guid":{"rendered":"http:\/\/www.conselharan.org\/ca\/?p=12820"},"modified":"2016-07-08T10:50:53","modified_gmt":"2016-07-08T08:50:53","slug":"museus-de-la-val-daran-horaris-estiu-2016","status":"publish","type":"post","link":"https:\/\/www.conselharan.org\/ca\/museus-de-la-val-daran-horaris-estiu-2016\/","title":{"rendered":"Museus de la Val d\u2019Aran. Horaris estiu 2016"},"content":{"rendered":"<p><img loading=\"lazy\" decoding=\"async\" class=\"aligncenter size-full wp-image-12817\" src=\"http:\/\/www.conselharan.org\/wp-content\/uploads\/2016\/07\/sant-miqu\u00e8u.jpg\" alt=\"sant miqu\u00e8u\" width=\"480\" height=\"480\" srcset=\"https:\/\/www.conselharan.org\/wp-content\/uploads\/2016\/07\/sant-miqu\u00e8u.jpg 480w, https:\/\/www.conselharan.org\/wp-content\/uploads\/2016\/07\/sant-miqu\u00e8u-150x150.jpg 150w, https:\/\/www.conselharan.org\/wp-content\/uploads\/2016\/07\/sant-miqu\u00e8u-300x300.jpg 300w, https:\/\/www.conselharan.org\/wp-content\/uploads\/2016\/07\/sant-miqu\u00e8u-270x270.jpg 270w, https:\/\/www.conselharan.org\/wp-content\/uploads\/2016\/07\/sant-miqu\u00e8u-207x207.jpg 207w, https:\/\/www.conselharan.org\/wp-content\/uploads\/2016\/07\/sant-miqu\u00e8u-75x75.jpg 75w\" sizes=\"(max-width: 480px) 100vw, 480px\" \/><\/p>\n<p>&nbsp;<\/p>\n<p>El dilluns, 11 de juliol, comen\u00e7ar\u00e0 la nova temporada cultural d\u2019estiu de Mus\u00e8us dera Val d\u2019Aran 2016 que durar\u00e0 fins el dia 11 de setembre.<\/p>\n<p>Els horaris d\u2019obertura dels diferents museus gestionat per Mus\u00e8us dera Val d\u2019Aran s\u00f3n els seg\u00fcents:<\/p>\n<ul>\n<li><strong>Mus\u00e8u dera Val d\u2019Aran<\/strong>, a Vielha, de dilluns a diumenge de 10h00 a 13h00 i de 17h00 a 20h00.<\/li>\n<\/ul>\n<ul>\n<li><strong>Fabrica dera Lan<\/strong> (llana) tamb\u00e9 a Vielha, amb obertura di\u00e0ria de 17h00 a 20h00.<\/li>\n<\/ul>\n<ul>\n<li><strong>Ecomus\u00e8u \u00c7\u00f2 de Joanchiquet<\/strong>, a Vilam\u00f2s, obert di\u00e0riament d\u201911h00 a 14h00 i de 16h00 a 19h00.<\/li>\n<\/ul>\n<ul>\n<li><strong>Sala d\u2019exposicions temporals de l\u2019esgl\u00e9sia de Sant Joan d\u00b4Arties<\/strong>, oberta de dilluns a dissabte de 17h00 a 21h00 on es pot veure l\u2018exposici\u00f3 Ist\u00f2ria grafica d\u2019Aran.<\/li>\n<\/ul>\n<ul>\n<li><strong>M\u00f2la<\/strong> (mol\u00ed) de Salard\u00fa, obert di\u00e0riament d\u2019 11h00 a 14h00.<\/li>\n<\/ul>\n<ul>\n<li><strong>Mina Vict\u00f2ria<\/strong> a Arres que durant aquest per\u00edode obrir\u00e0 cada dia d\u201911h00 a 15h00.<\/li>\n<\/ul>\n<p>&nbsp;<\/p>\n<p><img loading=\"lazy\" decoding=\"async\" class=\"aligncenter size-full wp-image-12816\" src=\"http:\/\/www.conselharan.org\/wp-content\/uploads\/2016\/07\/minas.jpg\" alt=\"minas\" width=\"1000\" height=\"484\" srcset=\"https:\/\/www.conselharan.org\/wp-content\/uploads\/2016\/07\/minas.jpg 1000w, https:\/\/www.conselharan.org\/wp-content\/uploads\/2016\/07\/minas-300x145.jpg 300w, https:\/\/www.conselharan.org\/wp-content\/uploads\/2016\/07\/minas-768x372.jpg 768w\" sizes=\"(max-width: 1000px) 100vw, 1000px\" \/><\/p>\n<p>&nbsp;<\/p>\n<p>Altres museus que es podran visitar s\u00f3n el <strong>Mus\u00e8u dera Nh\u00e8u<\/strong> (neu) a Unha; el <strong>PyrenMuseu<\/strong> a Salard\u00fa; el museu d\u00b4<strong>Eth Corrau<\/strong> a Bagergue. Com a novetat, enguany a partir del 24 de juliol, tamb\u00e9 es podr\u00e0 visitar el <strong>Petit Mus\u00e8u dera Esc\u00f2la<\/strong>. Els interessats en visitar-lo s\u2019han de dirigir a l\u2019Arxiu Generau d\u2018Aran, a la Casa deth Senhor d\u2019Arr\u00f2s, tel. 973642569.<\/p>\n<p>&nbsp;<\/p>\n<p><img loading=\"lazy\" decoding=\"async\" class=\"aligncenter size-full wp-image-12818\" src=\"http:\/\/www.conselharan.org\/wp-content\/uploads\/2016\/07\/cap-daran.jpg\" alt=\"cap d'aran\" width=\"480\" height=\"480\" srcset=\"https:\/\/www.conselharan.org\/wp-content\/uploads\/2016\/07\/cap-daran.jpg 480w, https:\/\/www.conselharan.org\/wp-content\/uploads\/2016\/07\/cap-daran-150x150.jpg 150w, https:\/\/www.conselharan.org\/wp-content\/uploads\/2016\/07\/cap-daran-300x300.jpg 300w, https:\/\/www.conselharan.org\/wp-content\/uploads\/2016\/07\/cap-daran-270x270.jpg 270w, https:\/\/www.conselharan.org\/wp-content\/uploads\/2016\/07\/cap-daran-207x207.jpg 207w, https:\/\/www.conselharan.org\/wp-content\/uploads\/2016\/07\/cap-daran-75x75.jpg 75w\" sizes=\"(max-width: 480px) 100vw, 480px\" \/><\/p>\n<p>&nbsp;<\/p>\n<p>Per altre costat, la <strong>Rota Romanica d\u00b4Aran<\/strong> que durant aquest mateix per\u00edode permet con\u00e8ixer el ric patrimoni art\u00edstic que conserven les nostres esgl\u00e9sies, tamb\u00e9 ofereix novetats obrint enguany un total de 7 esgl\u00e9sies amb visita guiada, amb la incorporaci\u00f3 de les esgl\u00e9sies d\u2019<strong>Escunhau, Bagergue<\/strong> i<strong> Betren.<\/strong><\/p>\n<p>Els horaris de visita s\u00f3n:<\/p>\n<ul>\n<li><strong>Santa Maria d\u00b4Arties<\/strong>, de dilluns a dissabte visites a les 11h00, 12h00 i 13h00 i a les 17h00, 18h00 i 19h00.<\/li>\n<\/ul>\n<ul>\n<li><strong>Santa Eul\u00e0ria d\u2019Unha<\/strong>, de dilluns a dissabte visites a les 17h00, 18h00 i 19h00 i de dilluns a dimecres visites a les 11h00, 12h00 i 13h00.<\/li>\n<\/ul>\n<ul>\n<li><strong>Santa Maria de Cap d\u2019Aran<\/strong>, a Tred\u00f2s, de dilluns a dissabte visites a les 11h00, 12h00 i 13h00.<\/li>\n<\/ul>\n<ul>\n<li><strong>Sant F\u00e8lix de Vilac<\/strong>, de dilluns a dissabte visites a les 17h00, 18h00 i 19h00.<\/li>\n<\/ul>\n<ul>\n<li><strong>Sant P\u00e8ir d\u2019Escunhau<\/strong>, tots els dijous visites a les 11h00, 12h00 i 13h00.<\/li>\n<\/ul>\n<ul>\n<li><strong>Sant F\u00e8lix de Bagergue<\/strong>, tots els divendres visites a les 11h00, 12h00 i 13h00.<\/li>\n<\/ul>\n<ul>\n<li><strong>Sant Est\u00e8ue de Betren<\/strong>, tots els dissabtes visites a les 11h00, 12h00 i 13h00.<\/li>\n<\/ul>\n<p>Tamb\u00e9 ser\u00e0 possible visitar altres esgl\u00e9sies de notable inter\u00e8s hist\u00f2ric i art\u00edstic, com s\u00f3n la Mair de Diu dera Purificacion de Boss\u00f2st, Sant Miqu\u00e8u de Vielha, Sant Andr\u00e8u de Salard\u00fa, Santa Maria de Vilam\u00f2s, a m\u00e9s de Sant Blas i Sant Joan a Les, que romandran obertes sense servei de guia.<\/p>\n<p>Una altra novetat s\u00f3n les diverses activitats que hem preparat:<\/p>\n<ul>\n<li><strong>\u201cDesvelha es t\u00f2ns sens. Es secrets des plantes medicinaus\u201c<\/strong> (Desvetlla els teus sentits. Els secrets de les plantes medicinals), un taller adre\u00e7at al p\u00fablic familiar que del 18 de juliol fins l\u00b411 de setembre tindr\u00e0 lloc a l\u2018 Ecomus\u00e8u \u00e7\u00f2 de Joanchiquet de Vilam\u00f2s, cada dimarts, de 16h30 a 18h00, i divendres, de 12h00 a 13h00.<\/li>\n<\/ul>\n<ul>\n<li><strong>Visita guiada a l\u00b4Ecomus\u00e8u \u00e7\u00f2 de Joanchiquet de Vilam\u00f2s<\/strong>. Del 18 de juliol a l\u00b411 de setembre tots els dimecres a les 12h00.<\/li>\n<\/ul>\n<ul>\n<li><strong>Val d\u2019Aran en familha<\/strong>, dos jocs de pistes a descobrir per les fam\u00edlies que visitin els nostres museus o les esgl\u00e9sies de la Rota Romanica d\u2019Aran durant la temporada d\u2018estiu.<\/li>\n<\/ul>\n<p>&nbsp;<\/p>\n<p>Com podeu veure una variada i divertida oferta per a fer gaudir als nostres visitants donant-los a con\u00e8ixer el ric patrimoni cultural de la Val d&#8217;Aran.<\/p>\n<p>&nbsp;<\/p>\n<p>M\u00e9s informaci\u00f3:<\/p>\n<p><strong>Mus\u00e8us dera Val d\u2019Aran<\/strong><br \/>\nTel. 973 641 815<br \/>\nC\/ Major, 26<br \/>\n25530 Vielha<br \/>\n<strong><a href=\"mailto:info.museu@aran.org\" target=\"_blank\">info.museu@aran.org<\/a><\/strong><\/p>\n<p>&nbsp;<\/p>\n<p>&nbsp;<\/p>\n<p>Vielha, 8 de juliol de 2016<\/p>\n<p>&nbsp;<\/p>\n<p><em>Conselh Generau d&#8217;Aran: N\u00faria Sanjuan<\/em><\/p>\n<p><em>Font: Mus\u00e8us dera Val d&#8217;Aran<\/em><\/p>\n ","protected":false},"excerpt":{"rendered":"<p>&nbsp; El dilluns, 11 de juliol, comen\u00e7ar\u00e0 la nova temporada cultural d\u2019estiu de Mus\u00e8us dera Val d\u2019Aran 2016 que durar\u00e0 fins el dia 11 de setembre. Els horaris d\u2019obertura dels diferents museus gestionat per Mus\u00e8us dera Val d\u2019Aran s\u00f3n els seg\u00fcents: Mus\u00e8u dera Val d\u2019Aran, a Vielha, de dilluns a diumenge de 10h00 a 13h00&#8230;<\/p>\n","protected":false},"author":2,"featured_media":12817,"comment_status":"closed","ping_status":"closed","sticky":false,"template":"","format":"standard","meta":{"footnotes":""},"categories":[53],"tags":[],"_links":{"self":[{"href":"https:\/\/www.conselharan.org\/ca\/wp-json\/wp\/v2\/posts\/12820"}],"collection":[{"href":"https:\/\/www.conselharan.org\/ca\/wp-json\/wp\/v2\/posts"}],"about":[{"href":"https:\/\/www.conselharan.org\/ca\/wp-json\/wp\/v2\/types\/post"}],"author":[{"embeddable":true,"href":"https:\/\/www.conselharan.org\/ca\/wp-json\/wp\/v2\/users\/2"}],"replies":[{"embeddable":true,"href":"https:\/\/www.conselharan.org\/ca\/wp-json\/wp\/v2\/comments?post=12820"}],"version-history":[{"count":1,"href":"https:\/\/www.conselharan.org\/ca\/wp-json\/wp\/v2\/posts\/12820\/revisions"}],"predecessor-version":[{"id":12821,"href":"https:\/\/www.conselharan.org\/ca\/wp-json\/wp\/v2\/posts\/12820\/revisions\/12821"}],"wp:featuredmedia":[{"embeddable":true,"href":"https:\/\/www.conselharan.org\/ca\/wp-json\/wp\/v2\/media\/12817"}],"wp:attachment":[{"href":"https:\/\/www.conselharan.org\/ca\/wp-json\/wp\/v2\/media?parent=12820"}],"wp:term":[{"taxonomy":"category","embeddable":true,"href":"https:\/\/www.conselharan.org\/ca\/wp-json\/wp\/v2\/categories?post=12820"},{"taxonomy":"post_tag","embeddable":true,"href":"https:\/\/www.conselharan.org\/ca\/wp-json\/wp\/v2\/tags?post=12820"}],"curies":[{"name":"wp","href":"https:\/\/api.w.org\/{rel}","templated":true}]}}