{"id":12840,"date":"2016-07-08T15:24:00","date_gmt":"2016-07-08T13:24:00","guid":{"rendered":"http:\/\/www.conselharan.org\/ca\/?p=12840"},"modified":"2016-07-08T15:27:32","modified_gmt":"2016-07-08T13:27:32","slug":"el-govern-daran-realitza-obres-de-millora-en-el-col%e2%80%a2lector-de-les-per-valor-de-60-000e","status":"publish","type":"post","link":"https:\/\/www.conselharan.org\/ca\/el-govern-daran-realitza-obres-de-millora-en-el-col%e2%80%a2lector-de-les-per-valor-de-60-000e\/","title":{"rendered":"El Gov\u00e8rn d\u2019Aran realitza obres de millora en el col\u2022lector de Les per valor de 60.000\u20ac"},"content":{"rendered":"<p><img loading=\"lazy\" decoding=\"async\" class=\"aligncenter size-large wp-image-12837\" src=\"http:\/\/www.conselharan.org\/wp-content\/uploads\/2016\/07\/collector-Les-1024x614.jpg\" alt=\"collector Les\" width=\"1024\" height=\"614\" srcset=\"https:\/\/www.conselharan.org\/wp-content\/uploads\/2016\/07\/collector-Les-1024x614.jpg 1024w, https:\/\/www.conselharan.org\/wp-content\/uploads\/2016\/07\/collector-Les-300x180.jpg 300w, https:\/\/www.conselharan.org\/wp-content\/uploads\/2016\/07\/collector-Les-768x461.jpg 768w\" sizes=\"(max-width: 1024px) 100vw, 1024px\" \/><\/p>\n<p>&nbsp;<\/p>\n<p>El Conselh Generau d\u2019Aran ha iniciat les obres en el col\u2022lector de Les que consisteixen en la reposici\u00f3 i restauraci\u00f3 del Pas del col\u2022lector de sanejament pel riu Garona a l&#8217;altura de l\u2019 \u201cOstau dera Nh\u00e8u\u201d.<\/p>\n<p>En paraules del sindic d&#8217;Aran, <strong>Carlos Barrera, \u201cel motiu d&#8217;aquesta obra es deu al fet que la riuada de juny del 2013 va deixar un forat d&#8217;importants dimensions, que va generar una situaci\u00f3 perillosa i una paralitzaci\u00f3 permanent dels esports estiuencs en aquest punt de la Val d\u2019Aran\u201d.<\/strong><\/p>\n<p>Tamb\u00e9 s\u2019est\u00e0 construint una escullera inclinada que tindr\u00e0 dues funcions:<\/p>\n<p>1) Contenci\u00f3 del col\u2022lector.<\/p>\n<p>2) Rampa que permetr\u00e0 la connectivitat del pas de les truites i tamb\u00e9 ser\u00e0 un element bastant m\u00e9s segur per a la pr\u00e0ctica del r\u00e0fting en aquest punt, eliminant el salt vertical i la bassa que en aquest moment existeix.<\/p>\n<p>El cost d&#8217;aquesta obra \u00e9s de<strong> 60.000\u20ac<\/strong>, consignats per l&#8217;Ag\u00e8ncia Catalana de l&#8217;Aigua (ACA) perqu\u00e8 el Conselh Generau d\u2019Aran, a trav\u00e9s de l&#8217;empresa explotadora de les depuradores araneses, ISOLUX CORS\u00c1N, executi les obres de millora prioritzades des del Gov\u00e8rn d&#8217;Aran.<\/p>\n<p>El sindic d&#8217;Aran, <strong>Carlos Barrera<\/strong>, ha afegit <strong>\u201camb aquesta actuaci\u00f3 quedar\u00e0 resolta l&#8217;afectaci\u00f3 produ\u00efda per les riuades el 2013 en el sistema de sanejament de les aig\u00fces residuals en Les\u201d<\/strong>.<\/p>\n<p>&nbsp;<\/p>\n<p>&nbsp;<\/p>\n<p>Vielha, 8 de juliol de 2016<\/p>\n<p>&nbsp;<\/p>\n<p><em>Conselh Generau d&#8217;Aran: N\u00faria Sanjuan<\/em><\/p>\n ","protected":false},"excerpt":{"rendered":"<p>&nbsp; El Conselh Generau d\u2019Aran ha iniciat les obres en el col\u2022lector de Les que consisteixen en la reposici\u00f3 i restauraci\u00f3 del Pas del col\u2022lector de sanejament pel riu Garona a l&#8217;altura de l\u2019 \u201cOstau dera Nh\u00e8u\u201d. En paraules del sindic d&#8217;Aran, Carlos Barrera, \u201cel motiu d&#8217;aquesta obra es deu al fet que la riuada&#8230;<\/p>\n","protected":false},"author":2,"featured_media":12837,"comment_status":"closed","ping_status":"closed","sticky":false,"template":"","format":"standard","meta":{"footnotes":""},"categories":[53],"tags":[],"_links":{"self":[{"href":"https:\/\/www.conselharan.org\/ca\/wp-json\/wp\/v2\/posts\/12840"}],"collection":[{"href":"https:\/\/www.conselharan.org\/ca\/wp-json\/wp\/v2\/posts"}],"about":[{"href":"https:\/\/www.conselharan.org\/ca\/wp-json\/wp\/v2\/types\/post"}],"author":[{"embeddable":true,"href":"https:\/\/www.conselharan.org\/ca\/wp-json\/wp\/v2\/users\/2"}],"replies":[{"embeddable":true,"href":"https:\/\/www.conselharan.org\/ca\/wp-json\/wp\/v2\/comments?post=12840"}],"version-history":[{"count":1,"href":"https:\/\/www.conselharan.org\/ca\/wp-json\/wp\/v2\/posts\/12840\/revisions"}],"predecessor-version":[{"id":12841,"href":"https:\/\/www.conselharan.org\/ca\/wp-json\/wp\/v2\/posts\/12840\/revisions\/12841"}],"wp:featuredmedia":[{"embeddable":true,"href":"https:\/\/www.conselharan.org\/ca\/wp-json\/wp\/v2\/media\/12837"}],"wp:attachment":[{"href":"https:\/\/www.conselharan.org\/ca\/wp-json\/wp\/v2\/media?parent=12840"}],"wp:term":[{"taxonomy":"category","embeddable":true,"href":"https:\/\/www.conselharan.org\/ca\/wp-json\/wp\/v2\/categories?post=12840"},{"taxonomy":"post_tag","embeddable":true,"href":"https:\/\/www.conselharan.org\/ca\/wp-json\/wp\/v2\/tags?post=12840"}],"curies":[{"name":"wp","href":"https:\/\/api.w.org\/{rel}","templated":true}]}}