{"id":12889,"date":"2016-07-14T18:01:09","date_gmt":"2016-07-14T16:01:09","guid":{"rendered":"http:\/\/www.conselharan.org\/ca\/?p=12889"},"modified":"2016-07-15T17:38:25","modified_gmt":"2016-07-15T15:38:25","slug":"recepcio-de-la-plantilla-del-rcd-espanyol-b-al-conselh-generau-daran","status":"publish","type":"post","link":"https:\/\/www.conselharan.org\/ca\/recepcio-de-la-plantilla-del-rcd-espanyol-b-al-conselh-generau-daran\/","title":{"rendered":"Recepci\u00f3 de la plantilla del RCD Espanyol B al Conselh Generau d\u2019Aran  \u00a0"},"content":{"rendered":"<p>&nbsp;<\/p>\n<p>Vielha, 14 de juliol de 2016.- La plantilla del <strong>RCD Espanyol B<\/strong> ha estat rebuda al Conselh Generau d\u2019Aran, en motiu del stage de pretemporada que l\u2019equip est\u00e0 fent a la Val d\u2019Aran.<\/p>\n<p>\u00c9s el tercer any consecutiu que l\u2019Espanyol B escull la Val d\u2019Aran per preparar la temporada, on poden gaudir de bones temperatures i condicions per enfrontar la posada a punt per la temporada.<\/p>\n<p><a href=\"http:\/\/www.conselharan.org\/wp-content\/uploads\/2016\/07\/IMG_0753-001.jpg\"><img loading=\"lazy\" decoding=\"async\" class=\"aligncenter size-large wp-image-12885\" src=\"http:\/\/www.conselharan.org\/wp-content\/uploads\/2016\/07\/IMG_0753-001-1024x712.jpg\" alt=\"IMG_0753-001\" width=\"1024\" height=\"712\" srcset=\"https:\/\/www.conselharan.org\/wp-content\/uploads\/2016\/07\/IMG_0753-001-1024x712.jpg 1024w, https:\/\/www.conselharan.org\/wp-content\/uploads\/2016\/07\/IMG_0753-001-300x209.jpg 300w, https:\/\/www.conselharan.org\/wp-content\/uploads\/2016\/07\/IMG_0753-001-768x534.jpg 768w\" sizes=\"(max-width: 1024px) 100vw, 1024px\" \/><\/a><\/p>\n<p>La conselh\u00e8ra de Turisme i Desenvolupament Econ\u00f2mic del Conselh Generau d\u2019Aran, <strong>Anna D\u00edaz<\/strong>, ha explicat <strong>que \u201camb l\u2019estada de pretemporada en terres araneses de la plantilla de l\u2019Espanyol B, es continua acomplint l\u2019objectiu del Gov\u00e8rn d\u2019Aran de convertir la Val d\u2019Aran en un dels millors destins d\u2019acollida d\u2019equips esportius i d\u2019esdeveniments vinculats a l\u2019esport, com ho va ser el passat cap de setmana amb la sortida de la 9\u00ba etapa del Tour de Fran\u00e7a 2016\u201d.<\/strong><\/p>\n<p>Anna D\u00edaz, ha desitjat una bona estada i molts \u00e8xits per la temporada que ara comen\u00e7a a tots els integrants de la plantilla, entrenadors i preparadors.<\/p>\n<p>Per la seva banda, els responsables del RCD Espanyol B han agra\u00eft a David Torres, tinent d&#8217;alcalde de l&#8217;Ajuntament de Naut Aran l&#8217;esfor\u00e7 per mantenir el bon estat de les instal\u00b7lacions i del camp de futbol.<\/p>\n<p>L\u2019Equip del RCD Espanyol B ser\u00e0 a la Val d\u2019Aran, fins el proper diumenge.<\/p>\n<p><a href=\"http:\/\/www.conselharan.org\/wp-content\/uploads\/2016\/07\/IMG_0769.jpg\"><img loading=\"lazy\" decoding=\"async\" class=\"aligncenter size-large wp-image-12886\" src=\"http:\/\/www.conselharan.org\/wp-content\/uploads\/2016\/07\/IMG_0769-1024x631.jpg\" alt=\"IMG_0769\" width=\"1024\" height=\"631\" srcset=\"https:\/\/www.conselharan.org\/wp-content\/uploads\/2016\/07\/IMG_0769-1024x631.jpg 1024w, https:\/\/www.conselharan.org\/wp-content\/uploads\/2016\/07\/IMG_0769-300x185.jpg 300w, https:\/\/www.conselharan.org\/wp-content\/uploads\/2016\/07\/IMG_0769-768x473.jpg 768w\" sizes=\"(max-width: 1024px) 100vw, 1024px\" \/><\/a><\/p>\n ","protected":false},"excerpt":{"rendered":"<p>&nbsp; Vielha, 14 de juliol de 2016.- La plantilla del RCD Espanyol B ha estat rebuda al Conselh Generau d\u2019Aran, en motiu del stage de pretemporada que l\u2019equip est\u00e0 fent a la Val d\u2019Aran. \u00c9s el tercer any consecutiu que l\u2019Espanyol B escull la Val d\u2019Aran per preparar la temporada, on poden gaudir de bones&#8230;<\/p>\n","protected":false},"author":2,"featured_media":12885,"comment_status":"closed","ping_status":"closed","sticky":false,"template":"","format":"standard","meta":{"footnotes":""},"categories":[53],"tags":[],"_links":{"self":[{"href":"https:\/\/www.conselharan.org\/ca\/wp-json\/wp\/v2\/posts\/12889"}],"collection":[{"href":"https:\/\/www.conselharan.org\/ca\/wp-json\/wp\/v2\/posts"}],"about":[{"href":"https:\/\/www.conselharan.org\/ca\/wp-json\/wp\/v2\/types\/post"}],"author":[{"embeddable":true,"href":"https:\/\/www.conselharan.org\/ca\/wp-json\/wp\/v2\/users\/2"}],"replies":[{"embeddable":true,"href":"https:\/\/www.conselharan.org\/ca\/wp-json\/wp\/v2\/comments?post=12889"}],"version-history":[{"count":2,"href":"https:\/\/www.conselharan.org\/ca\/wp-json\/wp\/v2\/posts\/12889\/revisions"}],"predecessor-version":[{"id":12917,"href":"https:\/\/www.conselharan.org\/ca\/wp-json\/wp\/v2\/posts\/12889\/revisions\/12917"}],"wp:featuredmedia":[{"embeddable":true,"href":"https:\/\/www.conselharan.org\/ca\/wp-json\/wp\/v2\/media\/12885"}],"wp:attachment":[{"href":"https:\/\/www.conselharan.org\/ca\/wp-json\/wp\/v2\/media?parent=12889"}],"wp:term":[{"taxonomy":"category","embeddable":true,"href":"https:\/\/www.conselharan.org\/ca\/wp-json\/wp\/v2\/categories?post=12889"},{"taxonomy":"post_tag","embeddable":true,"href":"https:\/\/www.conselharan.org\/ca\/wp-json\/wp\/v2\/tags?post=12889"}],"curies":[{"name":"wp","href":"https:\/\/api.w.org\/{rel}","templated":true}]}}