{"id":12898,"date":"2016-07-15T14:12:23","date_gmt":"2016-07-15T12:12:23","guid":{"rendered":"http:\/\/www.conselharan.org\/ca\/?p=12898"},"modified":"2016-07-15T17:49:23","modified_gmt":"2016-07-15T15:49:23","slug":"treballs-de-condicionament-de-la-ruta-al-tuc-del-montlude-des-de-vilamos","status":"publish","type":"post","link":"https:\/\/www.conselharan.org\/ca\/treballs-de-condicionament-de-la-ruta-al-tuc-del-montlude-des-de-vilamos\/","title":{"rendered":"Treballs de condicionament de la ruta al Tuc del Montlude des de Vilam\u00f2s"},"content":{"rendered":"<p>Vielha, 15 de juliol de 2016.- El <strong>Conselh Generau d\u2019Aran <\/strong>i l\u2019<strong>Ajuntament de Vilam\u00f2s<\/strong>, han comen\u00e7at els treballs de condicionament de la ruta del Tuc del Montlude des de Vilam\u00f2s. L&#8217;Ajuntament de Vilam\u00f2s invertir\u00e0 un total de 4.000 \u20ac en els treballs de desbrossament i marcatge del cam\u00ed, que permetran al Conselh Generau d&#8217;Aran instal\u00b7lar posteriorment els panells de senyalitzaci\u00f3 de la ruta que sortir\u00e0 de Vilam\u00f2s fins al cim del Tuc\u00a0del Montlude.<\/p>\n<p><a href=\"http:\/\/www.conselharan.org\/wp-content\/uploads\/2016\/07\/montlude-1.jpg\"><img loading=\"lazy\" decoding=\"async\" class=\"aligncenter size-large wp-image-12895\" src=\"http:\/\/www.conselharan.org\/wp-content\/uploads\/2016\/07\/montlude-1-1024x768.jpg\" alt=\"montlude 1\" width=\"1024\" height=\"768\" srcset=\"https:\/\/www.conselharan.org\/wp-content\/uploads\/2016\/07\/montlude-1-1024x768.jpg 1024w, https:\/\/www.conselharan.org\/wp-content\/uploads\/2016\/07\/montlude-1-300x225.jpg 300w, https:\/\/www.conselharan.org\/wp-content\/uploads\/2016\/07\/montlude-1-768x576.jpg 768w\" sizes=\"(max-width: 1024px) 100vw, 1024px\" \/><\/a><\/p>\n<p>El Conselh Generau d\u2019Aran, juntament amb els ajuntaments de Les, Boss\u00f2st, Canejan, Arres i Vilam\u00f2s, impulsen aquest projecte per potenciar el Tuc del Montlude de 2.518m, com un referent d\u2019alta muntanya pels ter\u00e7ons de Irissa i Quate L\u00f2cs i optimitzar els seus valors naturals. Aquest fet fa el projecte for\u00e7a atractiu ja que la ruta d\u2019acc\u00e9s i descens pot ser diferent amb final sempre en un dels cinc pobles.<\/p>\n<p>El conselh\u00e8r de Territori, <strong>Jos\u00e9 Antonio Boya<\/strong>, va demanar la implicaci\u00f3 de la resta dels ajuntaments perqu\u00e8 participin, juntament amb el Conselh Generau d\u2019Aran, en la neteja dels camins tradicionals per tal de facilitar l\u2019acc\u00e9s a la ruta des de els pobles respectius.<\/p>\n<p><a href=\"http:\/\/www.conselharan.org\/wp-content\/uploads\/2016\/07\/montlude2.jpg\"><img loading=\"lazy\" decoding=\"async\" class=\"aligncenter size-large wp-image-12896\" src=\"http:\/\/www.conselharan.org\/wp-content\/uploads\/2016\/07\/montlude2-1024x768.jpg\" alt=\"montlude2\" width=\"1024\" height=\"768\" srcset=\"https:\/\/www.conselharan.org\/wp-content\/uploads\/2016\/07\/montlude2-1024x768.jpg 1024w, https:\/\/www.conselharan.org\/wp-content\/uploads\/2016\/07\/montlude2-300x225.jpg 300w, https:\/\/www.conselharan.org\/wp-content\/uploads\/2016\/07\/montlude2-768x576.jpg 768w\" sizes=\"(max-width: 1024px) 100vw, 1024px\" \/><\/a><\/p>\n ","protected":false},"excerpt":{"rendered":"<p>Vielha, 15 de juliol de 2016.- El Conselh Generau d\u2019Aran i l\u2019Ajuntament de Vilam\u00f2s, han comen\u00e7at els treballs de condicionament de la ruta del Tuc del Montlude des de Vilam\u00f2s. L&#8217;Ajuntament de Vilam\u00f2s invertir\u00e0 un total de 4.000 \u20ac en els treballs de desbrossament i marcatge del cam\u00ed, que permetran al Conselh Generau d&#8217;Aran instal\u00b7lar&#8230;<\/p>\n","protected":false},"author":2,"featured_media":12896,"comment_status":"closed","ping_status":"closed","sticky":false,"template":"","format":"standard","meta":{"footnotes":""},"categories":[53],"tags":[],"_links":{"self":[{"href":"https:\/\/www.conselharan.org\/ca\/wp-json\/wp\/v2\/posts\/12898"}],"collection":[{"href":"https:\/\/www.conselharan.org\/ca\/wp-json\/wp\/v2\/posts"}],"about":[{"href":"https:\/\/www.conselharan.org\/ca\/wp-json\/wp\/v2\/types\/post"}],"author":[{"embeddable":true,"href":"https:\/\/www.conselharan.org\/ca\/wp-json\/wp\/v2\/users\/2"}],"replies":[{"embeddable":true,"href":"https:\/\/www.conselharan.org\/ca\/wp-json\/wp\/v2\/comments?post=12898"}],"version-history":[{"count":3,"href":"https:\/\/www.conselharan.org\/ca\/wp-json\/wp\/v2\/posts\/12898\/revisions"}],"predecessor-version":[{"id":12923,"href":"https:\/\/www.conselharan.org\/ca\/wp-json\/wp\/v2\/posts\/12898\/revisions\/12923"}],"wp:featuredmedia":[{"embeddable":true,"href":"https:\/\/www.conselharan.org\/ca\/wp-json\/wp\/v2\/media\/12896"}],"wp:attachment":[{"href":"https:\/\/www.conselharan.org\/ca\/wp-json\/wp\/v2\/media?parent=12898"}],"wp:term":[{"taxonomy":"category","embeddable":true,"href":"https:\/\/www.conselharan.org\/ca\/wp-json\/wp\/v2\/categories?post=12898"},{"taxonomy":"post_tag","embeddable":true,"href":"https:\/\/www.conselharan.org\/ca\/wp-json\/wp\/v2\/tags?post=12898"}],"curies":[{"name":"wp","href":"https:\/\/api.w.org\/{rel}","templated":true}]}}