{"id":12910,"date":"2016-07-15T17:16:05","date_gmt":"2016-07-15T15:16:05","guid":{"rendered":"http:\/\/www.conselharan.org\/ca\/?p=12910"},"modified":"2016-07-15T17:16:05","modified_gmt":"2016-07-15T15:16:05","slug":"memorial-toni-estany-simposium-dodonatologia-a-la-val-daran","status":"publish","type":"post","link":"https:\/\/www.conselharan.org\/ca\/memorial-toni-estany-simposium-dodonatologia-a-la-val-daran\/","title":{"rendered":"Memorial Toni Estany. Simp\u00f2sium d\u2019odonatolog\u00eda a la Val d\u2019Aran"},"content":{"rendered":"<p>Vielha, 15 de juliol de 2016.- Durant tot el cap de setmana tindran lloc a la Val d\u2019Aran les activitats del simp\u00f2sium d\u2019odonatolog\u00eda, memorial Toni Estany, amb un seguit de conferencies i sortides de camp relacionades amb el m\u00f3n de les lib\u00e8l\u00b7lules, que comptar\u00e0 amb la participaci\u00f3 d\u2019especialistes en la mat\u00e8ria.<\/p>\n<p>El simp\u00f2sium comen\u00e7ar\u00e0 divendres i s\u2019allargar\u00e0 fins diumenge al migdia. Les confer\u00e8ncies tindran lloc a era audiovisuau de Vielha i tamb\u00e9 es realitzaran dues sortides de camp a la Bassa d\u2019Oles i al Pla de Beret.<\/p>\n<p><a href=\"http:\/\/www.conselharan.org\/wp-content\/uploads\/2016\/07\/IMG_0800.jpg\"><img loading=\"lazy\" decoding=\"async\" class=\"aligncenter size-large wp-image-12906\" src=\"http:\/\/www.conselharan.org\/wp-content\/uploads\/2016\/07\/IMG_0800-1024x817.jpg\" alt=\"IMG_0800\" width=\"1024\" height=\"817\" srcset=\"https:\/\/www.conselharan.org\/wp-content\/uploads\/2016\/07\/IMG_0800-1024x817.jpg 1024w, https:\/\/www.conselharan.org\/wp-content\/uploads\/2016\/07\/IMG_0800-300x239.jpg 300w, https:\/\/www.conselharan.org\/wp-content\/uploads\/2016\/07\/IMG_0800-768x613.jpg 768w, https:\/\/www.conselharan.org\/wp-content\/uploads\/2016\/07\/IMG_0800.jpg 1600w\" sizes=\"(max-width: 1024px) 100vw, 1024px\" \/><\/a><\/p>\n<p>Durant el simp\u00f2sium es presentar\u00e0 <strong>\u201cl\u2019Atles dels Odonats de Catalunya. 200 anys d\u2019estudi de les lib\u00e8l\u00b7lules\u201d, <\/strong>a c\u00e0rrec de Pere Manuel Luque, bi\u00f2leg i conservador del museu de ci\u00e8ncies naturals de les Terres de L\u2019Ebre, vicepresident de la Instituci\u00f3 Catalana d\u2019Hist\u00f2ria Natural i copresident del grup Oxygastra.<\/p>\n<p>El simp\u00f2sium s\u2019inclou dins les activitats del programa Natura Oculta, la proposta per potenciar el turisme sostenible del Gov\u00e8rn d\u2019Aran i de Turisme Val d\u2019Aran.<\/p>\n<p>El diumenge s\u2019entregaran els premis del <strong>1er Concurs odotanol\u00f2gic de fotografia \u201cMemorial Toni Estany\u201d<\/strong>, que el jurat a atorgat a la fotografia <strong>&#8220;Pictorialismo&#8221;<\/strong> presentada per <strong>Joan Pau Resino Rubio<\/strong>.\u00a0Trobareu tota la informaci\u00f3 sobre el simp\u00f2sium i les confer\u00e8ncies a <a href=\"http:\/\/www.memorialtoniestany.org\">www.memorialtoniestany.org<\/a><\/p>\n<p><a href=\"http:\/\/www.conselharan.org\/wp-content\/uploads\/2016\/07\/IMG_0789.jpg\"><img loading=\"lazy\" decoding=\"async\" class=\"aligncenter size-large wp-image-12904\" src=\"http:\/\/www.conselharan.org\/wp-content\/uploads\/2016\/07\/IMG_0789-1024x768.jpg\" alt=\"IMG_0789\" width=\"1024\" height=\"768\" srcset=\"https:\/\/www.conselharan.org\/wp-content\/uploads\/2016\/07\/IMG_0789-1024x768.jpg 1024w, https:\/\/www.conselharan.org\/wp-content\/uploads\/2016\/07\/IMG_0789-300x225.jpg 300w, https:\/\/www.conselharan.org\/wp-content\/uploads\/2016\/07\/IMG_0789-768x576.jpg 768w\" sizes=\"(max-width: 1024px) 100vw, 1024px\" \/><\/a> <a href=\"http:\/\/www.conselharan.org\/wp-content\/uploads\/2016\/07\/IMG_0797.jpg\"><img loading=\"lazy\" decoding=\"async\" class=\"aligncenter size-large wp-image-12905\" src=\"http:\/\/www.conselharan.org\/wp-content\/uploads\/2016\/07\/IMG_0797-1024x768.jpg\" alt=\"IMG_0797\" width=\"1024\" height=\"768\" srcset=\"https:\/\/www.conselharan.org\/wp-content\/uploads\/2016\/07\/IMG_0797-1024x768.jpg 1024w, https:\/\/www.conselharan.org\/wp-content\/uploads\/2016\/07\/IMG_0797-300x225.jpg 300w, https:\/\/www.conselharan.org\/wp-content\/uploads\/2016\/07\/IMG_0797-768x576.jpg 768w\" sizes=\"(max-width: 1024px) 100vw, 1024px\" \/><\/a><\/p>\n ","protected":false},"excerpt":{"rendered":"<p>Vielha, 15 de juliol de 2016.- Durant tot el cap de setmana tindran lloc a la Val d\u2019Aran les activitats del simp\u00f2sium d\u2019odonatolog\u00eda, memorial Toni Estany, amb un seguit de conferencies i sortides de camp relacionades amb el m\u00f3n de les lib\u00e8l\u00b7lules, que comptar\u00e0 amb la participaci\u00f3 d\u2019especialistes en la mat\u00e8ria. El simp\u00f2sium comen\u00e7ar\u00e0 divendres&#8230;<\/p>\n","protected":false},"author":2,"featured_media":12906,"comment_status":"closed","ping_status":"closed","sticky":false,"template":"","format":"standard","meta":{"footnotes":""},"categories":[33],"tags":[],"_links":{"self":[{"href":"https:\/\/www.conselharan.org\/ca\/wp-json\/wp\/v2\/posts\/12910"}],"collection":[{"href":"https:\/\/www.conselharan.org\/ca\/wp-json\/wp\/v2\/posts"}],"about":[{"href":"https:\/\/www.conselharan.org\/ca\/wp-json\/wp\/v2\/types\/post"}],"author":[{"embeddable":true,"href":"https:\/\/www.conselharan.org\/ca\/wp-json\/wp\/v2\/users\/2"}],"replies":[{"embeddable":true,"href":"https:\/\/www.conselharan.org\/ca\/wp-json\/wp\/v2\/comments?post=12910"}],"version-history":[{"count":1,"href":"https:\/\/www.conselharan.org\/ca\/wp-json\/wp\/v2\/posts\/12910\/revisions"}],"predecessor-version":[{"id":12911,"href":"https:\/\/www.conselharan.org\/ca\/wp-json\/wp\/v2\/posts\/12910\/revisions\/12911"}],"wp:featuredmedia":[{"embeddable":true,"href":"https:\/\/www.conselharan.org\/ca\/wp-json\/wp\/v2\/media\/12906"}],"wp:attachment":[{"href":"https:\/\/www.conselharan.org\/ca\/wp-json\/wp\/v2\/media?parent=12910"}],"wp:term":[{"taxonomy":"category","embeddable":true,"href":"https:\/\/www.conselharan.org\/ca\/wp-json\/wp\/v2\/categories?post=12910"},{"taxonomy":"post_tag","embeddable":true,"href":"https:\/\/www.conselharan.org\/ca\/wp-json\/wp\/v2\/tags?post=12910"}],"curies":[{"name":"wp","href":"https:\/\/api.w.org\/{rel}","templated":true}]}}