{"id":12951,"date":"2016-07-19T19:41:26","date_gmt":"2016-07-19T17:41:26","guid":{"rendered":"http:\/\/www.conselharan.org\/ca\/?p=12951"},"modified":"2016-07-19T19:41:26","modified_gmt":"2016-07-19T17:41:26","slug":"el-govern-daran-aprova-el-pagament-del-75-pendent-de-la-paga-extra-de-lany-2012-al-personal-del-conselh-generau-daran","status":"publish","type":"post","link":"https:\/\/www.conselharan.org\/ca\/el-govern-daran-aprova-el-pagament-del-75-pendent-de-la-paga-extra-de-lany-2012-al-personal-del-conselh-generau-daran\/","title":{"rendered":"El Gov\u00e8rn d\u2019Aran aprova el pagament del 75% pendent de la paga extra de l\u2019any 2012 al personal del Conselh Generau d\u2019Aran"},"content":{"rendered":"<p>Vielha 19 de juliol de 2016.- Un cop acomplertes les exig\u00e8ncies d\u2019Estabilitat Pressupost\u00e0ria; d\u2019amortitzaci\u00f3 de cr\u00e8dits; del per\u00edode mig de pagament a prove\u00efdors inferior a 30 dies, amb l\u2019entrada en vigor del pressupost del \u00a02016, la primera decisi\u00f3 del Conselh de Gov\u00e8rn, amb data d&#8217;avui, ha estat el retorn del 75% de la paga del mes de desembre de 2012 als treballadors del Conselh Generau d\u2019Aran.<\/p>\n<p>El sindic d\u2019Aran, <strong>Carlos Barrera<\/strong> s\u2019ha mostrat satisfet per <strong>\u201cdonar compliment als requisits legals establerts per la legislaci\u00f3, que han perm\u00e8s poder retornar aquesta part tant important de la paga extra del 2012 al personal del Conselh Generau d\u2019Aran\u201d. \u00a0<\/strong><\/p>\n<p>El pagament es realitzar\u00e0 junt amb la n\u00f2mina del mes de juliol de 2016.<\/p>\n ","protected":false},"excerpt":{"rendered":"<p>Vielha 19 de juliol de 2016.- Un cop acomplertes les exig\u00e8ncies d\u2019Estabilitat Pressupost\u00e0ria; d\u2019amortitzaci\u00f3 de cr\u00e8dits; del per\u00edode mig de pagament a prove\u00efdors inferior a 30 dies, amb l\u2019entrada en vigor del pressupost del \u00a02016, la primera decisi\u00f3 del Conselh de Gov\u00e8rn, amb data d&#8217;avui, ha estat el retorn del 75% de la paga del&#8230;<\/p>\n","protected":false},"author":2,"featured_media":12949,"comment_status":"closed","ping_status":"closed","sticky":false,"template":"","format":"standard","meta":{"footnotes":""},"categories":[53],"tags":[],"_links":{"self":[{"href":"https:\/\/www.conselharan.org\/ca\/wp-json\/wp\/v2\/posts\/12951"}],"collection":[{"href":"https:\/\/www.conselharan.org\/ca\/wp-json\/wp\/v2\/posts"}],"about":[{"href":"https:\/\/www.conselharan.org\/ca\/wp-json\/wp\/v2\/types\/post"}],"author":[{"embeddable":true,"href":"https:\/\/www.conselharan.org\/ca\/wp-json\/wp\/v2\/users\/2"}],"replies":[{"embeddable":true,"href":"https:\/\/www.conselharan.org\/ca\/wp-json\/wp\/v2\/comments?post=12951"}],"version-history":[{"count":1,"href":"https:\/\/www.conselharan.org\/ca\/wp-json\/wp\/v2\/posts\/12951\/revisions"}],"predecessor-version":[{"id":12952,"href":"https:\/\/www.conselharan.org\/ca\/wp-json\/wp\/v2\/posts\/12951\/revisions\/12952"}],"wp:featuredmedia":[{"embeddable":true,"href":"https:\/\/www.conselharan.org\/ca\/wp-json\/wp\/v2\/media\/12949"}],"wp:attachment":[{"href":"https:\/\/www.conselharan.org\/ca\/wp-json\/wp\/v2\/media?parent=12951"}],"wp:term":[{"taxonomy":"category","embeddable":true,"href":"https:\/\/www.conselharan.org\/ca\/wp-json\/wp\/v2\/categories?post=12951"},{"taxonomy":"post_tag","embeddable":true,"href":"https:\/\/www.conselharan.org\/ca\/wp-json\/wp\/v2\/tags?post=12951"}],"curies":[{"name":"wp","href":"https:\/\/api.w.org\/{rel}","templated":true}]}}