{"id":12960,"date":"2016-07-21T18:53:21","date_gmt":"2016-07-21T16:53:21","guid":{"rendered":"http:\/\/www.conselharan.org\/ca\/?p=12960"},"modified":"2016-07-21T18:53:21","modified_gmt":"2016-07-21T16:53:21","slug":"letapa-del-tour-a-la-val-daran-genera-un-impacte-economic-de-16-milions-deuros","status":"publish","type":"post","link":"https:\/\/www.conselharan.org\/ca\/letapa-del-tour-a-la-val-daran-genera-un-impacte-economic-de-16-milions-deuros\/","title":{"rendered":"L\u2019etapa del Tour a la Val d\u2019Aran genera un impacte econ\u00f2mic de 1\u20196 milions d\u2019euros"},"content":{"rendered":"<p>Vielha, 21 de juliol de 2016.- La 9\u00aa etapa del Tour de Fran\u00e7a el passat dia 10 de juliol a la Val d\u2019Aran, ha generat un impacte econ\u00f2mic de 1\u20196 milions d\u2019euros, segons l\u2019estudi d\u2019impacte econ\u00f2mic encarregat pel Conselh Generau d\u2019Aran.<\/p>\n<p>El cost de l\u2019organitzaci\u00f3 de l\u2019etapa del Tour va ser de 80.000 euros , als quals s\u2019hi ha d\u2019afegir uns altres 50.000 euros corresponents al servei de seguretat i activitats de promoci\u00f3 que va fer el Conselh Generau d\u2019Aran les setmanes pr\u00e8vies a l\u2019etapa. L\u2019impacte econ\u00f2mic directe ha multiplicat per 12 el cost de la inversi\u00f3 feta per acollir la sortida de l\u2019etapa del Tour.<\/p>\n<p><a href=\"http:\/\/www.conselharan.org\/wp-content\/uploads\/2016\/07\/ATB_0279.jpg\"><img loading=\"lazy\" decoding=\"async\" class=\"aligncenter size-large wp-image-12956\" src=\"http:\/\/www.conselharan.org\/wp-content\/uploads\/2016\/07\/ATB_0279-1024x680.jpg\" alt=\"ATB_0279\" width=\"1024\" height=\"680\" srcset=\"https:\/\/www.conselharan.org\/wp-content\/uploads\/2016\/07\/ATB_0279-1024x680.jpg 1024w, https:\/\/www.conselharan.org\/wp-content\/uploads\/2016\/07\/ATB_0279-300x199.jpg 300w, https:\/\/www.conselharan.org\/wp-content\/uploads\/2016\/07\/ATB_0279-768x510.jpg 768w, https:\/\/www.conselharan.org\/wp-content\/uploads\/2016\/07\/ATB_0279.jpg 2000w\" sizes=\"(max-width: 1024px) 100vw, 1024px\" \/><\/a><\/p>\n<p>La conselh\u00e8ra de Turisme i Desenvolupament Econ\u00f2mic del Gov\u00e8rn d\u2019Aran, <strong>Anna D\u00edaz<\/strong>, ha afirmat que <strong>\u201cl\u2019esfor\u00e7 de la inversi\u00f3 feta ha valgut realment la pena\u201d<\/strong>. D\u00edaz<\/p>\n<p>ha destacat que de l\u2019estudi es despr\u00e8n que <strong>\u201cla despesa en allotjaments durant el cap de setmana del Tour a la Val d\u2019Aran, va ser d\u2019uns 415.000 euros, mentre que en gastronomia i comer\u00e7os es va elevar a 1.175.000 euros. Durant els dies previs i posteriors ala celebraci\u00f3 de l\u2019etapa les places hoteleres obertes van ser un 83%, quan l\u2019any passat en les mateixes dates van ser un 52%. L\u2019ocupaci\u00f3 als hotels va arribar al 95,5%, als c\u00e0mpings un 34%, en cases rurals un 54% . A l\u2019estudi no s\u2019ha comptabilitzat l\u2019impacte de la segona residencia que tamb\u00e9 \u00e9s molt important a tota la Val d\u2019Aran\u201d.<\/strong><\/p>\n<p>Pel que fa a l\u2019impacte medi\u00e0tic, la valoraci\u00f3 de retorn a nivell informatiu de vendre <strong>la marca tur\u00edstica Val<\/strong> <strong>d\u2019Aran<\/strong> en premsa escrita s\u2019estima en 2,3 milions d\u2019euros i a nivell de televisi\u00f3, amb 21,6 milions d\u2019espectadors, en uns 3,7 milions d\u2019euros.<\/p>\n<p>La 9\u00aa etapa del Tour de Fran\u00e7a, tamb\u00e9 ha servit perqu\u00e8 la Val d\u2019Aran augmenti la seva reputaci\u00f3 online, amb m\u00e9s activitat a trav\u00e9s d\u2019internet i a les xarxes socials. Un exemple \u00e9s la p\u00e0gina web corporativa del Conselh Generau d\u2019Aran i la de Foment Torisme Val d\u2019Aran, que ha incrementat aquests dies del pas del Tour i posteriors en un 76,2% el nombre de visites.<\/p>\n<p>Finalment, Anna D\u00edaz ha recordat que no tan sols va ser el fet d\u2019acollir la sortida de l\u2019etapa sin\u00f3 que al darrere hi va haver molta feina pr\u00e8via com la inauguraci\u00f3 a Eth Portilhon del mon\u00f2lit en homenatge als 7 campions espanyols del Tour de Fran\u00e7a, que es va fer el mes de maig, i les presentacions de la sortida de l\u2019etapa a Toulouse i a Barcelona, a m\u00e9s de la pedalada popular que es va organitzar en les dates anteriors al pas de la cursa francesa.<\/p>\n ","protected":false},"excerpt":{"rendered":"<p>Vielha, 21 de juliol de 2016.- La 9\u00aa etapa del Tour de Fran\u00e7a el passat dia 10 de juliol a la Val d\u2019Aran, ha generat un impacte econ\u00f2mic de 1\u20196 milions d\u2019euros, segons l\u2019estudi d\u2019impacte econ\u00f2mic encarregat pel Conselh Generau d\u2019Aran. El cost de l\u2019organitzaci\u00f3 de l\u2019etapa del Tour va ser de 80.000 euros ,&#8230;<\/p>\n","protected":false},"author":2,"featured_media":12956,"comment_status":"closed","ping_status":"closed","sticky":false,"template":"","format":"standard","meta":{"footnotes":""},"categories":[53,36],"tags":[],"_links":{"self":[{"href":"https:\/\/www.conselharan.org\/ca\/wp-json\/wp\/v2\/posts\/12960"}],"collection":[{"href":"https:\/\/www.conselharan.org\/ca\/wp-json\/wp\/v2\/posts"}],"about":[{"href":"https:\/\/www.conselharan.org\/ca\/wp-json\/wp\/v2\/types\/post"}],"author":[{"embeddable":true,"href":"https:\/\/www.conselharan.org\/ca\/wp-json\/wp\/v2\/users\/2"}],"replies":[{"embeddable":true,"href":"https:\/\/www.conselharan.org\/ca\/wp-json\/wp\/v2\/comments?post=12960"}],"version-history":[{"count":1,"href":"https:\/\/www.conselharan.org\/ca\/wp-json\/wp\/v2\/posts\/12960\/revisions"}],"predecessor-version":[{"id":12961,"href":"https:\/\/www.conselharan.org\/ca\/wp-json\/wp\/v2\/posts\/12960\/revisions\/12961"}],"wp:featuredmedia":[{"embeddable":true,"href":"https:\/\/www.conselharan.org\/ca\/wp-json\/wp\/v2\/media\/12956"}],"wp:attachment":[{"href":"https:\/\/www.conselharan.org\/ca\/wp-json\/wp\/v2\/media?parent=12960"}],"wp:term":[{"taxonomy":"category","embeddable":true,"href":"https:\/\/www.conselharan.org\/ca\/wp-json\/wp\/v2\/categories?post=12960"},{"taxonomy":"post_tag","embeddable":true,"href":"https:\/\/www.conselharan.org\/ca\/wp-json\/wp\/v2\/tags?post=12960"}],"curies":[{"name":"wp","href":"https:\/\/api.w.org\/{rel}","templated":true}]}}