{"id":12982,"date":"2016-07-22T18:25:46","date_gmt":"2016-07-22T16:25:46","guid":{"rendered":"http:\/\/www.conselharan.org\/ca\/?p=12982"},"modified":"2016-07-22T18:25:46","modified_gmt":"2016-07-22T16:25:46","slug":"el-conselh-generau-daran-posa-en-marxa-el-pla-pilot-per-a-la-regulacio-de-lacces-motoritzat-a-la-ribera-del-joeu","status":"publish","type":"post","link":"https:\/\/www.conselharan.org\/ca\/el-conselh-generau-daran-posa-en-marxa-el-pla-pilot-per-a-la-regulacio-de-lacces-motoritzat-a-la-ribera-del-joeu\/","title":{"rendered":"El Conselh Generau d\u2019Aran posa en marxa el pla pilot per a la regulaci\u00f3 de l\u2019acc\u00e9s motoritzat a la Ribera del Jo\u00e8u"},"content":{"rendered":"<p>Vielha, 22 de juliol de 2016.- La prova pilot per a la regulaci\u00f3 del acc\u00e9s motoritzat a la Ribera del Jo\u00e8u, comen\u00e7a avui dia <strong>22 de juliol fins al diumenge 11 de setembre<\/strong> i comportar\u00e0 que els darrers 3 km de la pista de l\u2019Artiga de Lin, siguin regulats. Els vehicles que no disposin d\u2019autoritzaci\u00f3 d\u2019acc\u00e9s motoritzat, hauran d\u2019estacionar a la zona d\u2019estada situada just abans de l\u2019ermita de la Mare de Deu de l\u2019Artiga de Lin.<\/p>\n<p>En aquest espai s\u2019hi ha instal\u00b7lat una caseta d\u2019informaci\u00f3 per als visitants, que tamb\u00e9 disposaran d\u2019un fullet\u00f3 d\u2019informaci\u00f3 complement\u00e0ria amb la descripci\u00f3 de l\u2019Artiga de Lin, recomanacions, contacte de guies i rutes. El Conselh Generau d\u2019Aran, ha contractat 3 persones que seran les encarregades d\u2019informar i atendre als visitants.<\/p>\n<p><a href=\"http:\/\/www.conselharan.org\/wp-content\/uploads\/2016\/07\/IMG_1031-1.jpg\"><img loading=\"lazy\" decoding=\"async\" class=\"aligncenter size-large wp-image-12975\" src=\"http:\/\/www.conselharan.org\/wp-content\/uploads\/2016\/07\/IMG_1031-1-1024x813.jpg\" alt=\"IMG_1031\" width=\"1024\" height=\"813\" srcset=\"https:\/\/www.conselharan.org\/wp-content\/uploads\/2016\/07\/IMG_1031-1-1024x813.jpg 1024w, https:\/\/www.conselharan.org\/wp-content\/uploads\/2016\/07\/IMG_1031-1-300x238.jpg 300w, https:\/\/www.conselharan.org\/wp-content\/uploads\/2016\/07\/IMG_1031-1-768x610.jpg 768w\" sizes=\"(max-width: 1024px) 100vw, 1024px\" \/><\/a><\/p>\n<p>L\u2019horari de regulaci\u00f3 ser\u00e0 de 9h del mat\u00ed a 18h. Els taxis del pa\u00eds tindran lliure acc\u00e9s a l\u2019Artiga de Lin, aix\u00ed com la resta de ve\u00efns i ve\u00efnes de la Val d\u2019Aran que paguin l\u2019impost de circulaci\u00f3 dels seus vehicles als ajuntaments de la Val d\u2019Aran.<\/p>\n<p>En aquesta prova pilot, <strong>s\u2019habilita un trenet que sortir\u00e0 des de la mateixa zona d\u2019estada amb servei permanent per a les persones que el vulguin utilitzar. El preu del servei ser\u00e0 de 2 euros per viatge en el cas dels adults i d\u2019un euro per a nens d\u2019edats compreses entre els 3 i els 12 anys. Pels menors de 3 anys el trajecte ser\u00e0 gratu\u00eft.<\/strong><\/p>\n<p>El sindic d\u2019Aran, <strong>Carlos Barrera<\/strong>, ha assenyalat que <strong>\u201cla Val d\u2019Aran destaca per oferir un ampli ventall d\u2019activitats dirigides al turisme familiar. El certificat Biosphere Destination, que atorga la UNESCO i l\u2019Organitzaci\u00f3 Mundial de Turisme, que la Val d\u2019Aran ha estat la primera destinaci\u00f3 de muntanya en obtenir, reconeix el treball que es realitza en favor d\u2019una gesti\u00f3 responsable i sostenible del Turisme, i probes pilot com aquesta contribueixen a preservar espais \u00fanics de la Val d\u2019Aran i a millorar aquesta oferta\u201d.<\/strong><\/p>\n<p>Barrera ha afegit que, les conclusions que se n\u2019extreguin de la prova pilot serviran per les decisions a prendre en un futur. A tal efecte <strong>est\u00e0 previst que es facin enquestes als visitants de l\u2019Artiga de Lin que permetin analitzar en profunditat l\u2019experi\u00e8ncia<\/strong> implantada i garantir la preservaci\u00f3 dels valors naturals que fan d\u2019Aran una destinaci\u00f3 tur\u00edstica de qualitat.<\/p>\n<p><a href=\"http:\/\/www.conselharan.org\/wp-content\/uploads\/2016\/07\/IMG_1167.jpg\"><img loading=\"lazy\" decoding=\"async\" class=\"aligncenter size-large wp-image-12972\" src=\"http:\/\/www.conselharan.org\/wp-content\/uploads\/2016\/07\/IMG_1167-1024x759.jpg\" alt=\"IMG_1167\" width=\"1024\" height=\"759\" srcset=\"https:\/\/www.conselharan.org\/wp-content\/uploads\/2016\/07\/IMG_1167-1024x759.jpg 1024w, https:\/\/www.conselharan.org\/wp-content\/uploads\/2016\/07\/IMG_1167-300x223.jpg 300w, https:\/\/www.conselharan.org\/wp-content\/uploads\/2016\/07\/IMG_1167-768x570.jpg 768w\" sizes=\"(max-width: 1024px) 100vw, 1024px\" \/><\/a> <a href=\"http:\/\/www.conselharan.org\/wp-content\/uploads\/2016\/07\/IMG_1099.jpg\"><img loading=\"lazy\" decoding=\"async\" class=\"aligncenter size-large wp-image-12977\" src=\"http:\/\/www.conselharan.org\/wp-content\/uploads\/2016\/07\/IMG_1099-1024x768.jpg\" alt=\"IMG_1099\" width=\"1024\" height=\"768\" srcset=\"https:\/\/www.conselharan.org\/wp-content\/uploads\/2016\/07\/IMG_1099-1024x768.jpg 1024w, https:\/\/www.conselharan.org\/wp-content\/uploads\/2016\/07\/IMG_1099-300x225.jpg 300w, https:\/\/www.conselharan.org\/wp-content\/uploads\/2016\/07\/IMG_1099-768x576.jpg 768w\" sizes=\"(max-width: 1024px) 100vw, 1024px\" \/><\/a><\/p>\n ","protected":false},"excerpt":{"rendered":"<p>Vielha, 22 de juliol de 2016.- La prova pilot per a la regulaci\u00f3 del acc\u00e9s motoritzat a la Ribera del Jo\u00e8u, comen\u00e7a avui dia 22 de juliol fins al diumenge 11 de setembre i comportar\u00e0 que els darrers 3 km de la pista de l\u2019Artiga de Lin, siguin regulats. Els vehicles que no disposin d\u2019autoritzaci\u00f3&#8230;<\/p>\n","protected":false},"author":2,"featured_media":12973,"comment_status":"closed","ping_status":"closed","sticky":false,"template":"","format":"standard","meta":{"footnotes":""},"categories":[53,36],"tags":[],"_links":{"self":[{"href":"https:\/\/www.conselharan.org\/ca\/wp-json\/wp\/v2\/posts\/12982"}],"collection":[{"href":"https:\/\/www.conselharan.org\/ca\/wp-json\/wp\/v2\/posts"}],"about":[{"href":"https:\/\/www.conselharan.org\/ca\/wp-json\/wp\/v2\/types\/post"}],"author":[{"embeddable":true,"href":"https:\/\/www.conselharan.org\/ca\/wp-json\/wp\/v2\/users\/2"}],"replies":[{"embeddable":true,"href":"https:\/\/www.conselharan.org\/ca\/wp-json\/wp\/v2\/comments?post=12982"}],"version-history":[{"count":2,"href":"https:\/\/www.conselharan.org\/ca\/wp-json\/wp\/v2\/posts\/12982\/revisions"}],"predecessor-version":[{"id":12984,"href":"https:\/\/www.conselharan.org\/ca\/wp-json\/wp\/v2\/posts\/12982\/revisions\/12984"}],"wp:featuredmedia":[{"embeddable":true,"href":"https:\/\/www.conselharan.org\/ca\/wp-json\/wp\/v2\/media\/12973"}],"wp:attachment":[{"href":"https:\/\/www.conselharan.org\/ca\/wp-json\/wp\/v2\/media?parent=12982"}],"wp:term":[{"taxonomy":"category","embeddable":true,"href":"https:\/\/www.conselharan.org\/ca\/wp-json\/wp\/v2\/categories?post=12982"},{"taxonomy":"post_tag","embeddable":true,"href":"https:\/\/www.conselharan.org\/ca\/wp-json\/wp\/v2\/tags?post=12982"}],"curies":[{"name":"wp","href":"https:\/\/api.w.org\/{rel}","templated":true}]}}