{"id":13072,"date":"2016-07-26T15:20:44","date_gmt":"2016-07-26T13:20:44","guid":{"rendered":"http:\/\/www.conselharan.org\/ca\/?p=13072"},"modified":"2016-07-26T15:20:44","modified_gmt":"2016-07-26T13:20:44","slug":"lequip-de-futbol-lleida-esportiu-a-la-val-daran-realitzant-el-seu-stage-de-pretemporada","status":"publish","type":"post","link":"https:\/\/www.conselharan.org\/ca\/lequip-de-futbol-lleida-esportiu-a-la-val-daran-realitzant-el-seu-stage-de-pretemporada\/","title":{"rendered":"L\u2019equip de futbol Lleida Esportiu a la Val d&#8217;Aran realitzant el seu stage de pretemporada"},"content":{"rendered":"<p><img loading=\"lazy\" decoding=\"async\" class=\"aligncenter size-large wp-image-13067\" src=\"http:\/\/www.conselharan.org\/wp-content\/uploads\/2016\/07\/DSC_0442-1024x605.jpg\" alt=\"DSC_0442\" width=\"1024\" height=\"605\" srcset=\"https:\/\/www.conselharan.org\/wp-content\/uploads\/2016\/07\/DSC_0442-1024x605.jpg 1024w, https:\/\/www.conselharan.org\/wp-content\/uploads\/2016\/07\/DSC_0442-300x177.jpg 300w, https:\/\/www.conselharan.org\/wp-content\/uploads\/2016\/07\/DSC_0442-768x454.jpg 768w\" sizes=\"(max-width: 1024px) 100vw, 1024px\" \/><\/p>\n<p>&nbsp;<\/p>\n<p>Avui, el vicesindic d\u2019Aran i conselh\u00e8r d\u2019Esports, <strong>Lu\u00eds Carlos Medina<\/strong>, ha rebut a l&#8217;equip de futbol <strong>LLEIDA ESPORTIU<\/strong>, que es troba a la Val d\u2019Aran realitzant la seva pretemporada fins al divendres, dia 29 de juliol.<\/p>\n<p>&nbsp;<\/p>\n<p><img loading=\"lazy\" decoding=\"async\" class=\"aligncenter size-large wp-image-13068\" src=\"http:\/\/www.conselharan.org\/wp-content\/uploads\/2016\/07\/DSC_0478-1024x685.jpg\" alt=\"DSC_0478\" width=\"1024\" height=\"685\" srcset=\"https:\/\/www.conselharan.org\/wp-content\/uploads\/2016\/07\/DSC_0478-1024x685.jpg 1024w, https:\/\/www.conselharan.org\/wp-content\/uploads\/2016\/07\/DSC_0478-300x201.jpg 300w, https:\/\/www.conselharan.org\/wp-content\/uploads\/2016\/07\/DSC_0478-768x514.jpg 768w\" sizes=\"(max-width: 1024px) 100vw, 1024px\" \/><\/p>\n<p>&nbsp;<\/p>\n<p>El passat diumenge, el LLEIDA ESPORTIU va disputar en el camp de futbol del Naut Aran (Gar\u00f2s) el primer partit amist\u00f3s de pretemporada contra una selecci\u00f3 de la Val d\u2019Aran (0 &#8211; 4).<\/p>\n<p>&nbsp;<\/p>\n<p><img loading=\"lazy\" decoding=\"async\" class=\"aligncenter size-large wp-image-13069\" src=\"http:\/\/www.conselharan.org\/wp-content\/uploads\/2016\/07\/DSC_0437-1024x685.jpg\" alt=\"DSC_0437\" width=\"1024\" height=\"685\" srcset=\"https:\/\/www.conselharan.org\/wp-content\/uploads\/2016\/07\/DSC_0437-1024x685.jpg 1024w, https:\/\/www.conselharan.org\/wp-content\/uploads\/2016\/07\/DSC_0437-300x201.jpg 300w, https:\/\/www.conselharan.org\/wp-content\/uploads\/2016\/07\/DSC_0437-768x514.jpg 768w\" sizes=\"(max-width: 1024px) 100vw, 1024px\" \/><\/p>\n<p>&nbsp;<\/p>\n<p>El t\u00e8cnic blau, <strong>Gustavo Siviero<\/strong>, ha valorat de <strong>molt positiu l\u2019 \u201cstage\u201d a la Val d\u2019Aran per les excel\u2022lents condicions de treball que ofereix<\/strong>.<\/p>\n<p>&nbsp;<\/p>\n<p>&nbsp;<\/p>\n<p>&nbsp;<\/p>\n<p>Vielha, 26 de juliol de 2016<\/p>\n<p>&nbsp;<\/p>\n<p><i>Conselh Generau d&#8217;Aran: N\u00faria Sanjuan<\/i><\/p>\n ","protected":false},"excerpt":{"rendered":"<p>&nbsp; Avui, el vicesindic d\u2019Aran i conselh\u00e8r d\u2019Esports, Lu\u00eds Carlos Medina, ha rebut a l&#8217;equip de futbol LLEIDA ESPORTIU, que es troba a la Val d\u2019Aran realitzant la seva pretemporada fins al divendres, dia 29 de juliol. &nbsp; &nbsp; El passat diumenge, el LLEIDA ESPORTIU va disputar en el camp de futbol del Naut Aran&#8230;<\/p>\n","protected":false},"author":2,"featured_media":13067,"comment_status":"closed","ping_status":"closed","sticky":false,"template":"","format":"standard","meta":{"footnotes":""},"categories":[33],"tags":[],"_links":{"self":[{"href":"https:\/\/www.conselharan.org\/ca\/wp-json\/wp\/v2\/posts\/13072"}],"collection":[{"href":"https:\/\/www.conselharan.org\/ca\/wp-json\/wp\/v2\/posts"}],"about":[{"href":"https:\/\/www.conselharan.org\/ca\/wp-json\/wp\/v2\/types\/post"}],"author":[{"embeddable":true,"href":"https:\/\/www.conselharan.org\/ca\/wp-json\/wp\/v2\/users\/2"}],"replies":[{"embeddable":true,"href":"https:\/\/www.conselharan.org\/ca\/wp-json\/wp\/v2\/comments?post=13072"}],"version-history":[{"count":1,"href":"https:\/\/www.conselharan.org\/ca\/wp-json\/wp\/v2\/posts\/13072\/revisions"}],"predecessor-version":[{"id":13073,"href":"https:\/\/www.conselharan.org\/ca\/wp-json\/wp\/v2\/posts\/13072\/revisions\/13073"}],"wp:featuredmedia":[{"embeddable":true,"href":"https:\/\/www.conselharan.org\/ca\/wp-json\/wp\/v2\/media\/13067"}],"wp:attachment":[{"href":"https:\/\/www.conselharan.org\/ca\/wp-json\/wp\/v2\/media?parent=13072"}],"wp:term":[{"taxonomy":"category","embeddable":true,"href":"https:\/\/www.conselharan.org\/ca\/wp-json\/wp\/v2\/categories?post=13072"},{"taxonomy":"post_tag","embeddable":true,"href":"https:\/\/www.conselharan.org\/ca\/wp-json\/wp\/v2\/tags?post=13072"}],"curies":[{"name":"wp","href":"https:\/\/api.w.org\/{rel}","templated":true}]}}