{"id":13131,"date":"2016-07-27T10:22:39","date_gmt":"2016-07-27T08:22:39","guid":{"rendered":"http:\/\/www.conselharan.org\/ca\/?p=13131"},"modified":"2016-07-27T10:22:39","modified_gmt":"2016-07-27T08:22:39","slug":"xviii-edicio-del-cicle-de-visites-concert-en-la-val-daran-amb-sabor-al-compositor-i-pianista-lleidata-enrique-granados","status":"publish","type":"post","link":"https:\/\/www.conselharan.org\/ca\/xviii-edicio-del-cicle-de-visites-concert-en-la-val-daran-amb-sabor-al-compositor-i-pianista-lleidata-enrique-granados\/","title":{"rendered":"XVIII edici\u00f3 del cicle de visites- concert en la Val d\u2019Aran amb sabor al compositor i pianista lleidat\u00e0 Enrique Granados"},"content":{"rendered":"<p><img loading=\"lazy\" decoding=\"async\" class=\"aligncenter size-large wp-image-13128\" src=\"http:\/\/www.conselharan.org\/wp-content\/uploads\/2016\/07\/Cartell-romanic-musical-2016-ok-724x1024.jpg\" alt=\"Cartell romanic musical 2016 ok\" width=\"724\" height=\"1024\" srcset=\"https:\/\/www.conselharan.org\/wp-content\/uploads\/2016\/07\/Cartell-romanic-musical-2016-ok-724x1024.jpg 724w, https:\/\/www.conselharan.org\/wp-content\/uploads\/2016\/07\/Cartell-romanic-musical-2016-ok-212x300.jpg 212w, https:\/\/www.conselharan.org\/wp-content\/uploads\/2016\/07\/Cartell-romanic-musical-2016-ok-768x1086.jpg 768w\" sizes=\"(max-width: 724px) 100vw, 724px\" \/><\/p>\n<p>&nbsp;<\/p>\n<p>La Val d\u2019Aran acollir\u00e0 durant els mesos de juliol, agost i setembre el cicle de visites- concert <strong>Romanic Musicau<\/strong>. Una f\u00f3rmula que combina explicacions sobre les esgl\u00e9sies rom\u00e0niques de la Val d\u2019Aran amb concerts de m\u00fasica cl\u00e0ssica.<\/p>\n<p>La iniciativa de Foment Torisme Val d\u2019Aran pret\u00e9n apropar als turistes la hist\u00f2ria del seu patrimoni perqu\u00e8 puguin entendre l&#8217;evoluci\u00f3 dels monuments que van lligats a la dels seus costums i tradicions. L&#8217;activitat es distribueix en dues parts, sent la primera un audiovisual, sobre l&#8217;esgl\u00e9sia on es duu a terme el concert, comentat per part de la historiadora,\u00a0<strong>Elisa Ros<\/strong>, experta en rom\u00e0nic aran\u00e8s, per seguir amb el concert de m\u00fasica cl\u00e0ssica.<\/p>\n<p>\u00c9s una activitat gratu\u00efta patrocinada pel <strong>Conselh Generau d\u2019Aran <\/strong>i<strong> Foment Torisme Val d\u2019Aran<\/strong>, amb la col\u2022laboraci\u00f3 de l&#8217;<strong>Institut d\u2019Estudis Ilerdencs <\/strong>i l&#8217;<strong>Arxiprestat dera Val d\u2019Aran<\/strong>, que refor\u00e7a el programa de visites guiades al patrimoni creat pel Conselh Generau d&#8217;Aran.<\/p>\n<p>El programa d&#8217;aquesta edici\u00f3 realitza un recorregut per les esgl\u00e9sies:<\/p>\n<p>Dia 29 de juliol en Era Purificacion de Maria de Boss\u00f2st.<\/p>\n<p>Dia 5 d&#8217;agost a Santa Maria de Cap d\u2019Aran de Tred\u00f2s.<\/p>\n<p>Dia 12 d&#8217;agost en Sant Blas de Les.<\/p>\n<p>Dia 19 d&#8217;agost en Sant Andr\u00e8u de Salard\u00fa.<\/p>\n<p>Dia 26 d&#8217;agost a Santa Maria d&#8217;Arties.<\/p>\n<p>Dia 2 de setembre en Sant Miqu\u00e8u de Vielha.<\/p>\n<p>&nbsp;<\/p>\n<p>M\u00e9s informaci\u00f3:\u00a0<a href=\"http:\/\/www.conselharan.org\/wp-content\/uploads\/2016\/07\/Romanic-Musical-2016-idiomes.pdf\">Romanic Musical 2016 idiomes<\/a><\/p>\n<p>&nbsp;<\/p>\n<p>&nbsp;<\/p>\n<p>&nbsp;<\/p>\n<p>Vielha, 27 de juliol de 2016<\/p>\n<p>&nbsp;<\/p>\n<p><em>Conselh Generau d&#8217;Aran: N\u00faria Sanjuan\u00a0<\/em><\/p>\n ","protected":false},"excerpt":{"rendered":"<p>&nbsp; La Val d\u2019Aran acollir\u00e0 durant els mesos de juliol, agost i setembre el cicle de visites- concert Romanic Musicau. Una f\u00f3rmula que combina explicacions sobre les esgl\u00e9sies rom\u00e0niques de la Val d\u2019Aran amb concerts de m\u00fasica cl\u00e0ssica. La iniciativa de Foment Torisme Val d\u2019Aran pret\u00e9n apropar als turistes la hist\u00f2ria del seu patrimoni perqu\u00e8&#8230;<\/p>\n","protected":false},"author":2,"featured_media":13128,"comment_status":"closed","ping_status":"closed","sticky":false,"template":"","format":"standard","meta":{"footnotes":""},"categories":[53],"tags":[],"_links":{"self":[{"href":"https:\/\/www.conselharan.org\/ca\/wp-json\/wp\/v2\/posts\/13131"}],"collection":[{"href":"https:\/\/www.conselharan.org\/ca\/wp-json\/wp\/v2\/posts"}],"about":[{"href":"https:\/\/www.conselharan.org\/ca\/wp-json\/wp\/v2\/types\/post"}],"author":[{"embeddable":true,"href":"https:\/\/www.conselharan.org\/ca\/wp-json\/wp\/v2\/users\/2"}],"replies":[{"embeddable":true,"href":"https:\/\/www.conselharan.org\/ca\/wp-json\/wp\/v2\/comments?post=13131"}],"version-history":[{"count":1,"href":"https:\/\/www.conselharan.org\/ca\/wp-json\/wp\/v2\/posts\/13131\/revisions"}],"predecessor-version":[{"id":13132,"href":"https:\/\/www.conselharan.org\/ca\/wp-json\/wp\/v2\/posts\/13131\/revisions\/13132"}],"wp:featuredmedia":[{"embeddable":true,"href":"https:\/\/www.conselharan.org\/ca\/wp-json\/wp\/v2\/media\/13128"}],"wp:attachment":[{"href":"https:\/\/www.conselharan.org\/ca\/wp-json\/wp\/v2\/media?parent=13131"}],"wp:term":[{"taxonomy":"category","embeddable":true,"href":"https:\/\/www.conselharan.org\/ca\/wp-json\/wp\/v2\/categories?post=13131"},{"taxonomy":"post_tag","embeddable":true,"href":"https:\/\/www.conselharan.org\/ca\/wp-json\/wp\/v2\/tags?post=13131"}],"curies":[{"name":"wp","href":"https:\/\/api.w.org\/{rel}","templated":true}]}}