{"id":13238,"date":"2016-07-29T09:47:03","date_gmt":"2016-07-29T07:47:03","guid":{"rendered":"http:\/\/www.conselharan.org\/ca\/?p=13238"},"modified":"2016-07-29T09:47:03","modified_gmt":"2016-07-29T07:47:03","slug":"el-govern-de-la-generalitat-impulsa-un-proces-de-debat-amb-el-mon-local-per-establir-les-bases-de-les-futures-lleis-dels-governs-locals","status":"publish","type":"post","link":"https:\/\/www.conselharan.org\/ca\/el-govern-de-la-generalitat-impulsa-un-proces-de-debat-amb-el-mon-local-per-establir-les-bases-de-les-futures-lleis-dels-governs-locals\/","title":{"rendered":"El Govern de la Generalitat impulsa un proc\u00e9s de debat amb el m\u00f3n local per establir les bases de les futures lleis dels governs locals"},"content":{"rendered":"<p><strong>El president de la Generalitat de Catalunya, Carles Puigdemont, acompanyat del vicepresident i conseller d\u2019Economia, Oriol Junqueras, i de la consellera de Governaci\u00f3, Meritxell Borr\u00e0s, va encap\u00e7alar la primera reuni\u00f3 del consell institucional de GovernsLocals.cat<\/strong><\/p>\n<p><strong>El proc\u00e9s de debat servir\u00e0 per definir les bases de l\u2019Administraci\u00f3 local del futur<\/strong><\/p>\n<p>&nbsp;<\/p>\n<p><img loading=\"lazy\" decoding=\"async\" class=\"aligncenter size-large wp-image-13236\" src=\"http:\/\/www.conselharan.org\/wp-content\/uploads\/2016\/07\/Ruben-Moreno-1-1024x510.jpg\" alt=\"Ruben Moreno 1\" width=\"1024\" height=\"510\" srcset=\"https:\/\/www.conselharan.org\/wp-content\/uploads\/2016\/07\/Ruben-Moreno-1-1024x510.jpg 1024w, https:\/\/www.conselharan.org\/wp-content\/uploads\/2016\/07\/Ruben-Moreno-1-300x149.jpg 300w, https:\/\/www.conselharan.org\/wp-content\/uploads\/2016\/07\/Ruben-Moreno-1-768x382.jpg 768w, https:\/\/www.conselharan.org\/wp-content\/uploads\/2016\/07\/Ruben-Moreno-1-640x320.jpg 640w\" sizes=\"(max-width: 1024px) 100vw, 1024px\" \/><\/p>\n<p><em>Foto: Ruben Moreno<\/em><\/p>\n<p>&nbsp;<\/p>\n<p>El Govern de la Generalitat de Catalunya va posar ahir en marxa el proc\u00e9s de debat GovernsLocals.cat que impulsa juntament amb les altres administracions per definir com ha de ser l\u2019Administraci\u00f3 local catalana del futur. El tret de sortida el va donar la primera reuni\u00f3 del Consell Institucional, que es va fer al Parlament de Catalunya, encap\u00e7alada pel president de la Generalitat, <strong>Carles Puigdemont<\/strong>; acompanyat del vicepresident, <strong>Oriol Junqueras<\/strong>, i de la consellera de Governaci\u00f3, Administracions P\u00fabliques i Habitatge, <strong>Meritxell Borr\u00e0s<\/strong>. Tamb\u00e9 van participar el sindic d\u2019Aran, <strong>Carlos Barrera;<\/strong> el primer tinent d\u2019alcalde de l\u2019Ajuntament de Barcelona, <strong>Gerardo Pisarello<\/strong>; la presidenta de la Diputaci\u00f3 de Barcelona, <strong>Merc\u00e8 Conesa<\/strong>; els presidents de les diputacions de Girona, Lleida i Tarragona, <strong>Pere Vila, Joan Re\u00f1\u00e9 <\/strong>i<strong> Josep Poblet<\/strong>, respectivament; el president de l\u2019Associaci\u00f3 Catalana de Municipis, <strong>Miquel Buch<\/strong>; el vicepresident de la Federaci\u00f3 de Municipis de Catalunya, <strong>Josep Salom<\/strong>; i representants dels sis grups parlamentaris.<\/p>\n<p>La consellera <strong>Borr\u00e0s<\/strong> va posar \u00e8mfasi en el fet que &#8220;<strong>per primera vegada&#8221;<\/strong> per elaborar les bases d&#8217;aquesta legislaci\u00f3 es compti amb les veus del m\u00f3n local <strong>\u201cs\u2019inverteixi el proc\u00e9s<\/strong>\u201d i enlloc de presentar els textos directament des del Govern o del Parlament <strong>\u201cs\u2019obri un debat profund en qu\u00e8 des el m\u00f3n local es facin directament les aportacions per dissenyar les administracions locals del segle XXI\u201d.<\/strong><\/p>\n<p><strong>\u201cCal revisar les eines que tenim per donar resposta a la ciutadania i per aix\u00f2 impulsem un debat en profunditat en qu\u00e8 alcaldes i alcaldesses, regidors i regidores del pa\u00eds puguin participar de manera clara i directa\u201d va explicar la titular de Governaci\u00f3, que va remarcar que &#8220;els c\u00e0rrecs electes s\u00f3n els que trepitgen la realitat de governar en l&#8217;\u00e0mbit local i \u00e9s evident que la seva aportaci\u00f3 i experi\u00e8ncia ha de ser clau per bastir les lleis que els afecten&#8221;.<\/strong><\/p>\n<p>&nbsp;<\/p>\n<p><strong>Objectius i participaci\u00f3 de c\u00e0rrecs electes<\/strong><\/p>\n<p>El proc\u00e9s de debat amb el m\u00f3n local t\u00e9 com a objectiu elaborar les bases de les lleis que han de regir el futur dels governs locals de Catalunya. L\u2019ordenaci\u00f3 territorial, l\u2019organitzaci\u00f3 dels governs locals, les relacions intergovernamentals, la nova governan\u00e7a, la innovaci\u00f3 en la gesti\u00f3 p\u00fablica local i les finances locals s\u00f3n els sis \u00e0mbits de treball que es debatran a tots els nivells de l\u2019administraci\u00f3.<\/p>\n<p>Alcaldes, presidents d\u2019entitats municipals descentralitzades i presidents de consells comarcals podran participar presencialment en les sessions de debat al territori, que es faran entre els mesos d&#8217;octubre i novembre. En aquestes sessions es debatr\u00e0 sobre cadascun d\u2019aquests \u00e0mbits i els resultats es faran arribar a la resta de c\u00e0rrecs electes perqu\u00e8, via telem\u00e0tica, puguin fer-hi les aportacions corresponents. Tamb\u00e9 s\u2019establiran diversos processos participatius a nivell municipal i es recolliran opinions a trav\u00e9s del web governslocals.cat, on hi haur\u00e0 eines de debat dels sis \u00e0mbits de treball, a m\u00e9s d\u2019un butllet\u00ed electr\u00f2nic que fomentar\u00e0 la participaci\u00f3 dels electes.<\/p>\n<p>Els documents es coordinaran en un comit\u00e8 t\u00e8cnic format per representats de totes les administracions i se sotmetran a la consideraci\u00f3 d\u2019un grup d\u2019assessors, que podran assistir els equips dels \u00e0mbits de treball i aportar continguts i coneixement, com a experts en la mat\u00e8ria.<\/p>\n<p>El proc\u00e9s de debat finalitzar\u00e0 entre els mesos de gener i febrer del 2017, amb una sessi\u00f3 on s\u2019aportaran els resultats de les sessions territorials i de les aportacions telem\u00e0tiques dels c\u00e0rrecs electes. D\u2019aquesta sessi\u00f3 final en sortir\u00e0 un document que es traslladar\u00e0 al Parlament de Catalunya i que ha de servir com a base per a elaborar les futures lleis dels governs locals.<\/p>\n<p>&nbsp;<\/p>\n<p>&nbsp;<\/p>\n<p>Vielha, 29 de juliol de 2016<\/p>\n<p>&nbsp;<\/p>\n<p><em>Conselh Generau d&#8217;Aran: N\u00faria Sanjuan<\/em><\/p>\n<p><em>Font: Generalitat de Catalunya\/ Governaci\u00f3<\/em><\/p>\n ","protected":false},"excerpt":{"rendered":"<p>El president de la Generalitat de Catalunya, Carles Puigdemont, acompanyat del vicepresident i conseller d\u2019Economia, Oriol Junqueras, i de la consellera de Governaci\u00f3, Meritxell Borr\u00e0s, va encap\u00e7alar la primera reuni\u00f3 del consell institucional de GovernsLocals.cat El proc\u00e9s de debat servir\u00e0 per definir les bases de l\u2019Administraci\u00f3 local del futur &nbsp; Foto: Ruben Moreno &nbsp; El&#8230;<\/p>\n","protected":false},"author":2,"featured_media":13236,"comment_status":"closed","ping_status":"closed","sticky":false,"template":"","format":"standard","meta":{"footnotes":""},"categories":[53],"tags":[],"_links":{"self":[{"href":"https:\/\/www.conselharan.org\/ca\/wp-json\/wp\/v2\/posts\/13238"}],"collection":[{"href":"https:\/\/www.conselharan.org\/ca\/wp-json\/wp\/v2\/posts"}],"about":[{"href":"https:\/\/www.conselharan.org\/ca\/wp-json\/wp\/v2\/types\/post"}],"author":[{"embeddable":true,"href":"https:\/\/www.conselharan.org\/ca\/wp-json\/wp\/v2\/users\/2"}],"replies":[{"embeddable":true,"href":"https:\/\/www.conselharan.org\/ca\/wp-json\/wp\/v2\/comments?post=13238"}],"version-history":[{"count":1,"href":"https:\/\/www.conselharan.org\/ca\/wp-json\/wp\/v2\/posts\/13238\/revisions"}],"predecessor-version":[{"id":13239,"href":"https:\/\/www.conselharan.org\/ca\/wp-json\/wp\/v2\/posts\/13238\/revisions\/13239"}],"wp:featuredmedia":[{"embeddable":true,"href":"https:\/\/www.conselharan.org\/ca\/wp-json\/wp\/v2\/media\/13236"}],"wp:attachment":[{"href":"https:\/\/www.conselharan.org\/ca\/wp-json\/wp\/v2\/media?parent=13238"}],"wp:term":[{"taxonomy":"category","embeddable":true,"href":"https:\/\/www.conselharan.org\/ca\/wp-json\/wp\/v2\/categories?post=13238"},{"taxonomy":"post_tag","embeddable":true,"href":"https:\/\/www.conselharan.org\/ca\/wp-json\/wp\/v2\/tags?post=13238"}],"curies":[{"name":"wp","href":"https:\/\/api.w.org\/{rel}","templated":true}]}}